{"id":144726,"date":"2025-06-01T19:20:09","date_gmt":"2025-06-01T19:20:09","guid":{"rendered":"https:\/\/www.europesays.com\/fr\/144726\/"},"modified":"2025-06-01T19:20:09","modified_gmt":"2025-06-01T19:20:09","slug":"equipe-de-france-les-heros-du-psg-les-battus-de-linter-et-kylian-mbappe-attendus-ce-lundi-a-clairefontaine","status":"publish","type":"post","link":"https:\/\/www.europesays.com\/fr\/144726\/","title":{"rendered":"\u00c9quipe de France\u00a0: les h\u00e9ros du PSG, les battus de l\u2019Inter et Kylian Mbapp\u00e9 attendus ce lundi \u00e0 Clairefontaine"},"content":{"rendered":"<p class=\"paragraph text_align_left\">Loin de l\u2019effervescence parisienne, <a href=\"https:\/\/www.leparisien.fr\/sports\/football\/equipe-de-france\/\" target=\"_blank\" rel=\"noreferrer noopener\">l\u2019\u00e9quipe de France<\/a> continue de se pr\u00e9parer dans la qui\u00e9tude de Clairefontaine. \u00c0 quatre jours de la demi-finale de la Ligue des nations face \u00e0 l\u2019Espagne (jeudi 5 mai \u00e0 21 heures \u00e0 Stuttgart), les Bleus, toujours en comit\u00e9 r\u00e9duit (13 joueurs de champ, 3 gardiens) ont effectu\u00e9 ce dimanche une opposition de deux fois trente minutes avec des \u00e9quipes mix\u00e9es et le renfort de quelques joueurs de l\u2019\u00e9quipe de France espoirs en pr\u00e9paration pour l\u2019Euro de leur cat\u00e9gorie (du 11 au 28 juin en Slovaquie). <\/p>\n<p class=\"lp-f-ui-06 bet-widget_legal-notices lp-color-text-muted lp-mb-07\">LES JEUX D&rsquo;ARGENT ET DE HASARD PEUVENT \u00caTRE DANGEREUX : PERTES D&rsquo;ARGENT, CONFLITS FAMILIAUX, ADDICTION\u2026 RETROUVEZ NOS CONSEILS SUR <a href=\"https:\/\/joueurs-info-service.fr\/\" class=\"lp-color-text-muted\" target=\"_blank\" rel=\"noopener\">JOUEURS-INFO-SERVICE.FR<\/a> (09 74 75 13 13 &#8211; APPEL NON SURTAX\u00c9)<\/p>\n<p class=\"paragraph text_align_left\">Les buts \u00e9taient gard\u00e9s par Brice Samba et Lucas Chevalier. Mike Maignan a, lui, eu droit, \u00e0 une s\u00e9ance sp\u00e9cifique avec l\u2019entra\u00eeneur des gardiens, Franck Raviot. Aucun bobo n\u2019est pour l\u2019instant \u00e0 d\u00e9plorer alors que les joueurs sont en reprise apr\u00e8s quelques jours de coupure.<\/p>\n<p class=\"paragraph text_align_left\">Le groupe qui a d\u00e9but\u00e9 la pr\u00e9paration \u00e0 15 vendredi puis \u00e0 16 le lendemain avec l\u2019arriv\u00e9e de Malo Gusto (Chelsea) sera enfin au complet ce lundi. <a href=\"https:\/\/www.leparisien.fr\/sports\/football\/kylian-mbappe\/\" target=\"_blank\" rel=\"noreferrer noopener\">Kylian Mbapp\u00e9<\/a> et <a href=\"https:\/\/www.leparisien.fr\/sports\/football\/aurelien-tchouameni\/\" target=\"_blank\" rel=\"noreferrer noopener\">Aur\u00e9lien Tchouam\u00e9ni <\/a>qui avaient \u00e9t\u00e9 <a href=\"https:\/\/www.leparisien.fr\/sports\/football\/equipe-de-france\/que-voulez-vous-quon-fasse-deschamps-regrette-les-arrivees-tardives-de-mbappe-et-tchouameni-30-05-2025-IFMZJ7NSNJF7XL3ERZ6H5FCYEU.php\" target=\"_blank\" rel=\"noreferrer noopener\">retenus par le Real Madrid<\/a> arrivent vers midi et pourront donc participer \u00e0 la s\u00e9ance d\u2019entra\u00eenement de l\u2019apr\u00e8s-midi.<\/p>\n<p>\u00ab Didier va nous retrouver en chaises roulantes \u00bb<\/p>\n<p class=\"paragraph text_align_left\">Les sept finalistes de la <a href=\"https:\/\/www.leparisien.fr\/sports\/football\/ligue-des-champions\/\" target=\"_blank\" rel=\"noreferrer noopener\">Ligue des champions<\/a>, Lucas Hernandez, Warren Za\u00efre-Emery, <a href=\"https:\/\/www.leparisien.fr\/sports\/football\/desire-doue\/\" target=\"_blank\" rel=\"noreferrer noopener\">D\u00e9sir\u00e9 Dou\u00e9<\/a>, <a href=\"https:\/\/www.leparisien.fr\/sports\/football\/ousmane-dembele\/\" target=\"_blank\" rel=\"noreferrer noopener\">Ousmane Demb\u00e9l\u00e9<\/a>, <a href=\"https:\/\/www.leparisien.fr\/sports\/football\/bradley-barcola\/\" target=\"_blank\" rel=\"noreferrer noopener\">Bradley Barcola<\/a> (PSG), Benjamin Pavard et Marcus Thuram (Inter Milan) sont, eux attendus, dans la soir\u00e9e, pour le d\u00eener.<\/p>\n<p class=\"paragraph text_align_left\">La question est de savoir dans quel \u00e9tat ils seront, notamment pour les Parisiens, apr\u00e8s un dimanche plac\u00e9 sous le signe des <a href=\"https:\/\/www.leparisien.fr\/sports\/football\/ligue-des-champions\/le-psg-champion-deurope-ousmane-ballon-dor-marquinhos-profite-de-la-parade-pour-soutenir-dembele-01-06-2025-UK5MJ4AJCFFQBLUSU74AEBU3ZU.php\" target=\"_blank\" rel=\"noreferrer noopener\">c\u00e9l\u00e9brations<\/a>.<\/p>\n<p class=\"paragraph text_align_left\">Au micro de M6, quelques minutes apr\u00e8s la victoire contre l\u2019Inter, Ousmane Demb\u00e9l\u00e9 <a href=\"https:\/\/www.leparisien.fr\/sports\/football\/ligue-des-champions\/didier-va-nous-retrouver-bizarrement-apres-le-sacre-du-psg-dembele-promet-une-belle-fete-et-chambre-deschamps-01-06-2025-SURAOFIESFFYDOQS2HKQZACYTE.php\" target=\"_self\" rel=\"noopener\">avait adress\u00e9 une petite plaisanterie \u00e0 son s\u00e9lectionneur :<\/a> \u00ab Lundi, Didier va nous retrouver bizarre. Didier va nous revoir\u2026 mais en chaises roulantes ! \u00bb, a rigol\u00e9 le meilleur buteur de Ligue 1.<\/p>\n<p class=\"paragraph text_align_left\">Didier Deschamps avait \u00e9voqu\u00e9 <a href=\"https:\/\/www.leparisien.fr\/sports\/football\/ligue-des-champions\/je-ne-souhaite-pas-de-malheur-a-marcus-et-benjamin-mais-didier-deschamps-lance-la-finale-psg-inter-30-05-2025-E7W4LDHQJVDB3BOJI7TTZ5D2UQ.php\" target=\"_self\" rel=\"noopener\">le retour des sept finalistes lors de sa conf\u00e9rence de presse vendredi. <\/a>\u00ab Certains vont avoir le sourire, d\u2019autres non, avait-il anticip\u00e9. On va bien faire attention \u00e0 l\u2019aspect physique mais aussi psychologique. C\u2019est plus positif de gagner, mais il faut se remettre apr\u00e8s. \u00c0 titre personnel, je l\u2019ai v\u00e9cu, aussi bien apr\u00e8s une victoire qu\u2019une d\u00e9faite. Je leur laisse deux jours apr\u00e8s la finale. Il faudra \u00eatre capable de switcher, de se remettre dedans et basculer dans ce qui va arriver, c\u2019est-\u00e0-dire ce gros match contre l\u2019Espagne. \u00bb<\/p>\n","protected":false},"excerpt":{"rendered":"Loin de l\u2019effervescence parisienne, l\u2019\u00e9quipe de France continue de se pr\u00e9parer dans la qui\u00e9tude de Clairefontaine. \u00c0 quatre&hellip;\n","protected":false},"author":2,"featured_media":144727,"comment_status":"","ping_status":"","sticky":false,"template":"","format":"standard","meta":{"footnotes":""},"categories":[4],"tags":[11,27345,63,1011,27,12,25,60],"class_list":{"0":"post-144726","1":"post","2":"type-post","3":"status-publish","4":"format-standard","5":"has-post-thumbnail","7":"category-france","8":"tag-actualites","9":"tag-equipe_france_foot","10":"tag-football","11":"tag-fr","12":"tag-france","13":"tag-news","14":"tag-republique-francaise","15":"tag-sports"},"share_on_mastodon":{"url":"https:\/\/pubeurope.com\/@fr\/114609732091863894","error":""},"_links":{"self":[{"href":"https:\/\/www.europesays.com\/fr\/wp-json\/wp\/v2\/posts\/144726","targetHints":{"allow":["GET"]}}],"collection":[{"href":"https:\/\/www.europesays.com\/fr\/wp-json\/wp\/v2\/posts"}],"about":[{"href":"https:\/\/www.europesays.com\/fr\/wp-json\/wp\/v2\/types\/post"}],"author":[{"embeddable":true,"href":"https:\/\/www.europesays.com\/fr\/wp-json\/wp\/v2\/users\/2"}],"replies":[{"embeddable":true,"href":"https:\/\/www.europesays.com\/fr\/wp-json\/wp\/v2\/comments?post=144726"}],"version-history":[{"count":0,"href":"https:\/\/www.europesays.com\/fr\/wp-json\/wp\/v2\/posts\/144726\/revisions"}],"wp:featuredmedia":[{"embeddable":true,"href":"https:\/\/www.europesays.com\/fr\/wp-json\/wp\/v2\/media\/144727"}],"wp:attachment":[{"href":"https:\/\/www.europesays.com\/fr\/wp-json\/wp\/v2\/media?parent=144726"}],"wp:term":[{"taxonomy":"category","embeddable":true,"href":"https:\/\/www.europesays.com\/fr\/wp-json\/wp\/v2\/categories?post=144726"},{"taxonomy":"post_tag","embeddable":true,"href":"https:\/\/www.europesays.com\/fr\/wp-json\/wp\/v2\/tags?post=144726"}],"curies":[{"name":"wp","href":"https:\/\/api.w.org\/{rel}","templated":true}]}}