{"id":144732,"date":"2025-06-01T19:24:08","date_gmt":"2025-06-01T19:24:08","guid":{"rendered":"https:\/\/www.europesays.com\/fr\/144732\/"},"modified":"2025-06-01T19:24:08","modified_gmt":"2025-06-01T19:24:08","slug":"roland-garros-svitolina-pourquoi-je-sers-la-main-de-rybakina-alors-quelle-est-dorigine-russe-et-nee-a-moscou-tout-simplement-parce-quelle-a-change-de-nationalite-il-y-a-des-annees-bien-avan","status":"publish","type":"post","link":"https:\/\/www.europesays.com\/fr\/144732\/","title":{"rendered":"Roland Garros > Svitolina : \u00ab\u00a0Pourquoi je sers la main de Rybakina alors qu&rsquo;elle est d&rsquo;origine russe et n\u00e9e \u00e0 Moscou ? Tout simplement parce qu&rsquo;elle a chang\u00e9 de nationalit\u00e9 il y a des ann\u00e9es, bien avant le d\u00e9but de la guerre et de l&rsquo;invasion\u00a0\u00bb"},"content":{"rendered":"<p>Depuis le d\u00e9but de la guerre entre la Russie et l\u2019Ukraine le 24 f\u00e9vrier 2022, Elina Svitolina et l\u2019en\u00adsemble des athl\u00e8tes ukrai\u00adniens n\u2019ont pas d\u00e9vi\u00e9 de leur d\u00e9ci\u00adsion de ne pas serrer la mains de leurs homo\u00adlogues russes et bi\u00e9lorusses.\u00a0<\/p>\n<p>Interrog\u00e9e \u00e0 ce sujet alors qu\u2019elle aurait pu affronter Elena Rybakina, d\u2019ori\u00adgine russe, n\u00e9e \u00e0 Moscou et natu\u00adra\u00adlis\u00e9e Kazakhstanaise en 2018, en quarts de finale de Roland\u2010Garros, l\u2019ac\u00adtuelle 14e mondiale a clarifi\u00e9 la situation.\u00a0<\/p>\n<p id=\"tw-target-text\"><strong>\u00ab\u202fElle a chang\u00e9 de natio\u00adna\u00adlit\u00e9 il y a des ann\u00e9es, bien avant m\u00eame le d\u00e9but de la guerre et de l\u2019in\u00adva\u00adsion. Rybakina repr\u00e9\u00adsente aujourd\u2019hui le Kazakhstan. Pour moi, Daria Kasatkina est un excellent exemple\u00a0: elle a chang\u00e9 de natio\u00adna\u00adlit\u00e9 (d\u00e9sor\u00admais Australienne) et s\u2019est ouver\u00adte\u00adment oppos\u00e9e \u00e0 la guerre. Alors, bien s\u00fbr, nous (les Ukrainiens) allons lui serrer la main main\u00adte\u00adnant, car elle soutient l\u2019Ukraine, et nous respec\u00adtons ceux qui le font. Elle a non seule\u00adment chang\u00e9 de natio\u00adna\u00adlit\u00e9, mais elle a aussi pris la parole en faveur de l\u2019Ukraine.\u202f\u00bb<\/strong><\/p>\n<p class=\"post-published-date\" style=\"color: silver; font-size: 75%; text-align: left;\">Publi\u00e9 le dimanche 1 juin 2025 \u00e0 19:15<\/p>\n","protected":false},"excerpt":{"rendered":"Depuis le d\u00e9but de la guerre entre la Russie et l\u2019Ukraine le 24 f\u00e9vrier 2022, Elina Svitolina et&hellip;\n","protected":false},"author":2,"featured_media":144733,"comment_status":"","ping_status":"","sticky":false,"template":"","format":"standard","meta":{"footnotes":""},"categories":[1415],"tags":[6903,1011,27,60,12325,1467],"class_list":{"0":"post-144732","1":"post","2":"type-post","3":"status-publish","4":"format-standard","5":"has-post-thumbnail","7":"category-tennis","8":"tag-elena-rybakina","9":"tag-fr","10":"tag-france","11":"tag-sports","12":"tag-svitolina","13":"tag-tennis"},"share_on_mastodon":{"url":"https:\/\/pubeurope.com\/@fr\/114609747610847227","error":""},"_links":{"self":[{"href":"https:\/\/www.europesays.com\/fr\/wp-json\/wp\/v2\/posts\/144732","targetHints":{"allow":["GET"]}}],"collection":[{"href":"https:\/\/www.europesays.com\/fr\/wp-json\/wp\/v2\/posts"}],"about":[{"href":"https:\/\/www.europesays.com\/fr\/wp-json\/wp\/v2\/types\/post"}],"author":[{"embeddable":true,"href":"https:\/\/www.europesays.com\/fr\/wp-json\/wp\/v2\/users\/2"}],"replies":[{"embeddable":true,"href":"https:\/\/www.europesays.com\/fr\/wp-json\/wp\/v2\/comments?post=144732"}],"version-history":[{"count":0,"href":"https:\/\/www.europesays.com\/fr\/wp-json\/wp\/v2\/posts\/144732\/revisions"}],"wp:featuredmedia":[{"embeddable":true,"href":"https:\/\/www.europesays.com\/fr\/wp-json\/wp\/v2\/media\/144733"}],"wp:attachment":[{"href":"https:\/\/www.europesays.com\/fr\/wp-json\/wp\/v2\/media?parent=144732"}],"wp:term":[{"taxonomy":"category","embeddable":true,"href":"https:\/\/www.europesays.com\/fr\/wp-json\/wp\/v2\/categories?post=144732"},{"taxonomy":"post_tag","embeddable":true,"href":"https:\/\/www.europesays.com\/fr\/wp-json\/wp\/v2\/tags?post=144732"}],"curies":[{"name":"wp","href":"https:\/\/api.w.org\/{rel}","templated":true}]}}