{"id":144734,"date":"2025-06-01T19:26:12","date_gmt":"2025-06-01T19:26:12","guid":{"rendered":"https:\/\/www.europesays.com\/fr\/144734\/"},"modified":"2025-06-01T19:26:12","modified_gmt":"2025-06-01T19:26:12","slug":"80-concurrents-et-une-star-de-moto-gp","status":"publish","type":"post","link":"https:\/\/www.europesays.com\/fr\/144734\/","title":{"rendered":"80 concurrents et une star de moto GP"},"content":{"rendered":"<p>            Par<br \/>\n        <strong><br \/>\n            <a href=\"https:\/\/actu.fr\/auteur\/redaction-impartial\" title=\"Consulter tous les articles de R\u00e9daction L&#039;Impartial\" target=\"_blank\" rel=\"noopener\">R\u00e9daction L&rsquo;Impartial<\/a><br \/>\n        <\/strong><\/p>\n<p>        Publi\u00e9 le<\/p>\n<p>            1 juin 2025 \u00e0 20h26        <\/p>\n<p>Cela faisait 20\u00a0ans que le <a href=\"https:\/\/bm-cat.com\/fr\/landing\/global-operator-challenge\/\" target=\"_blank\" rel=\"noopener\">Global Operator Challenge<\/a> n\u2019avait pas \u00e9t\u00e9 organis\u00e9 en <b>France<\/b>. Vendredi 16 et samedi 17 mai 2025, la marque <b>Caterpillar<\/b> et la soci\u00e9t\u00e9 <b>Bergerat Monnoyeur<\/b> s\u2019\u00e9taient install\u00e9es sur le site <a href=\"https:\/\/bm-cat.com\/fr\/landing\/global-operator-challenge\/\" target=\"_blank\" rel=\"noopener\">Stage Location TP<\/a>, situ\u00e9 \u00e0 Saint-Aubin-sur-Gaillon (<a href=\"https:\/\/actu.fr\/l-impartial\/\" target=\"_blank\" rel=\"noopener\">Eure<\/a>) pour le retour de ce <b>concours international de conduite d\u2019engins de chantier<\/b>.<\/p>\n<p>80 concurrents pour d\u00e9crocher une qualification \u00e0 la finale europ\u00e9enne<\/p>\n<p class=\" wall-content\">La comp\u00e9tition qualificative pour la finale europ\u00e9enne du concours a r\u00e9uni 80\u00a0participants venus de toute la France.<\/p>\n<p class=\" wall-content\">\u00ab \u00c7a nous fait plaisir d\u2019accueillir cette comp\u00e9tition de passionn\u00e9s sur notre terrain. C\u2019est aussi l\u2019occasion de f\u00eater les 25 ans du service location avec un bel \u00e9v\u00e8nement \u00bb, appr\u00e9cie Yoann Stage, gestionnaire de la soci\u00e9t\u00e9 de <a href=\"https:\/\/actu.fr\/normandie\/saint-aubin-sur-gaillon_27517\" target=\"_blank\" rel=\"noopener\">Saint-Aubin-sur-Gaillon<\/a>.<\/p>\n<p>    <img   decoding=\"async\" loading=\"lazy\" class=\"size-large\" src=\"https:\/\/www.europesays.com\/fr\/wp-content\/uploads\/2025\/06\/d2fcc6133b286d6fcc6133b28bafccv-960x640.jpg\" alt=\"Yoann Stage\" width=\"960\" height=\"640\"\/><br \/>\n    Yoann Stage, patron de l\u2019entreprise de Saint-Aubin-sur-Gaillon, qui recevait la comp\u00e9tition. \u00a9L\u2019ImpartialTrois \u00e9preuves<br \/>\n    <img   decoding=\"async\" loading=\"lazy\" class=\"size-large\" src=\"https:\/\/www.europesays.com\/fr\/wp-content\/uploads\/2025\/06\/7491d759a92868891d759a9288c91dv-960x640.jpg\" alt=\"L'\u00e9preuve du mini-masters\" width=\"960\" height=\"640\"\/><br \/>\n    L\u2019\u00e9preuve du mini-masters. \u00a9L\u2019Impartial<\/p>\n<p class=\" wall-content\">Les participants se sont affront\u00e9s sur trois \u00e9preuves. D\u2019abord, le Big Dig avec la <b>manipulation d\u2019une pelle hydraulique<\/b>. Puis, le Load &amp; Go qui consiste \u00e0 <b>remplir un camion-benne avec une chargeuse<\/b> sur pneus.<\/p>\n<p>Vid\u00e9os : en ce moment sur Actu<\/p>\n<p class=\" wall-content\">Et enfin le <b>mini-master<\/b>.<\/p>\n<blockquote class=\"ac-article-quote wall-content\">\n<p>\u00ab C\u2019est un slalom. Ensuite, il y a une rang\u00e9e de trois balles sur des c\u00f4nes. Il faut d\u00e9placer les balles d\u2019une rang\u00e9e de c\u00f4nes pour les mettre sur la seconde. Ensuite, il faut reconstituer le logo Caterpillar sur un mod\u00e8le peint sur le sol avec des morceaux de traverses qui sont diss\u00e9min\u00e9s sur le parcours? \u00bb<\/p>\n<p>Gr\u00e9gory Synaeve, d\u00e9monstrateur chez Bergerat Monnoyeur<\/p><\/blockquote>\n<p class=\" wall-content\">Des \u00e9preuves qui n\u00e9cessitent dext\u00e9rit\u00e9, pr\u00e9cision, rapidit\u00e9 et technique. \u00ab Il y a des points de p\u00e9nalit\u00e9 par rapport au port de la s\u00e9curit\u00e9, \u00e0 la descente et \u00e0 la mont\u00e9e en cabine. Il y a aussi des points de p\u00e9nalit\u00e9s croissants quand les balles tombent \u00bb, ajoute le sp\u00e9cialiste.<\/p>\n<p>    <img   decoding=\"async\" loading=\"lazy\" class=\"size-large\" src=\"https:\/\/www.europesays.com\/fr\/wp-content\/uploads\/2025\/06\/16f7142aa92869af7142aa928cef71v-960x640.jpg\" alt=\"L'\u00e9preuve du mini-masters\" width=\"960\" height=\"640\"\/><br \/>\n    L\u2019\u00e9preuve du mini-masters. \u00a9L\u2019ImpartialQuatre locaux en lice<\/p>\n<p class=\" wall-content\">Parmi les concurrents, on retrouvait quatre salari\u00e9s de Stage Location TP : Morgan Deuve, Laurent Reux, Alexis Caillot et Christophe Rault.<\/p>\n<blockquote class=\"ac-article-quote wall-content\">\n<p>\u00ab C\u2019est tr\u00e8s sympa. Cela permet de se tester, de voir ce que l\u2019on vaut. Si en plus, on peut avoir un gagnant parmi nous ce serait vraiment bien. \u00bb<\/p>\n<p>Alexis Caillot, salari\u00e9 de la soci\u00e9t\u00e9 Stage Location TP<\/p><\/blockquote>\n<p>L&rsquo;entreprise Stage en quelques dates<\/p>\n<p>&#8211; 1986 : cr\u00e9ation d&rsquo;une entreprise foresti\u00e8re \u00e0 Bouafles par Christian Stage, l&rsquo;entreprise compte quatre personnes<br \/>&#13;<br \/>\n&#8211; 1999 : achat des premi\u00e8res machines de travaux publics pour nettoyer les d\u00e9g\u00e2ts apr\u00e8s la temp\u00eate<br \/>&#13;<br \/>\n&#8211; 2001 : location de machines avec chauffeur pour les travaux publics<br \/>&#13;<br \/>\n&#8211; 2008 : installation \u00e0 Saint-Aubin-sur-Gaillon, l&rsquo;entreprise compte 15 salari\u00e9s<br \/>&#13;<br \/>\n&#8211; 2017 : lancement de l&rsquo;activit\u00e9 de location de machines Caterpillar moins 15 tonnes sans chauffeur<br \/>&#13;<br \/>\n&#8211; 2021 : droit de Bergerat Monnoyeur de vendre les machines Caterpillar de moins 15 tonnes<br \/>&#13;<br \/>\n&#8211; 2025 : passation entre Christian Stage et son fils Yoann Stage.<br \/>&#13;<br \/>\nL&rsquo;entreprise dispose aujourd&rsquo;hui de 200 petites machines Caterpillar, et 100 grosses machines. Elle emploie 45 salari\u00e9s et rayonne sur une centaine de kilom\u00e8tres.<\/p>\n<p>Voir tout<\/p>\n<p class=\" wall-content\">\u00ab Les op\u00e9rateurs sont les meilleurs ambassadeurs de la marque, ils utilisent tous les jours nos machines. Le Global Operator Tour permet aussi de valoriser leur m\u00e9tier \u00bb, appuie Anne Odling, responsable IMI pour op\u00e9rateur, venue de Suisse pour contr\u00f4ler la conformit\u00e9 de l\u2019organisation. \u00ab Ils ont mis en place toutes nos recommandations, le site est magnifique. La s\u00e9curit\u00e9 a bien \u00e9t\u00e9 prise en compte. \u00bb<\/p>\n<p>    <img   decoding=\"async\" loading=\"lazy\" class=\"size-large\" src=\"https:\/\/www.europesays.com\/fr\/wp-content\/uploads\/2025\/06\/0d3ed913a9286314ed913a928154edv-960x640.jpg\" alt=\"Suisse\" width=\"960\" height=\"640\"\/><br \/>\n    Anne Odling, responsable IMI pour op\u00e9rateur, venu de Suisse, au centre. \u00a9L\u2019ImpartialJack Miller signe des autographes<br \/>\n    <img   decoding=\"async\" loading=\"lazy\" class=\"size-large\" src=\"https:\/\/www.europesays.com\/fr\/wp-content\/uploads\/2025\/06\/286fae11ad286479fae11ad2883afav-960x640.jpg\" alt=\"Jack Miller, pilote de moto-GP et ambassadeur de la marque Caterpillar, a fait un bref passage \u00e0 Saint-Aubin-sur-Gaillon \u00e0 l'occasion du Global operator Challenge.\" width=\"960\" height=\"640\"\/><br \/>\n    Jack Miller, pilote de moto-GP a fait un bref passage \u00e0 Saint-Aubin-sur-Gaillon (Eure) \u00e0 l\u2019occasion du Global operator Challenge. \u00a9Caterpillar<\/p>\n<p class=\" wall-content\">Une surprise de taille avait m\u00eame \u00e9t\u00e9 r\u00e9serv\u00e9e aux op\u00e9rateurs : la pr\u00e9sence de Jack Miller, pilote australien de moto-GP.<\/p>\n<p class=\" wall-content\">Le sportif, ambassadeur de la marque Cat\u00ae qui venait de participer au Grand Prix de France, a fait escale \u00e0 Saint-Aubin-sur-Gaillon pour signer quelques autographes.<\/p>\n<p class=\" wall-content\">Dans une interview, il se disait aussi passionn\u00e9 par les engins de chantier que par les courses de moto.<\/p>\n<p>La finale \u00e0 Las Vegas<br \/>\n    <img   decoding=\"async\" loading=\"lazy\" class=\"size-large\" src=\"https:\/\/www.europesays.com\/fr\/wp-content\/uploads\/2025\/06\/99eaa904c93868deaa904c93851faav-960x640.jpeg\" alt=\"David Sarr de DSATP, gagnant du Global Operator Challenge.\" width=\"960\" height=\"640\"\/><br \/>\n    David Sarr de DSATP, gagnant du Global Operator Challenge. \u00a9Bergerat Monnoyeur<\/p>\n<p class=\" wall-content\">Apr\u00e8s deux jours de comp\u00e9titions, les r\u00e9sultats ont \u00e9t\u00e9 annonc\u00e9s. David Sarr de DSATP a remport\u00e9 le troph\u00e9e. Il empoche aussi son pr\u00e9cieux s\u00e9same pour la finale europ\u00e9enne qui aura lieu \u00e0 Malaga, en <b>Espagne<\/b>. Le gagnant de la finale europ\u00e9enne rejoindra <b>Las Vegas<\/b> pour la finale mondiale.<\/p>\n<p class=\" wall-content\">Alexis Caillot, qui jouait \u00e0 domicile, monte sur la deuxi\u00e8me marche. Une belle fiert\u00e9 pour l\u2019entreprise qui a accueilli l\u2019\u00e9v\u00e8nement.<\/p>\n<p>    <img   decoding=\"async\" loading=\"lazy\" class=\"size-large\" src=\"https:\/\/www.europesays.com\/fr\/wp-content\/uploads\/2025\/06\/6aaa2c4999286aeaa2c49992892ba2v-960x640.jpg\" alt=\"Le contr\u00f4le des \u00e9preuves\" width=\"960\" height=\"640\"\/><br \/>\n    Le contr\u00f4le des \u00e9preuves. \u00a9L\u2019Impartial<\/p>\n<p class=\" wall-content\">Suivez toute l\u2019actualit\u00e9 de vos villes et m\u00e9dias favoris en vous inscrivant \u00e0 <a href=\"https:\/\/moncompte.actu.fr\" title=\"D\u00e9couvez Mon Actu\" rel=\"nofollow noopener\" data-trk=\"{&quot;cta&quot;:{&quot;action&quot;:&quot;https:\\\/\\\/moncompte.actu.fr&quot;,&quot;category&quot;:&quot;mon compte&quot;,&quot;from&quot;:&quot;article footer&quot;,&quot;name&quot;:&quot;Mon actu&quot;,&quot;type&quot;:&quot;cta&quot;}}\" target=\"_blank\">Mon Actu<\/a>.<\/p>\n<ul class=\"ac-article-tag wall-content\">\n<li><a href=\"https:\/\/actu.fr\/tag\/agglomeration-seine-eure\" data-trk=\"{&quot;cta&quot;:{&quot;action&quot;:&quot;Agglom\\u00e9ration Seine-Eure&quot;,&quot;category&quot;:&quot;tag&quot;,&quot;from&quot;:&quot;article footer&quot;,&quot;name&quot;:&quot;Agglom\\u00e9ration Seine-Eure&quot;,&quot;type&quot;:&quot;cta&quot;}}\" target=\"_blank\" rel=\"noopener\">#Agglom\u00e9ration Seine-Eure<\/a><\/li>\n<li><a href=\"https:\/\/actu.fr\/tag\/insolite\" data-trk=\"{&quot;cta&quot;:{&quot;action&quot;:&quot;Insolite&quot;,&quot;category&quot;:&quot;tag&quot;,&quot;from&quot;:&quot;article footer&quot;,&quot;name&quot;:&quot;Insolite&quot;,&quot;type&quot;:&quot;cta&quot;}}\" target=\"_blank\" rel=\"noopener\">#Insolite<\/a><\/li>\n<\/ul>\n","protected":false},"excerpt":{"rendered":"Par R\u00e9daction L&rsquo;Impartial Publi\u00e9 le 1 juin 2025 \u00e0 20h26 Cela faisait 20\u00a0ans que le Global Operator Challenge&hellip;\n","protected":false},"author":2,"featured_media":144735,"comment_status":"","ping_status":"","sticky":false,"template":"","format":"standard","meta":{"footnotes":""},"categories":[1413],"tags":[16293,1011,27,1757,1457,1456,60],"class_list":{"0":"post-144734","1":"post","2":"type-post","3":"status-publish","4":"format-standard","5":"has-post-thumbnail","7":"category-moto","8":"tag-agglomeration-seine-eure","9":"tag-fr","10":"tag-france","11":"tag-insolite","12":"tag-moto","13":"tag-motocycle","14":"tag-sports"},"share_on_mastodon":{"url":"https:\/\/pubeurope.com\/@fr\/114609755681018231","error":""},"_links":{"self":[{"href":"https:\/\/www.europesays.com\/fr\/wp-json\/wp\/v2\/posts\/144734","targetHints":{"allow":["GET"]}}],"collection":[{"href":"https:\/\/www.europesays.com\/fr\/wp-json\/wp\/v2\/posts"}],"about":[{"href":"https:\/\/www.europesays.com\/fr\/wp-json\/wp\/v2\/types\/post"}],"author":[{"embeddable":true,"href":"https:\/\/www.europesays.com\/fr\/wp-json\/wp\/v2\/users\/2"}],"replies":[{"embeddable":true,"href":"https:\/\/www.europesays.com\/fr\/wp-json\/wp\/v2\/comments?post=144734"}],"version-history":[{"count":0,"href":"https:\/\/www.europesays.com\/fr\/wp-json\/wp\/v2\/posts\/144734\/revisions"}],"wp:featuredmedia":[{"embeddable":true,"href":"https:\/\/www.europesays.com\/fr\/wp-json\/wp\/v2\/media\/144735"}],"wp:attachment":[{"href":"https:\/\/www.europesays.com\/fr\/wp-json\/wp\/v2\/media?parent=144734"}],"wp:term":[{"taxonomy":"category","embeddable":true,"href":"https:\/\/www.europesays.com\/fr\/wp-json\/wp\/v2\/categories?post=144734"},{"taxonomy":"post_tag","embeddable":true,"href":"https:\/\/www.europesays.com\/fr\/wp-json\/wp\/v2\/tags?post=144734"}],"curies":[{"name":"wp","href":"https:\/\/api.w.org\/{rel}","templated":true}]}}