{"id":144737,"date":"2025-06-01T19:28:09","date_gmt":"2025-06-01T19:28:09","guid":{"rendered":"https:\/\/www.europesays.com\/fr\/144737\/"},"modified":"2025-06-01T19:28:09","modified_gmt":"2025-06-01T19:28:09","slug":"giro-tour-ditalie-mads-pedersen-on-a-remporte-6-etapes-le-ciclamen-cest-fou","status":"publish","type":"post","link":"https:\/\/www.europesays.com\/fr\/144737\/","title":{"rendered":"Giro. Tour d&rsquo;Italie &#8211; Mads Pedersen : \u00abOn a remport\u00e9 6 \u00e9tapes, le Ciclamen&#8230; c&rsquo;est fou\u00bb"},"content":{"rendered":"<p>Vainqueur de trois \u00e9tapes et laur\u00e9at du maillot Ciclamen, <strong>Mads Pedersen<\/strong> (Lidl-Trek) a \u00e9t\u00e9 l\u2019un des grands animateurs de ce <strong>Giro 2025.<\/strong> Au terme de trois semaines intenses, le Danois de la formation <strong>Lidl-Trek<\/strong> dresse un bilan tr\u00e8s positif de son <strong><a href=\"https:\/\/www.cyclismactu.net\/..\/news-giro-route-tour-d-italie-simon-yates-vraiment-un-moment-important-dans-ma-carriere-88179.html\" target=\"_blank\" rel=\"nofollow noopener\">Tour d\u2019Italie<\/a><\/strong>, qu\u2019il a v\u00e9cu avec un plaisir palpable, loin de la pression \u00e9touffante du <strong>Tour de France<\/strong>. Toujours combatif, mais prudent lors du sprint final \u00e0 Rome, il se satisfait pleinement de son parcours et savoure le moment avec le sourire.<\/p>\n<p>Vid\u00e9o &#8211; Mads Pedersen, maillot ciclamen de la 1\u00e8re \u00e0 la 21e \u00e9tape Lire la suite de l&rsquo;article&#13;<\/p>\n<p>\u00a0<\/p>\n<p>&#13;<br \/>\n\u00ab\u00a0Le Tour, c&rsquo;est vraiment stressant&#8230;\u00a0\u00bb&#13;<\/p>\n<p>\u00ab\u00a0On\u00a0ne peut pas dire qu\u2019on a v\u00e9cu le meilleur moment de notre vie, mais on a vraiment pass\u00e9 de tr\u00e8s bons moments. On a remport\u00e9 six \u00e9tapes et le maillot Ciclamen, c\u2019est incroyable. Peu d\u2019\u00e9quipes peuvent se vanter d\u2019avoir accompli cela. Pour nous, c\u2019est compl\u00e8tement fou d\u2019avoir r\u00e9ussi \u00e7a.\u00a0C\u2019est le genre de jour o\u00f9 je n\u2019avais pas envie de risquer quoi que ce soit pour gagner. Mais je me suis retrouv\u00e9 en bonne position dans le dernier virage. Honn\u00eatement, je n\u2019avais pas les jambes pour passer Kooij au sprint, ni m\u00eame pour lancer le sprint moi-m\u00eame\u00a0\u00bb, explique-t-il.<\/p>\n<p>&#13;<\/p>\n<p>Il compare ensuite ce <strong>Giro <\/strong>\u00e0 la pression du <strong>Tour<\/strong> : \u00ab\u00a0J\u2019ai toujours aim\u00e9 les courses comme celle-ci, le Giro et la Vuelta. Le Tour, c\u2019est vraiment stressant, \u00e7a demande beaucoup d\u2019attention, et il y a \u00e9norm\u00e9ment de pression \u2014 pas seulement de notre part, mais aussi de la direction, des sponsors, etc. Ici, on a un peu plus de libert\u00e9, on peut jouer avec la course. Et puis, on a eu de la chance : d\u00e8s les quatre ou cinq premiers jours, on avait d\u00e9j\u00e0 trois victoires. \u00c9videmment, \u00e7a aide \u00e0 courir plus librement, \u00e0 tenter des choses. J\u2019ai vraiment ador\u00e9 cette course.\u00a0\u00bb<\/p>\n<p>Tour d&rsquo;Italie &#8211; Classement de la 21\u00e8 \u00e9tape <\/p>\n","protected":false},"excerpt":{"rendered":"Vainqueur de trois \u00e9tapes et laur\u00e9at du maillot Ciclamen, Mads Pedersen (Lidl-Trek) a \u00e9t\u00e9 l\u2019un des grands animateurs&hellip;\n","protected":false},"author":2,"featured_media":144738,"comment_status":"","ping_status":"","sticky":false,"template":"","format":"standard","meta":{"footnotes":""},"categories":[1411],"tags":[1154,207,1011,27,209,60,3318,208],"class_list":{"0":"post-144737","1":"post","2":"type-post","3":"status-publish","4":"format-standard","5":"has-post-thumbnail","7":"category-cyclisme","8":"tag-cycling","9":"tag-cyclisme","10":"tag-fr","11":"tag-france","12":"tag-route","13":"tag-sports","14":"tag-tour-d","15":"tag-velo"},"share_on_mastodon":{"url":"https:\/\/pubeurope.com\/@fr\/114609763368712227","error":""},"_links":{"self":[{"href":"https:\/\/www.europesays.com\/fr\/wp-json\/wp\/v2\/posts\/144737","targetHints":{"allow":["GET"]}}],"collection":[{"href":"https:\/\/www.europesays.com\/fr\/wp-json\/wp\/v2\/posts"}],"about":[{"href":"https:\/\/www.europesays.com\/fr\/wp-json\/wp\/v2\/types\/post"}],"author":[{"embeddable":true,"href":"https:\/\/www.europesays.com\/fr\/wp-json\/wp\/v2\/users\/2"}],"replies":[{"embeddable":true,"href":"https:\/\/www.europesays.com\/fr\/wp-json\/wp\/v2\/comments?post=144737"}],"version-history":[{"count":0,"href":"https:\/\/www.europesays.com\/fr\/wp-json\/wp\/v2\/posts\/144737\/revisions"}],"wp:featuredmedia":[{"embeddable":true,"href":"https:\/\/www.europesays.com\/fr\/wp-json\/wp\/v2\/media\/144738"}],"wp:attachment":[{"href":"https:\/\/www.europesays.com\/fr\/wp-json\/wp\/v2\/media?parent=144737"}],"wp:term":[{"taxonomy":"category","embeddable":true,"href":"https:\/\/www.europesays.com\/fr\/wp-json\/wp\/v2\/categories?post=144737"},{"taxonomy":"post_tag","embeddable":true,"href":"https:\/\/www.europesays.com\/fr\/wp-json\/wp\/v2\/tags?post=144737"}],"curies":[{"name":"wp","href":"https:\/\/api.w.org\/{rel}","templated":true}]}}