{"id":144741,"date":"2025-06-01T19:30:12","date_gmt":"2025-06-01T19:30:12","guid":{"rendered":"https:\/\/www.europesays.com\/fr\/144741\/"},"modified":"2025-06-01T19:30:12","modified_gmt":"2025-06-01T19:30:12","slug":"lyna-khoudri-et-karim-benzema-apres-leur-officialisation-a-cannes-lactrice-devoile-une-premiere-photo-deux-en-couple","status":"publish","type":"post","link":"https:\/\/www.europesays.com\/fr\/144741\/","title":{"rendered":"Lyna Khoudri et Karim Benzema : apr\u00e8s leur officialisation \u00e0 Cannes, l\u2019actrice d\u00e9voile une premi\u00e8re photo d\u2019eux en couple"},"content":{"rendered":"<p>Le Festival de Cannes ne sert pas seulement \u00e0 pr\u00e9senter les<br \/>\nnouvelles p\u00e9pites cin\u00e9matographiques de l&rsquo;ann\u00e9e \u00e0 l&rsquo;avenir. Il est<br \/>\naussi (et parfois surtout) l&rsquo;occasion pour les stars de faire des<br \/>\nr\u00e9v\u00e9lations. Sous les flashs des projecteurs, en dehors de leurs<br \/>\nlooks extravagants, ils d\u00e9voilent aussi parfois leurs amours<br \/>\nnaissants. C&rsquo;\u00e9tait le cas de <strong>Lyna Khoudri et Karim<br \/>\nBenzema<\/strong>. Lors d&rsquo;une des mont\u00e9es des marches de la 78\u00e8me<br \/>\n\u00e9dition du Festival de Cannes, l&rsquo;actrice et le footballeur sont<br \/>\narriv\u00e9s main dans la main.<\/p>\n<p>Cette formalisation avait d\u00e9cha\u00een\u00e9 les foules ! Pourtant, apr\u00e8s<br \/>\n\u00e7a, l&rsquo;un et l&rsquo;autre \u00e9taient rest\u00e9s plut\u00f4t silencieux. Ils n&rsquo;avaient<br \/>\npas pris la parole sur leurs r\u00e9seaux sociaux pour en dire plus sur<br \/>\nleur amour. Mais, dimanche 1er juin, <a href=\"https:\/\/www.closermag.fr\/evenement\/festival_de_cannes\/cannes-2025-lyna-khoudri-dans-un-look-tres-jackie-kennedy-la-compagne-de-karim-benzema-exhibe-ses-jolies-jambes-3548326\" target=\"_blank\" rel=\"noopener\"><br \/>\nLyna Khoudri<\/a> est (enfin) revenue vers ses fans. Sur son compte<br \/>\nInstagram, celle qui s&rsquo;est fait conna\u00eetre en 2019 dans<br \/>\nPapicha a partag\u00e9 <strong>un panorama de photos souvenirs,<br \/>\ndont l&rsquo;une est particuli\u00e8rement romantique.\u00a0<\/strong><\/p>\n<p>Lyna Khoudri et Karim Benzema : premi\u00e8re photo d&rsquo;amoureux<\/p>\n<p>Selfie sur <strong>la Croisette avec Roschdy Zem<\/strong>,<br \/>\nphotocall ultra glamour avec l&rsquo;\u00e9quipe du film Les aigles de la<br \/>\nR\u00e9publique, de Tarik Saleh, tenues chiquissimes en rafale,<br \/>\nphotos dans l&rsquo;ascenseur, r\u00e9veil dans une chambre d&rsquo;h\u00f4tel avec vue<br \/>\nsur la mer, f\u00eates avec des VIP, s\u00e9ances photos en tenue (tr\u00e8s tr\u00e8s)<br \/>\nhabill\u00e9es&#8230; L&rsquo;actrice de 32 ans a partag\u00e9 avec beaucoup de<br \/>\ng\u00e9n\u00e9rosit\u00e9 son aventure Cannoise.<\/p>\n<p>Mais ce que les internautes ont surtout comment\u00e9 est la derni\u00e8re<br \/>\nphoto. Sur celle-ci, on voit <a href=\"https:\/\/www.closermag.fr\/article-live\/en-direct-cannes-2025-suivez-la-montee-des-marches-du-23-mai\" target=\"_blank\" rel=\"noopener\"><br \/>\nKarim Benzema<\/a> <strong>tenir Lyna Khoudri par la taille, de dos,<br \/>\nsur le tapis rouge<\/strong>. L&rsquo;actrice l&rsquo;enlace aussi, et<br \/>\n<strong>ce romantique souvenir d&rsquo;officialisation en a fait<br \/>\nfr\u00e9tiller plus d&rsquo;un.<\/strong> En commentaire, on peut lire de<br \/>\nnombreux voeux de bonheur. \u00ab\u00a0Le meilleur pour la fin ! Tout le<br \/>\nbonheur \u00e0 vous deux !\u00a0\u00bb, a notamment \u00e9crit l&rsquo;un d&rsquo;eux.<\/p>\n<blockquote class=\"instagram-media\" style=\"background: #ffffff;border: 0;margin: 1px;width: 100%;padding: 0;max-width: 500px;\" data-instgrm-permalink=\"https:\/\/www.instagram.com\/p\/DKU8Z6dodT0\/?hl=fr&amp;img_index=20\" data-instgrm-version=\"14\"\/><p>\nLe couple oblig\u00e9 d&rsquo;officialiser ?<\/p>\n<p>Depuis un moment d\u00e9j\u00e0, des <a href=\"https:\/\/www.closermag.fr\/people\/karim-benzema-et-lyna-khoudri-en-couple-la-raison-de-leur-officialisation-cannoise-devoilee-par-un-proche-3549912\" target=\"_blank\" rel=\"noopener\"><br \/>\nrumeurs courraient<\/a> sur l&rsquo;idylle entre les tourtereaux. C&rsquo;est<br \/>\nd&rsquo;ailleurs en partie ce qui les avait pouss\u00e9 \u00e0 se d\u00e9voiler. Dans<br \/>\nles colonnes de nos confr\u00e8res de Voici, une source proche<br \/>\nexpliquait que <strong>cette mise \u00e0 nu d\u00e9coulait d&rsquo;une attention<br \/>\npersistante sur les r\u00e9seaux sociaux.<\/strong><\/p>\n<p>\u00ab\u00a0Il likait ses publications sur les r\u00e9seaux sociaux, ce qui<br \/>\nn\u2019avait pas manqu\u00e9 de susciter de nombreuses sp\u00e9culations. C\u2019est<br \/>\nnotamment pour \u00e7a\u00a0<strong>qu\u2019ils ont d\u00e9cid\u00e9<br \/>\nd\u2019officialiser\u00a0\u00bb<\/strong>, expliquait cette derni\u00e8re.<\/p>\n<p><script async src=\"\/\/www.instagram.com\/embed.js\"><\/script><\/p>\n","protected":false},"excerpt":{"rendered":"Le Festival de Cannes ne sert pas seulement \u00e0 pr\u00e9senter les nouvelles p\u00e9pites cin\u00e9matographiques de l&rsquo;ann\u00e9e \u00e0 l&rsquo;avenir.&hellip;\n","protected":false},"author":2,"featured_media":144742,"comment_status":"","ping_status":"","sticky":false,"template":"","format":"standard","meta":{"footnotes":""},"categories":[1359],"tags":[548,58,59,1011,27,24748,24654,973],"class_list":{"0":"post-144741","1":"post","2":"type-post","3":"status-publish","4":"format-standard","5":"has-post-thumbnail","7":"category-people","8":"tag-article-simple","9":"tag-divertissement","10":"tag-entertainment","11":"tag-fr","12":"tag-france","13":"tag-karim-benzema","14":"tag-lyna-khoudri","15":"tag-people"},"share_on_mastodon":{"url":"https:\/\/pubeurope.com\/@fr\/114609771201657909","error":""},"_links":{"self":[{"href":"https:\/\/www.europesays.com\/fr\/wp-json\/wp\/v2\/posts\/144741","targetHints":{"allow":["GET"]}}],"collection":[{"href":"https:\/\/www.europesays.com\/fr\/wp-json\/wp\/v2\/posts"}],"about":[{"href":"https:\/\/www.europesays.com\/fr\/wp-json\/wp\/v2\/types\/post"}],"author":[{"embeddable":true,"href":"https:\/\/www.europesays.com\/fr\/wp-json\/wp\/v2\/users\/2"}],"replies":[{"embeddable":true,"href":"https:\/\/www.europesays.com\/fr\/wp-json\/wp\/v2\/comments?post=144741"}],"version-history":[{"count":0,"href":"https:\/\/www.europesays.com\/fr\/wp-json\/wp\/v2\/posts\/144741\/revisions"}],"wp:featuredmedia":[{"embeddable":true,"href":"https:\/\/www.europesays.com\/fr\/wp-json\/wp\/v2\/media\/144742"}],"wp:attachment":[{"href":"https:\/\/www.europesays.com\/fr\/wp-json\/wp\/v2\/media?parent=144741"}],"wp:term":[{"taxonomy":"category","embeddable":true,"href":"https:\/\/www.europesays.com\/fr\/wp-json\/wp\/v2\/categories?post=144741"},{"taxonomy":"post_tag","embeddable":true,"href":"https:\/\/www.europesays.com\/fr\/wp-json\/wp\/v2\/tags?post=144741"}],"curies":[{"name":"wp","href":"https:\/\/api.w.org\/{rel}","templated":true}]}}