{"id":144743,"date":"2025-06-01T19:31:10","date_gmt":"2025-06-01T19:31:10","guid":{"rendered":"https:\/\/www.europesays.com\/fr\/144743\/"},"modified":"2025-06-01T19:31:10","modified_gmt":"2025-06-01T19:31:10","slug":"cest-quoi-ces-trois-fresques-sur-les-murs-du-cinema","status":"publish","type":"post","link":"https:\/\/www.europesays.com\/fr\/144743\/","title":{"rendered":"c&rsquo;est quoi ces trois fresques sur les murs du cin\u00e9ma\u00a0?"},"content":{"rendered":"<p>            Par<br \/>\n        <strong><br \/>\n            <a href=\"https:\/\/actu.fr\/auteur\/journaliste-lachronique\" title=\"Consulter tous les articles de R\u00e9daction Foug\u00e8res\" rel=\"nofollow noopener\" target=\"_blank\">R\u00e9daction Foug\u00e8res<\/a><br \/>\n        <\/strong><\/p>\n<p>        Publi\u00e9 le<\/p>\n<p>            1 juin 2025 \u00e0 14h56        <\/p>\n<p><b>Georges Franju<\/b>, r\u00e9alisateur de <b>cin\u00e9ma,<\/b> est n\u00e9 \u00e0 <a href=\"https:\/\/actu.fr\/la-chronique-republicaine\/\" rel=\"nofollow noopener\" target=\"_blank\">Foug\u00e8res<\/a> <b>(Ille-et-Vilaine) <\/b>le 12 avril 1912 et d\u00e9c\u00e9d\u00e9 \u00e0 Paris le 5 novembre 1987.<\/p>\n<p class=\" wall-content\">Rien ne pr\u00e9destinait ce Fougerais \u00e0 faire une carri\u00e8re artistique. Il a d\u00e9marr\u00e9 dans la vie en exer\u00e7ant divers m\u00e9tiers, employ\u00e9 dans les assurances, cloueur de caisses, d\u00e9corateur de th\u00e9\u00e2tre\u2026 Apr\u00e8s son service militaire il trouve un emploi dans une imprimerie et fait la connaissance d\u2019Henri Langlois. Leur passion commune pour le cin\u00e9ma les pousse \u00e0 tourner ensemble leur premier court m\u00e9trage (le M\u00e9tro) en 1934. Ils fondent ensuite le Cin\u00e9 club le Cercle du cin\u00e9ma et en 1936 na\u00eet la Cin\u00e9math\u00e8que fran\u00e7aise.<\/p>\n<p>Une demande du cin\u00e9ma le Club<\/p>\n<p class=\" wall-content\">Il y a un an environ, le <b>cin\u00e9ma le Club<\/b> avait \u00e9mis l\u2019id\u00e9e de cr\u00e9er\u00a0une<b> fresque<\/b> en lien avec le 7e art sur les murs ext\u00e9rieurs du b\u00e2timent c\u00f4t\u00e9 voie verte.<\/p>\n<p class=\" wall-content\">Trois amis ont accept\u00e9 de relever le d\u00e9fi b\u00e9n\u00e9volement : <b>Gilbert Delaunay,<\/b> professeur retrait\u00e9 d\u2019arts plastiques, <b>Serge Guermonprez<\/b>, retrait\u00e9 amateur de photo, et <b>Franck Pourcelle<\/b>, artiste peintre.<\/p>\n<p class=\" wall-content\">Le trio a choisi de mettre en lumi\u00e8re trois films du r\u00e9alisateur Fougerais Georges Franju.<\/p>\n<p class=\" wall-content\">Pendant un an, ils ont travaill\u00e9, chacun de leur c\u00f4t\u00e9, pr\u00e9par\u00e9 les plans, dessin\u00e9 et choisi les sc\u00e8nes de leur film. Le chantier a commenc\u00e9 d\u00e9but mai et chaque artiste a choisi son pan de mur pour d\u00e9velopper sa fresque.<\/p>\n<p>Vid\u00e9os : en ce moment sur Actu<br \/>\n    <img   decoding=\"async\" loading=\"lazy\" class=\"size-large\" src=\"https:\/\/www.europesays.com\/fr\/wp-content\/uploads\/2025\/06\/1168ae134e2861568ae134e28f868av-960x640.jpg\" alt=\"Gilbert Delaunay devant sa fresque  \" la=\"\" t=\"\" contre=\"\" les=\"\" murs=\"\" width=\"960\" height=\"640\"\/><br \/>\n    Gilbert Delaunay devant la fresque du film La t\u00eate contre les murs. \u00a9La Chronique r\u00e9publicaine \/ R\u00e9gine R\u00eateuxTrois films de Georges Franju ont inspir\u00e9 les artistes<\/p>\n<p class=\" wall-content\">C\u2019est le film en noir et blanc sorti en 1960, Les yeux sans visage, qui a dict\u00e9 le choix de Serge Guermonprez. Ce film d\u2019horreur franco-Italien de Georges Franju, avec dans les principaux r\u00f4les, Pierre Brasseur et\u00a0Edith Scob dont le visage est repr\u00e9sent\u00e9 sur la fresque, interpellera les cin\u00e9philes.<\/p>\n<p class=\" wall-content\">Gilbert Delaunay a mis en sc\u00e8ne le film sorti en 1959 La t\u00eate contre les murs ou l\u2019histoire d\u2019un jeune homme dont le comportement instable oblige sa famille \u00e0 le faire interner dans un asile psychiatrique d\u2019o\u00f9 il tentera de s\u2019\u00e9chapper. Anouck Aim\u00e9e, Pierre Brasseur, Paul Meurisse et Charles Aznavour tiennent les principaux r\u00f4les.<\/p>\n<p>    <img   decoding=\"async\" loading=\"lazy\" class=\"size-large\" src=\"https:\/\/www.europesays.com\/fr\/wp-content\/uploads\/2025\/06\/505f8fb34e286945f8fb34e28885f8v-960x640.jpg\" alt=\"Serge Guermonprez devant la fresque du film \" les=\"\" yeux=\"\" sans=\"\" visage=\"\" width=\"960\" height=\"640\"\/><br \/>\n    Serge Guermonprez devant la fresque du film Les yeux sans visage. \u00a9La Chronique r\u00e9publicaine \/ R\u00e9gine R\u00eateux<\/p>\n<p class=\" wall-content\">La troisi\u00e8me fresque, la plus longue (13\u00a0m\u00e8tres) est r\u00e9serv\u00e9e \u00e0 l\u2019artiste peintre Franck Pourcelle qui a choisi de d\u00e9velopper des \u00e9l\u00e9ments th\u00e9matiques du film de 1961, Pleins feux sur l\u2019assassin\u00a0dans lequel on retrouve Jean Louis Trintignant, aux c\u00f4t\u00e9s de Dany Saval et Pierre Brasseur. \u00ab Nous avons eu de la chance d\u2019avoir du beau temps qui nous a permis de travailler plus sereinement. Il nous reste encore une dizaine de jours pour terminer nos \u0153uvres qui nous esp\u00e9rons parleront au public \u00bb, concluent les peintres.<\/p>\n<p class=\" wall-content\">Suivez toute l\u2019actualit\u00e9 de vos villes et m\u00e9dias favoris en vous inscrivant \u00e0 <a href=\"https:\/\/moncompte.actu.fr\" title=\"D\u00e9couvez Mon Actu\" rel=\"nofollow noopener\" data-trk=\"{&quot;cta&quot;:{&quot;action&quot;:&quot;https:\\\/\\\/moncompte.actu.fr&quot;,&quot;category&quot;:&quot;mon compte&quot;,&quot;from&quot;:&quot;article footer&quot;,&quot;name&quot;:&quot;Mon actu&quot;,&quot;type&quot;:&quot;cta&quot;}}\" target=\"_blank\">Mon Actu<\/a>.<\/p>\n","protected":false},"excerpt":{"rendered":"Par R\u00e9daction Foug\u00e8res Publi\u00e9 le 1 juin 2025 \u00e0 14h56 Georges Franju, r\u00e9alisateur de cin\u00e9ma, est n\u00e9 \u00e0&hellip;\n","protected":false},"author":2,"featured_media":144744,"comment_status":"","ping_status":"","sticky":false,"template":"","format":"standard","meta":{"footnotes":""},"categories":[1358],"tags":[1063,1348,1384,1385,9439,650,1386,58,59,1011,27,1652],"class_list":{"0":"post-144743","1":"post","2":"type-post","3":"status-publish","4":"format-standard","5":"has-post-thumbnail","7":"category-arts-et-design","8":"tag-animations","9":"tag-arts","10":"tag-arts-and-design","11":"tag-arts-et-design","12":"tag-bretagne-nord","13":"tag-cinema","14":"tag-design","15":"tag-divertissement","16":"tag-entertainment","17":"tag-fr","18":"tag-france","19":"tag-loisirs-culture"},"share_on_mastodon":{"url":"https:\/\/pubeurope.com\/@fr\/114609775232936943","error":""},"_links":{"self":[{"href":"https:\/\/www.europesays.com\/fr\/wp-json\/wp\/v2\/posts\/144743","targetHints":{"allow":["GET"]}}],"collection":[{"href":"https:\/\/www.europesays.com\/fr\/wp-json\/wp\/v2\/posts"}],"about":[{"href":"https:\/\/www.europesays.com\/fr\/wp-json\/wp\/v2\/types\/post"}],"author":[{"embeddable":true,"href":"https:\/\/www.europesays.com\/fr\/wp-json\/wp\/v2\/users\/2"}],"replies":[{"embeddable":true,"href":"https:\/\/www.europesays.com\/fr\/wp-json\/wp\/v2\/comments?post=144743"}],"version-history":[{"count":0,"href":"https:\/\/www.europesays.com\/fr\/wp-json\/wp\/v2\/posts\/144743\/revisions"}],"wp:featuredmedia":[{"embeddable":true,"href":"https:\/\/www.europesays.com\/fr\/wp-json\/wp\/v2\/media\/144744"}],"wp:attachment":[{"href":"https:\/\/www.europesays.com\/fr\/wp-json\/wp\/v2\/media?parent=144743"}],"wp:term":[{"taxonomy":"category","embeddable":true,"href":"https:\/\/www.europesays.com\/fr\/wp-json\/wp\/v2\/categories?post=144743"},{"taxonomy":"post_tag","embeddable":true,"href":"https:\/\/www.europesays.com\/fr\/wp-json\/wp\/v2\/tags?post=144743"}],"curies":[{"name":"wp","href":"https:\/\/api.w.org\/{rel}","templated":true}]}}