{"id":144745,"date":"2025-06-01T19:32:26","date_gmt":"2025-06-01T19:32:26","guid":{"rendered":"https:\/\/www.europesays.com\/fr\/144745\/"},"modified":"2025-06-01T19:32:26","modified_gmt":"2025-06-01T19:32:26","slug":"pendant-lecriture-je-pense-surtout-a-la-reaction-des-amateurs-de-thrillers","status":"publish","type":"post","link":"https:\/\/www.europesays.com\/fr\/144745\/","title":{"rendered":"Pendant l&rsquo;\u00e9criture, je pense surtout \u00e0 la r\u00e9action des amateurs de thrillers"},"content":{"rendered":"<p>Chaque dimanche, un \u00e9crivain ou un lecteur nous embarque dans son monde litt\u00e9raire. Cette semaine, Franck Thilliez, roi du polar, qui vient de publier son nouveau livre,\u00a0\u00ab\u00a0A retardement\u00a0\u00bb (Fleuve noir), un thriller avec la schizophr\u00e9nie en toile de fond,\u00a0se pr\u00eate \u00e0 notre interview sur ses lectures et ses rituels d&rsquo;\u00e9criture.<\/p>\n<p><b>Quel est le dernier livre que vous avez lu ?<\/b><br \/>\u00ab\u00a0Apn\u00e9e,\u00a0\u00bb de Sonja Delzongle. Un thriller qui, comme son nom l&rsquo;indique, explore le monde fascinant de l&rsquo;apn\u00e9e sous-marine.<\/p>\n<p><b>Le livre que vous avez lu le plus de fois ?<\/b><br \/>\u00ab\u00a0Misery\u00a0\u00bb, de Stephen King. Le huis-clos parfait !<\/p>\n<p><b>Le livre qui vous rappelle votre enfance ou votre adolescence ?<\/b><br \/>\u00ab\u00a0L&rsquo;Attrape-c\u0153urs\u00a0\u00bb de J. D. Salinger.<\/p>\n<p><b>Le livre que vous avez le plus souvent offert ?<\/b><br \/>\u00ab\u00a0Des souris et des hommes\u00a0\u00bb de John Steinbeck.<\/p>\n<p><b> <a href=\"https:\/\/www.elle.fr\/Loisirs\/Livres\/Dossiers\/livres-a-lire-au-moins-une-fois-dans-votre-vie\" rel=\"nofollow noopener\" target=\"_blank\" data-ylk=\"slk:Quel livre, selon vous, faut-il avoir lu au moins une fois dans sa vie;elm:context_link;itc:0;sec:content-canvas\" class=\"link \">Quel livre, selon vous, faut-il avoir lu au moins une fois dans sa vie<\/a> ?<\/b><br \/>\u00ab\u00a01984\u00a0\u00bb, de George Orwell. Ecris en 1948, il est plus que jamais d&rsquo;actualit\u00e9 !<\/p>\n<p><b>Un livre qui vous a \u00e9mu aux larmes ?<\/b><br \/>\u00ab\u00a0La ligne verte\u00a0\u00bb, de Stephen King.<\/p>\n<p><b>Un livre que vous auriez aim\u00e9 \u00e9crire ?<\/b><br \/><a href=\"https:\/\/www.elle.fr\/Loisirs\/Livres\/News\/livres-romantiques\" rel=\"nofollow noopener\" target=\"_blank\" data-ylk=\"slk:Un livre qui parlerait d&#039;une grande histoire d&#039;amour,;elm:context_link;itc:0;sec:content-canvas\" class=\"link \">Un livre qui parlerait d&rsquo;une grande histoire d&rsquo;amour,<\/a> ce que je suis incapable d&rsquo;\u00e9crire. Par exemple, \u00ab\u00a0Autant en emporte le vent\u00a0\u00bb de Margaret Mitchell.<\/p>\n<p><b>Un auteur ou un livre qui vous fait rire ?<\/b><br \/>Fr\u00e9d\u00e9ric Dard et ses inclassables San-Antonio.<\/p>\n<p><b>Vous est-il d\u00e9j\u00e0 arriv\u00e9 de l\u00e2cher un livre avant la fin ?<\/b><br \/>Souvent, oui, si je n&rsquo;accroche pas rapidement. Je ne citerai pas de noms !<\/p>\n<p><b>Un personnage de litt\u00e9rature que vous adorez ?\u00a0<\/b><br \/>Le flic caboss\u00e9 de Michael Connelly, Harry Bosch.<\/p>\n<p><b>Ecoutez-vous des <a href=\"https:\/\/www.elle.fr\/Loisirs\/Livres\/News\/Top-10-des-livres-audio-a-ecouter\" rel=\"nofollow noopener\" target=\"_blank\" data-ylk=\"slk:livres audio;elm:context_link;itc:0;sec:content-canvas\" class=\"link \"> livres audio<\/a> ?<\/b><br \/>\u00c7a m&rsquo;arrive quand je bricole !<\/p>\n<p><b>Le livre qu&rsquo;on ne peut pas vous soup\u00e7onner d&rsquo;aimer ?<\/b><br \/>\u00ab\u00a0Sur la route de Madison\u00a0\u00bb, de Robert James Waller. A l&rsquo;oppos\u00e9 de la noirceur de mes livres, mais quelle belle histoire d&rsquo;amour !<\/p>\n<p><b>Un livre que tout le monde a aim\u00e9 sauf&#8230;<\/b><\/p>\n<p><a href=\"https:\/\/www.elle.fr\/Loisirs\/Livres\/News\/Les-lectures-et-rituels-de-Franck-Thilliez-Pendant-l-ecriture-je-pense-surtout-a-la-reaction-des-amateurs-de-thrillers-4350142#xtor=AL-540\" rel=\"nofollow noopener\" target=\"_blank\" data-ylk=\"slk:Lire la suite de l&#039;article sur Elle.fr;elm:context_link;itc:0;sec:content-canvas\" class=\"link \">Lire la suite de l&rsquo;article sur Elle.fr<\/a><\/p>\n<p>A lire aussi<\/p>\n","protected":false},"excerpt":{"rendered":"Chaque dimanche, un \u00e9crivain ou un lecteur nous embarque dans son monde litt\u00e9raire. Cette semaine, Franck Thilliez, roi&hellip;\n","protected":false},"author":2,"featured_media":144746,"comment_status":"","ping_status":"","sticky":false,"template":"","format":"standard","meta":{"footnotes":""},"categories":[1357],"tags":[1379,58,59,1011,27,1380,27346,27349,27347,27348,15698,16084],"class_list":{"0":"post-144745","1":"post","2":"type-post","3":"status-publish","4":"format-standard","5":"has-post-thumbnail","7":"category-livres","8":"tag-books","9":"tag-divertissement","10":"tag-entertainment","11":"tag-fr","12":"tag-france","13":"tag-livres","14":"tag-monde-litteraire","15":"tag-sonja-delzongle","16":"tag-stephen-king","17":"tag-sur-la-route-de-madison","18":"tag-toile-de-fond","19":"tag-un-livre"},"share_on_mastodon":{"url":"https:\/\/pubeurope.com\/@fr\/114609779110477031","error":""},"_links":{"self":[{"href":"https:\/\/www.europesays.com\/fr\/wp-json\/wp\/v2\/posts\/144745","targetHints":{"allow":["GET"]}}],"collection":[{"href":"https:\/\/www.europesays.com\/fr\/wp-json\/wp\/v2\/posts"}],"about":[{"href":"https:\/\/www.europesays.com\/fr\/wp-json\/wp\/v2\/types\/post"}],"author":[{"embeddable":true,"href":"https:\/\/www.europesays.com\/fr\/wp-json\/wp\/v2\/users\/2"}],"replies":[{"embeddable":true,"href":"https:\/\/www.europesays.com\/fr\/wp-json\/wp\/v2\/comments?post=144745"}],"version-history":[{"count":0,"href":"https:\/\/www.europesays.com\/fr\/wp-json\/wp\/v2\/posts\/144745\/revisions"}],"wp:featuredmedia":[{"embeddable":true,"href":"https:\/\/www.europesays.com\/fr\/wp-json\/wp\/v2\/media\/144746"}],"wp:attachment":[{"href":"https:\/\/www.europesays.com\/fr\/wp-json\/wp\/v2\/media?parent=144745"}],"wp:term":[{"taxonomy":"category","embeddable":true,"href":"https:\/\/www.europesays.com\/fr\/wp-json\/wp\/v2\/categories?post=144745"},{"taxonomy":"post_tag","embeddable":true,"href":"https:\/\/www.europesays.com\/fr\/wp-json\/wp\/v2\/tags?post=144745"}],"curies":[{"name":"wp","href":"https:\/\/api.w.org\/{rel}","templated":true}]}}