{"id":144756,"date":"2025-06-01T19:38:08","date_gmt":"2025-06-01T19:38:08","guid":{"rendered":"https:\/\/www.europesays.com\/fr\/144756\/"},"modified":"2025-06-01T19:38:08","modified_gmt":"2025-06-01T19:38:08","slug":"jimmy-mohamed-brise-le-silence-sur-sa-violente-blessure-en-participant-a-fort-boyard-et-les-nouvelles-ne-sont-pas-bonnes","status":"publish","type":"post","link":"https:\/\/www.europesays.com\/fr\/144756\/","title":{"rendered":"Jimmy Mohamed brise le silence sur sa violente blessure en participant \u00e0 \u00ab\u00a0Fort Boyard\u00a0\u00bb : et les nouvelles ne sont pas bonnes"},"content":{"rendered":"<p>C\u2019est un \u00e9t\u00e9 qui ne s\u2019annonce pas aussi l\u00e9ger qu\u2019esp\u00e9r\u00e9 pour Jimmy Mohamed. Le m\u00e9decin pr\u00e9f\u00e9r\u00e9 des Fran\u00e7ais, connu pour ses multiples interventions t\u00e9l\u00e9vis\u00e9es et ses conseils sant\u00e9 bienveillants, vient de r\u00e9v\u00e9ler une m\u00e9saventure qui pourrait bien <strong>freiner son rythme effr\u00e9n\u00e9.<\/strong> Alors qu\u2019il participait r\u00e9cemment au tournage de l\u2019\u00e9mission culte Fort Boyard, l\u2019urgentiste s\u2019est <strong>violemment bless\u00e9 dans l\u2019une des cellules du Fort. <\/strong>Et cette fois, les nouvelles ne sont pas franchement rassurantes.<\/p>\n<p>Fort Boyard : Jimmy Mohamed victime d\u2019une double fracture, l\u2019\u00e9preuve tourne mal<\/p>\n<p>L\u2019\u00e9preuve dite de \u00ab\u00a0l\u2019horlogerie\u00a0\u00bb, redout\u00e9e m\u00eame des plus sportifs, n\u2019a pas \u00e9pargn\u00e9 Jimmy Mohamed. Le principe\u202f? Stopper les aiguilles de plusieurs horloges <strong>tout en gardant l\u2019\u00e9quilibre sur une plateforme rotative.<\/strong> Un d\u00e9fi qui s\u2019est sold\u00e9, pour le m\u00e9decin de 37 ans, par une mauvaise chute. R\u00e9sultat : une double fracture \u00e0 la cheville <a href=\"https:\/\/www.public.fr\/fort-boyard-gros-incident-en-plein-tournage-jimmy-mohamed-victime-dune-double-fracture\" target=\"_blank\" rel=\"noopener\">n\u00e9cessitant une intervention chirurgicale en urgence.<\/a> \u00ab\u202fJe me suis fait op\u00e9rer le 15 mai dernier. <strong>La convalescence va \u00eatre longue et douloureuse,<\/strong> mais je n\u2019ai pas sp\u00e9cialement envie d\u2019en parler\u202f\u00bb, a-t-il confi\u00e9 sobrement \u00e0 La Tribune dimanche, ce 1er juin.<\/p>\n<p>Tr\u00e8s discret sur sa vie priv\u00e9e, Jimmy Mohamed ne s\u2019est pas \u00e9tendu sur <strong>les circonstances de l\u2019accident.<\/strong> M\u00eame interrog\u00e9 par Michel Drucker dans C m\u00e9diatique, il n\u2019a pas souhait\u00e9 faire davantage de commentaires. \u00ab\u202fJe ne suis pas un people. Je dis le strict minimum : j\u2019ai une femme, trois enfants et je vis dans les Yvelines\u202f\u00bb, a-t-il pr\u00e9cis\u00e9 avec son franc-parler habituel. Et de justifier ce silence : \u00ab\u202fIl y a plein de cambriolages dans ce d\u00e9partement, <strong>je n\u2019ai pas envie de me faire braquer.\u202f\u00bb.<\/strong><\/p>\n<p>Cheville cass\u00e9e, projets intacts : l\u2019animateur garde le cap<\/p>\n<p>Loin de jouer les victimes ou de dramatiser la situation, Jimmy Mohamed garde la t\u00eate froide. Il pr\u00e9f\u00e8re se concentrer sur la suite, <strong>malgr\u00e9 la douleur persistante. <\/strong>\u00ab\u202fJe n\u2019ai pas annul\u00e9 mes projets pour autant. Je vais faire au mieux, avec ce que j\u2019ai.\u202f\u00bb. Car m\u00eame avec une cheville pl\u00e2tr\u00e9e, Jimmy Mohamed <strong>ne compte pas lever le pied<\/strong> (au sens figur\u00e9, du moins). Ce mardi 3 juin, il pr\u00e9sentera aux c\u00f4t\u00e9s de Faustine Bollaert une nouvelle \u00e9mission sur France 2 : Mieux dans ma t\u00eate, consacr\u00e9e \u00e0 la sant\u00e9 mentale. Une th\u00e9matique essentielle selon lui : \u00ab\u202fC\u2019est important de dire aux gens qu\u2019ils ne sont pas seuls. De leur donner des cl\u00e9s, de la bienveillance.\u202f\u00bb.<\/p>\n<p>En parall\u00e8le, l\u2019ancien chroniqueur des Grandes Gueules sur RMC poursuit son engagement aupr\u00e8s du Magazine de la sant\u00e9 sur France 5, <strong>qu\u2019il anime depuis septembre 2024.<\/strong> Il intervient aussi r\u00e9guli\u00e8rement dans la matinale de RTL, dans Touche pas \u00e0 mon poste chez Cyril Hanouna, et dans le JT week-end de Laurent Delahousse. Sans oublier ses activit\u00e9s sur les r\u00e9seaux sociaux, o\u00f9 il distille conseils m\u00e9dicaux <strong>et recommandations de pr\u00e9vention.<\/strong><\/p>\n<p>Bless\u00e9 dans Fort Boyard, Jimmy Mohamed h\u00e9site \u00e0 regarder l\u2019\u00e9pisode avec ses enfants<\/p>\n<p>Papa de trois enfants, <a href=\"https:\/\/www.public.fr\/jimmy-mohamed-et-michel-cymes-pas-franchement-fans-lun-de-lautre-soupe-a-la-grimace-chez-france-televisions\" target=\"_blank\" rel=\"noopener\">celui qui serait en froid avec Michel Cymes<\/a> jongle entre vie professionnelle intense et \u00e9ducation rigoureuse. Tr\u00e8s \u00e0 cheval sur les \u00e9crans \u00e0 la maison, il avait r\u00e9cemment expliqu\u00e9 dans Buzz TV : \u00ab\u202fJamais en semaine. <strong>C\u2019est non n\u00e9gociable :<\/strong> pas d\u2019\u00e9cran ni le matin ni le soir.\u202f\u00bb. Une r\u00e8gle qu\u2019il assouplit toutefois le week-end pour partager des moments en famille. \u00ab\u202fLe vendredi soir, le samedi, on regarde des programmes ensemble, comme Fort Boyard. Mais l\u00e0, <strong>je ne suis pas s\u00fbr qu\u2019on regarde l\u2019\u00e9pisode cette ann\u00e9e\u2026\u202f\u00bb,<\/strong> a-t-il gliss\u00e9 avec humour.<\/p>\n<p>Contact\u00e9e par Le Parisien, Adventure Line Productions, la soci\u00e9t\u00e9 productrice du programme, a confirm\u00e9 la blessure de l\u2019animateur, mais l\u00e0 aussi, <strong>peu d\u2019informations fuitent :<\/strong> \u00ab\u00a0Effectivement Jimmy Mohamed s\u2019est bless\u00e9 sur le tournage. Nous n\u2019avons pas plus de commentaires \u00e0 apporter\u00a0\u00bb. Esp\u00e9rons que Jimmy Mohamed se remette vite sur pieds.<\/p>\n<p>      Mentionn\u00e9s dans cet article<\/p>\n<p>\u00c0 lire aussi<\/p>\n","protected":false},"excerpt":{"rendered":"C\u2019est un \u00e9t\u00e9 qui ne s\u2019annonce pas aussi l\u00e9ger qu\u2019esp\u00e9r\u00e9 pour Jimmy Mohamed. Le m\u00e9decin pr\u00e9f\u00e9r\u00e9 des Fran\u00e7ais,&hellip;\n","protected":false},"author":2,"featured_media":144757,"comment_status":"","ping_status":"","sticky":false,"template":"","format":"standard","meta":{"footnotes":""},"categories":[8],"tags":[58,59,15745,1011,27],"class_list":{"0":"post-144756","1":"post","2":"type-post","3":"status-publish","4":"format-standard","5":"has-post-thumbnail","7":"category-divertissement","8":"tag-divertissement","9":"tag-entertainment","10":"tag-fort-boyard","11":"tag-fr","12":"tag-france"},"share_on_mastodon":{"url":"https:\/\/pubeurope.com\/@fr\/114609802683756947","error":""},"_links":{"self":[{"href":"https:\/\/www.europesays.com\/fr\/wp-json\/wp\/v2\/posts\/144756","targetHints":{"allow":["GET"]}}],"collection":[{"href":"https:\/\/www.europesays.com\/fr\/wp-json\/wp\/v2\/posts"}],"about":[{"href":"https:\/\/www.europesays.com\/fr\/wp-json\/wp\/v2\/types\/post"}],"author":[{"embeddable":true,"href":"https:\/\/www.europesays.com\/fr\/wp-json\/wp\/v2\/users\/2"}],"replies":[{"embeddable":true,"href":"https:\/\/www.europesays.com\/fr\/wp-json\/wp\/v2\/comments?post=144756"}],"version-history":[{"count":0,"href":"https:\/\/www.europesays.com\/fr\/wp-json\/wp\/v2\/posts\/144756\/revisions"}],"wp:featuredmedia":[{"embeddable":true,"href":"https:\/\/www.europesays.com\/fr\/wp-json\/wp\/v2\/media\/144757"}],"wp:attachment":[{"href":"https:\/\/www.europesays.com\/fr\/wp-json\/wp\/v2\/media?parent=144756"}],"wp:term":[{"taxonomy":"category","embeddable":true,"href":"https:\/\/www.europesays.com\/fr\/wp-json\/wp\/v2\/categories?post=144756"},{"taxonomy":"post_tag","embeddable":true,"href":"https:\/\/www.europesays.com\/fr\/wp-json\/wp\/v2\/tags?post=144756"}],"curies":[{"name":"wp","href":"https:\/\/api.w.org\/{rel}","templated":true}]}}