{"id":144761,"date":"2025-06-01T19:41:09","date_gmt":"2025-06-01T19:41:09","guid":{"rendered":"https:\/\/www.europesays.com\/fr\/144761\/"},"modified":"2025-06-01T19:41:09","modified_gmt":"2025-06-01T19:41:09","slug":"donald-trump-a-lassaut-des-universites-americaines-au-nom-de-la-lutte-antiwoke","status":"publish","type":"post","link":"https:\/\/www.europesays.com\/fr\/144761\/","title":{"rendered":"Donald Trump \u00e0 l\u2019assaut des universit\u00e9s am\u00e9ricaines au nom de la lutte antiwoke"},"content":{"rendered":"<p><strong>R\u00c9CIT &#8211;<\/strong> Apr\u00e8s avoir fait plier Columbia, le pr\u00e9sident am\u00e9ricain s\u2019en prend \u00e0 Harvard, l\u2019un des piliers du soft power des \u00c9tats-Unis. Ses m\u00e9thodes risquent cependant de produire l\u2019effet inverse de celui escompt\u00e9.<\/p>\n<p class=\"fig-paragraph\"><a href=\"http:\/\/www.lefigaro.fr\/international\/apres-100-jours-de-mandat-pourquoi-la-baisse-de-popularite-de-trump-n-a-rien-d-un-ecroulement-20250429\" data-fig-type=\"Article\" data-gtm-custom-categorie=\"navigation\" data-gtm-custom-action=\"crossclick\" data-gtm-custom-label=\"Contextuel\" data-gtm-event=\"customEventSPE\" data-fig-domain=\"LEFIGARO\" rel=\"nofollow noopener\" target=\"_blank\">Trump<\/a>\u00a0rencontre avec Harvard\u00a0<a href=\"http:\/\/www.lefigaro.fr\/international\/si-les-universites-ne-resistent-pas-apres-son-refus-de-ceder-aux-injonctions-harvard-aux-prises-avec-l-administration-trump-20250415\" data-fig-type=\"Article\" data-gtm-custom-categorie=\"navigation\" data-gtm-custom-action=\"crossclick\" data-gtm-custom-label=\"Contextuel\" data-gtm-event=\"customEventSPE\" data-fig-domain=\"LEFIGARO\" rel=\"nofollow noopener\" target=\"_blank\">la premi\u00e8re r\u00e9sistance s\u00e9rieuse<\/a>\u00a0\u00e0 sa campagne de mise au pas des institutions am\u00e9ricaines. La prestigieuse universit\u00e9 semble de son c\u00f4t\u00e9 avoir d\u00e9couvert le courage qui lui avait manqu\u00e9 face \u00e0 la vague woke pour d\u00e9fendre ses principes fondateurs. Avec leur affrontement se joue l\u2019une des plus importantes batailles des guerres culturelles qui divisent l\u2019Am\u00e9rique. En s\u2019attaquant aux universit\u00e9s, Trump sape aussi l\u2019une des fondations de la domination intellectuelle et scientifique am\u00e9ricaine.<\/p>\n<p class=\"fig-paragraph\">Depuis le d\u00e9but du mois d\u2019avril,\u00a0<a href=\"http:\/\/www.lefigaro.fr\/international\/etats-unis-la-guerre-entre-donald-trump-et-harvard-en-cinq-actes-20250523\" data-fig-type=\"Article\" data-gtm-custom-categorie=\"navigation\" data-gtm-custom-action=\"crossclick\" data-gtm-custom-label=\"Contextuel\" data-gtm-event=\"customEventSPE\" data-fig-domain=\"LEFIGARO\" rel=\"nofollow noopener\" target=\"_blank\">les attaques de Trump contre Harvard ont connu une rapide escalade,<\/a>\u00a0la r\u00e9sistance de l\u2019universit\u00e9 conduisant l\u2019Administration \u00e0 recourir \u00e0 des moyens de plus en plus radicaux\u00a0: apr\u00e8s avoir suspendu les financements publics \u00e0 la recherche,\u00a0<a href=\"http:\/\/www.lefigaro.fr\/international\/l-administration-trump-retire-a-l-universite-harvard-le-droit-d-accueillir-des-etudiants-etrangers-20250522\" data-fig-type=\"NewsFlash\" data-gtm-custom-categorie=\"navigation\" data-gtm-custom-action=\"crossclick\" data-gtm-custom-label=\"Contextuel\" data-gtm-event=\"customEventSPE\" data-fig-domain=\"LEFIGARO\" rel=\"nofollow noopener\" target=\"_blank\">Trump s\u2019en est pris \u00e0 l\u2019admission des \u00e9tudiants \u00e9trangers<\/a>\u00a0et au statut fiscal de l\u2019universit\u00e9, \u00e0 la base de ses colossales ressources financi\u00e8res.<\/p>\n<p>Le nouveau combat du mouvement Maga contre les \u00ab\u00a0\u00e9lites\u00a0\u00bb<\/p>\n<p class=\"fig-paragraph\">La r\u00e9sistance de Harvard n\u2019avait pas \u00e9t\u00e9 pr\u00e9vue. Apr\u00e8s le\u2026<\/p>\n<p class=\"fig-premium-paywall__infos\">\n        Cet article est r\u00e9serv\u00e9 aux abonn\u00e9s.        Il vous reste 87% \u00e0 d\u00e9couvrir.\n    <\/p>\n<p>                <img  data- alt=\"Le Figaro\" class=\"fig-img--complete fig-img\"\/><\/p>\n<p class=\"fig-premium-paywall__title\">Vente Flash<\/p>\n<p class=\"fig-premium-paywall__subtitle\">4,99\u20ac par mois pendant 12 mois. Sans engagement.<\/p>\n<p class=\"fig-premium-paywall__connect\">\n                D\u00e9j\u00e0 abonn\u00e9\u00a0?                <a class=\"fig-premium-paywall__connect-link\" href=\"https:\/\/connect.lefigaro.fr\/login?client=horizon_web&amp;type=main&amp;redirect_uri=https%3A%2F%2Fwww.lefigaro.fr%2Finternational%2Fdonald-trump-a-l-assaut-des-universites-americaines-au-nom-de-la-lutte-antiwoke-20250601\" data-js-gtm=\"{&quot;customCategorie&quot;: &quot;conversion&quot;, &quot;customAction&quot;: &quot;before_Landing_Connexion_paywall_auto&quot;, &quot;customLabel&quot;: &quot;bGVmaWdhcm8uZnJfXzFmMDNlZWRmLTFkYjctNjY0OC1iZjcwLTRiOThlODk4OTg1Ml9fQXJ0aWNsZQ==_Donald Trump \u00e0 l\u2019assaut des universit\u00e9s am\u00e9ricaines au nom de la lutte antiwoke_56&quot;, &quot;customIDSPE&quot;: &quot;bGVmaWdhcm8uZnJfXzFmMDNlZWRmLTFkYjctNjY0OC1iZjcwLTRiOThlODk4OTg1Ml9fQXJ0aWNsZQ==&quot;, &quot;event&quot;: &quot;customEventSPE&quot;}\" rel=\"nofollow noopener\" target=\"_blank\"><br \/>\n                    Connectez-vous<br \/>\n                <\/a>\n            <\/p>\n","protected":false},"excerpt":{"rendered":"R\u00c9CIT &#8211; Apr\u00e8s avoir fait plier Columbia, le pr\u00e9sident am\u00e9ricain s\u2019en prend \u00e0 Harvard, l\u2019un des piliers du&hellip;\n","protected":false},"author":2,"featured_media":144762,"comment_status":"","ping_status":"","sticky":false,"template":"","format":"standard","meta":{"footnotes":""},"categories":[5],"tags":[259,11,260,75,1011,27,666,14,261,12,262,28],"class_list":{"0":"post-144761","1":"post","2":"type-post","3":"status-publish","4":"format-standard","5":"has-post-thumbnail","7":"category-international","8":"tag-actualite-internationale","9":"tag-actualites","10":"tag-affaires-etrangeres","11":"tag-donald-trump","12":"tag-fr","13":"tag-france","14":"tag-harvard","15":"tag-international","16":"tag-ministere-des-affaires-etrangeres","17":"tag-news","18":"tag-politique-etrangere","19":"tag-world"},"share_on_mastodon":{"url":"https:\/\/pubeurope.com\/@fr\/114609814455921368","error":""},"_links":{"self":[{"href":"https:\/\/www.europesays.com\/fr\/wp-json\/wp\/v2\/posts\/144761","targetHints":{"allow":["GET"]}}],"collection":[{"href":"https:\/\/www.europesays.com\/fr\/wp-json\/wp\/v2\/posts"}],"about":[{"href":"https:\/\/www.europesays.com\/fr\/wp-json\/wp\/v2\/types\/post"}],"author":[{"embeddable":true,"href":"https:\/\/www.europesays.com\/fr\/wp-json\/wp\/v2\/users\/2"}],"replies":[{"embeddable":true,"href":"https:\/\/www.europesays.com\/fr\/wp-json\/wp\/v2\/comments?post=144761"}],"version-history":[{"count":0,"href":"https:\/\/www.europesays.com\/fr\/wp-json\/wp\/v2\/posts\/144761\/revisions"}],"wp:featuredmedia":[{"embeddable":true,"href":"https:\/\/www.europesays.com\/fr\/wp-json\/wp\/v2\/media\/144762"}],"wp:attachment":[{"href":"https:\/\/www.europesays.com\/fr\/wp-json\/wp\/v2\/media?parent=144761"}],"wp:term":[{"taxonomy":"category","embeddable":true,"href":"https:\/\/www.europesays.com\/fr\/wp-json\/wp\/v2\/categories?post=144761"},{"taxonomy":"post_tag","embeddable":true,"href":"https:\/\/www.europesays.com\/fr\/wp-json\/wp\/v2\/tags?post=144761"}],"curies":[{"name":"wp","href":"https:\/\/api.w.org\/{rel}","templated":true}]}}