{"id":144763,"date":"2025-06-01T19:42:08","date_gmt":"2025-06-01T19:42:08","guid":{"rendered":"https:\/\/www.europesays.com\/fr\/144763\/"},"modified":"2025-06-01T19:42:08","modified_gmt":"2025-06-01T19:42:08","slug":"un-mitraillage-de-foudre-de-la-grele-les-images-impressionnantes-des-orages-en-france-ce-dimanche","status":"publish","type":"post","link":"https:\/\/www.europesays.com\/fr\/144763\/","title":{"rendered":"Un \u00ab\u00a0mitraillage de foudre\u00a0\u00bb, de la gr\u00eale\u2026 Les images impressionnantes des orages en France ce dimanche"},"content":{"rendered":"<p>            Par<br \/>\n        <strong><br \/>\n            <a href=\"https:\/\/actu.fr\/auteur\/redaction-actu\" title=\"Consulter tous les articles de R\u00e9daction Actu\" target=\"_blank\" rel=\"noopener\">R\u00e9daction Actu<\/a><br \/>\n        <\/strong><\/p>\n<p>        Publi\u00e9 le<\/p>\n<p>            1 juin 2025 \u00e0 19h28        <\/p>\n<p>Les orages, annonc\u00e9s depuis plusieurs jours, ont bien frapp\u00e9 la France apportant leur lot de rafales et de gr\u00ealons. S\u2019il n\u2019y a pas, ce dimanche 1er juin 2025, de gros d\u00e9g\u00e2ts, les intemp\u00e9ries ont \u00e9t\u00e9 importantes du nord-est jusqu\u2019au sud-ouest du pays dans une grande diagonale.\u00a0<\/p>\n<p class=\" wall-content\">M\u00e9t\u00e9o France avait averti, pla\u00e7ant une quarantaine de d\u00e9partements en vigilance jaune et surtout, dix en orange.\u00a0<\/p>\n<p class=\" wall-content\">D\u00e9j\u00e0, samedi 31 mai, le pays avait \u00e9t\u00e9 touch\u00e9 par des orages avec, d\u00e9j\u00e0, <a href=\"https:\/\/actu.fr\/meteo\/foudre-grele-et-vent-les-images-spectaculaires-des-orages-qui-frappent-la-france_62712592.html\" target=\"_blank\" rel=\"noopener\">des images spectaculaires.<\/a><\/p>\n<p>L\u2019autoroute A6 touch\u00e9<\/p>\n<p class=\" wall-content\">Un journaliste d\u2019actu Lyon a pu constater des \u00ab\u00a0chutes d\u2019arbres et de branches sur l\u2019A6 \u00e0 hauteur de M\u00e2con\u00a0\u00bb \u00e0 la suite d\u2019un violent orage qui a touch\u00e9 la zone.<\/p>\n<p class=\" wall-content\">\n<p class=\" wall-content\">La Sa\u00f4ne-et-Loire faisait partie des d\u00e9partements plac\u00e9s en vigilance orange. L\u2019institut Keraunos, sp\u00e9cialis\u00e9 dans les orages, \u00e9voque un \u00ab\u00a0v\u00e9ritable mitraillage de foudre au sein de la supercellule qui a circul\u00e9 \u00e0 la fronti\u00e8re Loire \/ Sa\u00f4ne-et-Loire, avec plus de 4 000 \u00e9clairs en 1 h\u00a0\u00bb.<\/p>\n<p>Vid\u00e9os : en ce moment sur Actu<\/p>\n<p class=\" wall-content\">Lyon et le Rh\u00f4ne n\u2019\u00e9taient pas en reste.\u00a0<\/p>\n<p class=\" wall-content\">\n<p class=\" wall-content\"><a href=\"https:\/\/actu.fr\/auvergne-rhone-alpes\/lyon_69123\/lyon-le-parc-de-la-tete-d-or-doit-fermer-en-urgence-ce-dimanche-voici-pourquoi_62713599.html\" target=\"_blank\" rel=\"noopener\">Le grand parc de la T\u00eate d\u2019Or a d\u2019ailleurs d\u00fb fermer<\/a> ses portes au public en raison des orages \u00e0 venir.<\/p>\n<p>D\u2019impressionnants gr\u00ealons<\/p>\n<p class=\" wall-content\">Plus haut et plus \u00e0 l\u2019est, M\u00e9t\u00e9o Express diffuse sur X des images impressionnantes dans les Vosges, \u00e0 \u00c9pinal.\u00a0<\/p>\n<p class=\" wall-content\">\n<p class=\" wall-content\">En Aveyron \u00e9galement, les gr\u00ealons se sont abattus sur certains villages.<\/p>\n<p class=\" wall-content\">\n<p>Les orages vont se poursuivre<\/p>\n<p class=\" wall-content\">Vers 19 h 30, Keraunos recensait environ 8 500 \u00e9clairs depuis minuit hier soir.\u00a0<\/p>\n<p class=\" wall-content\">La Moselle, la Loire et l\u2019Allier sont les d\u00e9partements les plus foudroy\u00e9s.\u00a0<\/p>\n<p class=\" wall-content\">\u00c0 l\u2019heure d\u2019\u00e9crire ces lignes, dimanche 1er juin en fin d\u2019apr\u00e8s-midi, une nouvelle salve d\u2019orages est attendue en deuxi\u00e8me partie de soir\u00e9e, notamment sur le Rh\u00f4ne-Alpes, la Franche-Comt\u00e9 ainsi que le sud de la Bourgogne. Et pour ce lundi, la vigilance est maintenue : les orages devraient encore marquer le d\u00e9but de la semaine.<\/p>\n<p class=\" wall-content\">Suivez toute l\u2019actualit\u00e9 de vos villes et m\u00e9dias favoris en vous inscrivant \u00e0 <a href=\"https:\/\/moncompte.actu.fr\" title=\"D\u00e9couvez Mon Actu\" rel=\"nofollow noopener\" data-trk=\"{&quot;cta&quot;:{&quot;action&quot;:&quot;https:\\\/\\\/moncompte.actu.fr&quot;,&quot;category&quot;:&quot;mon compte&quot;,&quot;from&quot;:&quot;article footer&quot;,&quot;name&quot;:&quot;Mon actu&quot;,&quot;type&quot;:&quot;cta&quot;}}\" target=\"_blank\">Mon Actu<\/a>.<\/p>\n","protected":false},"excerpt":{"rendered":"Par R\u00e9daction Actu Publi\u00e9 le 1 juin 2025 \u00e0 19h28 Les orages, annonc\u00e9s depuis plusieurs jours, ont bien&hellip;\n","protected":false},"author":2,"featured_media":144764,"comment_status":"","ping_status":"","sticky":false,"template":"","format":"standard","meta":{"footnotes":""},"categories":[4],"tags":[11,1011,27,2487,2357,12,4594,25],"class_list":{"0":"post-144763","1":"post","2":"type-post","3":"status-publish","4":"format-standard","5":"has-post-thumbnail","7":"category-france","8":"tag-actualites","9":"tag-fr","10":"tag-france","11":"tag-meteo","12":"tag-meteo-france","13":"tag-news","14":"tag-orages","15":"tag-republique-francaise"},"share_on_mastodon":{"url":"https:\/\/pubeurope.com\/@fr\/114609818412179019","error":""},"_links":{"self":[{"href":"https:\/\/www.europesays.com\/fr\/wp-json\/wp\/v2\/posts\/144763","targetHints":{"allow":["GET"]}}],"collection":[{"href":"https:\/\/www.europesays.com\/fr\/wp-json\/wp\/v2\/posts"}],"about":[{"href":"https:\/\/www.europesays.com\/fr\/wp-json\/wp\/v2\/types\/post"}],"author":[{"embeddable":true,"href":"https:\/\/www.europesays.com\/fr\/wp-json\/wp\/v2\/users\/2"}],"replies":[{"embeddable":true,"href":"https:\/\/www.europesays.com\/fr\/wp-json\/wp\/v2\/comments?post=144763"}],"version-history":[{"count":0,"href":"https:\/\/www.europesays.com\/fr\/wp-json\/wp\/v2\/posts\/144763\/revisions"}],"wp:featuredmedia":[{"embeddable":true,"href":"https:\/\/www.europesays.com\/fr\/wp-json\/wp\/v2\/media\/144764"}],"wp:attachment":[{"href":"https:\/\/www.europesays.com\/fr\/wp-json\/wp\/v2\/media?parent=144763"}],"wp:term":[{"taxonomy":"category","embeddable":true,"href":"https:\/\/www.europesays.com\/fr\/wp-json\/wp\/v2\/categories?post=144763"},{"taxonomy":"post_tag","embeddable":true,"href":"https:\/\/www.europesays.com\/fr\/wp-json\/wp\/v2\/tags?post=144763"}],"curies":[{"name":"wp","href":"https:\/\/api.w.org\/{rel}","templated":true}]}}