{"id":144765,"date":"2025-06-01T19:43:09","date_gmt":"2025-06-01T19:43:09","guid":{"rendered":"https:\/\/www.europesays.com\/fr\/144765\/"},"modified":"2025-06-01T19:43:09","modified_gmt":"2025-06-01T19:43:09","slug":"comme-mbappe-ronaldo-ou-messi-les-defenseurs-ne-vont-plus-le-lacher-doue-lacte-de-naissance-dun-crack-le-parisien","status":"publish","type":"post","link":"https:\/\/www.europesays.com\/fr\/144765\/","title":{"rendered":"\u00ab Comme Mbapp\u00e9, Ronaldo ou Messi, les d\u00e9fenseurs ne vont plus le l\u00e2cher \u00bb : Dou\u00e9, l\u2019acte de naissance d\u2019un crack &#8211; Le Parisien"},"content":{"rendered":"<ol>\n<li><a href=\"https:\/\/news.google.com\/rss\/articles\/CBMirgJBVV95cUxOVG55QVhOMXBIN1gwX09leERYMndYaFFMTGFTVG1jNExxQVdaMkI2bTBYOWJqZllrWklwV2hSRG5kR0xWS1BXamRFLWVvQm5ubi1aWEhTeUVDVXgyX3RSRjRneEZZWTh5X1AzUnlNbllMeUtLWFBsTnNfWThKWUk1c0tjZ25vWl8xUFIzbmVTUFJVTDdMVEo0RnYweEVGMGVURGpmbjNfUTllcGVlYzlKVkx1LXlTUV9EZV9MR1ptbmdXcTIwODZ2a1AtMkV2c19BZVdoY0ROVFJzblJQdWhLWDZUSm4tSlF1eFc1OE9mNDdTaDNZUWV4LVZLSzljSXdPZ082MWN6NG5EbVBkbkdQTHN2c095ZnA5WmszV3JSNmpGU1BDaXNjS3pQa1ZMZw?oc=5\" target=\"_blank\" rel=\"nofollow noopener\">\u00ab Comme Mbapp\u00e9, Ronaldo ou Messi, les d\u00e9fenseurs ne vont plus le l\u00e2cher \u00bb : Dou\u00e9, l\u2019acte de naissance d\u2019un crack<\/a>&nbsp;&nbsp;Le Parisien<\/li>\n<li><a href=\"https:\/\/news.google.com\/rss\/articles\/CBMijAJBVV95cUxOY1dMNExGLUxxa1k5MWZRVzhwSEkxZWNxajZ1NVhKSTl2V2tIbnlMSEVwcXFDQlpPeFpzYmk4Q3VPVnZNOVJ2cG1vNHVOR0ZxZGpGWWJzU3liZXM4bnJVT01MN253ZjZjelNldm5tWTlUaWhGMTlpeUs4NHNzSEdkSHJhQkpzWTVrU3hvYWJsSHotWnhNV3hSM3hBLTRzRlUwbUtrdnpoV2gxM1hxY1ZnRjZzaXEyaU80WkVvRFdqM2pUdzR4TThkTDl1Q0hTVzJSZGhXOGZvdW5uVVVxN1V1bXBnVHpxWDlFSTZ3b1ZDVlFhd0k3dWdJVGVmMW1mZ0E0TVo3VWtMRzJXaDQ4?oc=5\" target=\"_blank\" rel=\"nofollow noopener\">Dou\u00e9, ce qui ne s&rsquo;explique pas<\/a>&nbsp;&nbsp;Eurosport<\/li>\n<li><a href=\"https:\/\/news.google.com\/rss\/articles\/CBMikAFBVV95cUxNVlctaHdoVzMxQzU1S1hJcTdYQjJ6a3BtdUh3U0Rmc1hWbU5jZ2hzbGtya3RzamVhaFN5OHVaUFhrOVlEal92VzExZHJkM210ZVRYZ2NOQ3NGekpuSEwtaHNxWUZ0WWVkR0lteUhKOUFqQ29UM3dDa2FPMHFyQ0ZzM0V5ZTJDOEd3eWYtRjlEdUI?oc=5\" target=\"_blank\" rel=\"nofollow noopener\">Le prodige du PSG D\u00e9sir\u00e9 Dou\u00e9 suscite fiert\u00e9 et regrets en C\u00f4te d&rsquo;Ivoire<\/a>&nbsp;&nbsp;Yahoo Actualit\u00e9s<\/li>\n<li><a href=\"https:\/\/news.google.com\/rss\/articles\/CBMiqAFBVV95cUxOYlVGVHJzWjVqVjRjd1hMam9MQk0xWkZZWEI0N2tRcGI0b19LNnR0TUVMVDVmd1ZBLWExUXljd0xjUDRKOTJqVUlYN1NSRHVUSkd0OG4zVkVMV2NZeHRPS21SejIyS1FSdVlvVXVJeTFndkpVc0JSRHBrSHhoR1ZnMUc5TndfQ0taWGg0bkR1M1g5b1FzMllGbGN3MUMxSnVjYVh0S0ZYY1U?oc=5\" target=\"_blank\" rel=\"nofollow noopener\">\u00abC\u2019est un joueur qui a peu de limites\u00bb : D\u00e9sir\u00e9 Dou\u00e9, naissance d\u2019un ph\u00e9nom\u00e8ne<\/a>&nbsp;&nbsp;Le Figaro<\/li>\n<li><a href=\"https:\/\/news.google.com\/rss\/articles\/CBMi4gFBVV95cUxOb0dIaGRMQWhXQzV1SGE4dFN1ekc1RkZQdHJsd1ZsQUlkckdidFFaUHJPSk8wbWNJOVlBTG1yQ1lGQ0dLTHVaay1RYXVMdlUzRDdaOU05RDhoUU1WQXY0YmsyVUxwM2RWcG1aSTNsa0pjbllLUWMxbGlVRHFzTVhFSXZXTXdTWTJ2c0Fxa3pvenh3czVka3V2c2dOZThMVHVvYktkUHBkYmxSaGFGaUdGYUg4ai1rTzZYVWlvakZLRW5kRkUzWENlWmtyRFBJTlZ6dGtJOFpIa0lncnRiZFdQenR3?oc=5\" target=\"_blank\" rel=\"nofollow noopener\">Podcast \u00ab Big 5 \u00bb &#8211; Mesure-t-on vraiment la performance de D\u00e9sir\u00e9 Dou\u00e9 en finale de Ligue des champions ?<\/a>&nbsp;&nbsp;L&rsquo;\u00c9quipe<\/li>\n<\/ol>\n","protected":false},"excerpt":{"rendered":"\u00ab Comme Mbapp\u00e9, Ronaldo ou Messi, les d\u00e9fenseurs ne vont plus le l\u00e2cher \u00bb : Dou\u00e9, l\u2019acte de&hellip;\n","protected":false},"author":2,"featured_media":144766,"comment_status":"","ping_status":"","sticky":false,"template":"","format":"standard","meta":{"footnotes":""},"categories":[2],"tags":[11,63,1011,27,447,12,60],"class_list":{"0":"post-144765","1":"post","2":"type-post","3":"status-publish","4":"format-standard","5":"has-post-thumbnail","7":"category-actualites","8":"tag-actualites","9":"tag-football","10":"tag-fr","11":"tag-france","12":"tag-ligue-des-champions","13":"tag-news","14":"tag-sports"},"share_on_mastodon":{"url":"https:\/\/pubeurope.com\/@fr\/114609822342224494","error":""},"_links":{"self":[{"href":"https:\/\/www.europesays.com\/fr\/wp-json\/wp\/v2\/posts\/144765","targetHints":{"allow":["GET"]}}],"collection":[{"href":"https:\/\/www.europesays.com\/fr\/wp-json\/wp\/v2\/posts"}],"about":[{"href":"https:\/\/www.europesays.com\/fr\/wp-json\/wp\/v2\/types\/post"}],"author":[{"embeddable":true,"href":"https:\/\/www.europesays.com\/fr\/wp-json\/wp\/v2\/users\/2"}],"replies":[{"embeddable":true,"href":"https:\/\/www.europesays.com\/fr\/wp-json\/wp\/v2\/comments?post=144765"}],"version-history":[{"count":0,"href":"https:\/\/www.europesays.com\/fr\/wp-json\/wp\/v2\/posts\/144765\/revisions"}],"wp:featuredmedia":[{"embeddable":true,"href":"https:\/\/www.europesays.com\/fr\/wp-json\/wp\/v2\/media\/144766"}],"wp:attachment":[{"href":"https:\/\/www.europesays.com\/fr\/wp-json\/wp\/v2\/media?parent=144765"}],"wp:term":[{"taxonomy":"category","embeddable":true,"href":"https:\/\/www.europesays.com\/fr\/wp-json\/wp\/v2\/categories?post=144765"},{"taxonomy":"post_tag","embeddable":true,"href":"https:\/\/www.europesays.com\/fr\/wp-json\/wp\/v2\/tags?post=144765"}],"curies":[{"name":"wp","href":"https:\/\/api.w.org\/{rel}","templated":true}]}}