{"id":144769,"date":"2025-06-01T19:45:11","date_gmt":"2025-06-01T19:45:11","guid":{"rendered":"https:\/\/www.europesays.com\/fr\/144769\/"},"modified":"2025-06-01T19:45:11","modified_gmt":"2025-06-01T19:45:11","slug":"saint-etienne-madalitso-band-en-concert-vendredi-soir-au-fil","status":"publish","type":"post","link":"https:\/\/www.europesays.com\/fr\/144769\/","title":{"rendered":"Saint-\u00c9tienne. Madalitso Band en concert, vendredi soir au Fil"},"content":{"rendered":"<p>Venez profiter de la terrasse, du soleil et du printemps en compagnie de Madalisto Band. Consid\u00e9r\u00e9s comme de v\u00e9ritables proph\u00e8tes musicaux au Malawi, et capables de tenir la sc\u00e8ne pendant des heures, ces deux musiciens placent au c\u0153ur de leurs compositions leurs instruments traditionnels faits maison\u00a0: le babatone, grande contrebasse \u00e0 une corde, et une guitare \u00e0 quatre cordes appel\u00e9e localement banjo.<\/p>\n<p class=\"note\">Vendredi 6\u00a0juin, DJ set \u00e0 partir de 18\u00a0heures, concert \u00e0 20\u00a0heures. Le Fil. Entr\u00e9e libre. Renseignements\u00a0: www.le-fil.com<\/p>\n","protected":false},"excerpt":{"rendered":"Venez profiter de la terrasse, du soleil et du printemps en compagnie de Madalisto Band. Consid\u00e9r\u00e9s comme de&hellip;\n","protected":false},"author":2,"featured_media":144770,"comment_status":"","ping_status":"","sticky":false,"template":"","format":"standard","meta":{"footnotes":""},"categories":[9653],"tags":[1111,11,2430,1687,7539,1777,674,1011,27,12,25,4001,7538,3140],"class_list":{"0":"post-144769","1":"post","2":"type-post","3":"status-publish","4":"format-standard","5":"has-post-thumbnail","7":"category-saint-etienne","8":"tag-actu","9":"tag-actualites","10":"tag-auvergne-rhone-alpes","11":"tag-culture-loisirs","12":"tag-edition-loire-sud","13":"tag-eu","14":"tag-europe","15":"tag-fr","16":"tag-france","17":"tag-news","18":"tag-republique-francaise","19":"tag-saint-etienne","20":"tag-saint-etienne-ville","21":"tag-spectacle"},"share_on_mastodon":{"url":"https:\/\/pubeurope.com\/@fr\/114609830164828998","error":""},"_links":{"self":[{"href":"https:\/\/www.europesays.com\/fr\/wp-json\/wp\/v2\/posts\/144769","targetHints":{"allow":["GET"]}}],"collection":[{"href":"https:\/\/www.europesays.com\/fr\/wp-json\/wp\/v2\/posts"}],"about":[{"href":"https:\/\/www.europesays.com\/fr\/wp-json\/wp\/v2\/types\/post"}],"author":[{"embeddable":true,"href":"https:\/\/www.europesays.com\/fr\/wp-json\/wp\/v2\/users\/2"}],"replies":[{"embeddable":true,"href":"https:\/\/www.europesays.com\/fr\/wp-json\/wp\/v2\/comments?post=144769"}],"version-history":[{"count":0,"href":"https:\/\/www.europesays.com\/fr\/wp-json\/wp\/v2\/posts\/144769\/revisions"}],"wp:featuredmedia":[{"embeddable":true,"href":"https:\/\/www.europesays.com\/fr\/wp-json\/wp\/v2\/media\/144770"}],"wp:attachment":[{"href":"https:\/\/www.europesays.com\/fr\/wp-json\/wp\/v2\/media?parent=144769"}],"wp:term":[{"taxonomy":"category","embeddable":true,"href":"https:\/\/www.europesays.com\/fr\/wp-json\/wp\/v2\/categories?post=144769"},{"taxonomy":"post_tag","embeddable":true,"href":"https:\/\/www.europesays.com\/fr\/wp-json\/wp\/v2\/tags?post=144769"}],"curies":[{"name":"wp","href":"https:\/\/api.w.org\/{rel}","templated":true}]}}