{"id":144778,"date":"2025-06-01T19:50:12","date_gmt":"2025-06-01T19:50:12","guid":{"rendered":"https:\/\/www.europesays.com\/fr\/144778\/"},"modified":"2025-06-01T19:50:12","modified_gmt":"2025-06-01T19:50:12","slug":"ferrari-296-speciale-comme-son-nom-lindique","status":"publish","type":"post","link":"https:\/\/www.europesays.com\/fr\/144778\/","title":{"rendered":"Ferrari 296 Speciale, comme son nom l\u2019indique\u00a0!"},"content":{"rendered":"<p>            Par<br \/>\n        <strong><br \/>\n            <a href=\"https:\/\/actu.fr\/auteur\/g-martin\" title=\"Consulter tous les articles de Gil Martin\" rel=\"nofollow noopener\" target=\"_blank\">Gil Martin<\/a><br \/>\n        <\/strong><\/p>\n<p>        Publi\u00e9 le<\/p>\n<p>            1 juin 2025 \u00e0 16h29        <\/p>\n<p>Depuis la Ferrari Modena de 2002, chaque berlinette \u00e0 moteur arri\u00e8re de la marque au cheval\u00a0cabr\u00e9 a droit, \u00e0 un moment, \u00e0 sa (magnifique) variante ultra-sportive. Apr\u00e8s ses grandes s\u0153urs Modena Challenge Stradale, 430 Scuderia, 458 Speciale et autre 488 Pista, voici venu le temps et le r\u00e8gne de la 296 Speciale, un mod\u00e8le hors-norme qui profite d\u2019un incroyable transferts de technologies entre la F1 et la route.<\/p>\n<p>880 ch et 25 km d\u2019autonomie<\/p>\n<p class=\" wall-content\">Une certitude\u00a0: la 296 Speciale est n\u00e9e pour offrir \u00e0 ceux qui auront la chance de se glisser derri\u00e8re son volant des sensations et des performances se rapprochant le plus possible de celles d\u2019une voiture de course. L\u2019engin, d\u2019un poids de \u00ab\u00a0seulement\u00a0\u00bb 1 410 kilos sur la balance, fait bien la preuve de son ADN Ferrari avec une puissance avou\u00e9e de 880 ch d\u00e9livr\u00e9s par un puissant moteur V6 2,9 litres biturbo. Une puissance titanesque agr\u00e9ment\u00e9 par les 180 chevaux que fournit le moteur \u00e9lectrique pour une autonomie tout \u00e9lectrique annonc\u00e9e \u00e0 25 km\u2026<\/p>\n<p>    <img   decoding=\"async\" loading=\"lazy\" src=\"https:\/\/www.europesays.com\/fr\/wp-content\/uploads\/2025\/06\/ferrari-speciale-haut-960x640.jpg\" alt=\"Une puissance de 700 ch pour le V6 2,9 litres biturbo et les 180 ch du moteur \u00e9lectrique\" width=\"960\" height=\"640\"\/><br \/>\n    Une puissance de 700 ch pour le V6 2,9 litres biturbo et les 180 ch du moteur \u00e9lectrique (\u00a9Ferrari)Inspir\u00e9e de la comp\u00e9tition automobile<\/p>\n<p class=\" wall-content\">La berlinette rouge, pour faire parler sa force, s\u2019est dot\u00e9e d\u2019une ligne et d\u2019une structure qui fait la part belle au carbone et dont l\u2019a\u00e9rodynamique s\u2019inspire clairement de la comp\u00e9tition avec des boucliers et des soubassement redessin\u00e9s, un dessin tr\u00e8s pr\u00e9cis sur ailes arri\u00e8re et sur l\u2019aileron arri\u00e8re r\u00e9tractable, sans oublier le diffuseur arri\u00e8re redimensionn\u00e9 et les \u00e9normes prises d\u2019air \u00e0 l\u2019avant. Ce dessin a permis aux ing\u00e9nieurs de booster la d\u00e9portance qui augmente de 20 % et s\u2019affirme \u00e0 435 kilos \u00e0 250 km\/h. La 296 Speciale adh\u00e8re v\u00e9ritablement \u00e0 la route, condition n\u00e9cessaire pour exploiter sa fabuleuse cavalerie.<\/p>\n<p><strong>Le petit +<\/strong>\u00a0: l\u2019aileron principal se d\u00e9ploie en une demi-seconde jusqu\u2019\u00e0 une hauteur de 7 cm<\/p>\n<p>Vid\u00e9os : en ce moment sur Actu<br \/>\n    <a href=\"https:\/\/www.google.com\/maps\/embed?pb=!1m18!1m12!1m3!1d92442.52677621423!2d3.7915964031085063!3d43.61010273183206!2m3!1f0!2f0!3f0!3m2!1i1024!2i768!4f13.1!3m3!1m2!1s0x12b6af0725dd9db1%3A0xad8756742894e802!2sMontpellier!5e0!3m2!1sfr!2sfr!4v1748308901103!5m2!1sfr!2sfr\" title=\"Ouvrie le lien\" rel=\"nofollow noopener\" target=\"_blank\">Cliquez ici pour visualiser le contenu<\/a><\/p>\n<blockquote class=\"ac-article-quote wall-content\">\n<p>\u00ab\u00a0A noter tout de m\u00eame, outre le combin\u00e9 d\u2019instrumentation parfaitement dispos\u00e9 pour le pilote, le retour des commandes physiques sur le volant\u00a0\u00bb<\/p>\n<p>    <strong\/>\n            <\/p><\/blockquote>\n<p class=\" wall-content\">La Ferrari devient ainsi la plus puissante des mod\u00e8les \u00e0 propulsion de l\u2019histoire de la marque, et l\u2019une des plus nerveuses. Gr\u00e2ce \u00e0 l\u2019h\u00e9ritage de la F1, la bo\u00eete double embrayage 8 rapports est capable d\u2019utilise le couple suppl\u00e9mentaire du moteur \u00e9lectrique pour raccourcir les passages de vitesses\u00a0! Pour que le conducteur ne perde rien, la 296 s\u2019offre de nouveaux conduits charg\u00e9s de drainer directement le son du V6 vers l\u2019habitacle. Cette Ferrari en met plein les yeux et plein les oreilles.<\/p>\n<p>    <img   decoding=\"async\" loading=\"lazy\" src=\"https:\/\/www.europesays.com\/fr\/wp-content\/uploads\/2025\/06\/ferrari-speciale-hayon-960x640.jpg\" alt=\"La 296 s\u2019offre de nouveaux conduits charg\u00e9s de drainer directement le son du V6 vers l\u2019habitacle\" width=\"960\" height=\"640\"\/><br \/>\n    La 296 s\u2019offre de nouveaux conduits charg\u00e9s de drainer directement le son du V6 vers l\u2019habitacle (\u00a9Ferrari)Alu, carbon et alcantara<\/p>\n<p class=\" wall-content\">\u00c0 l\u2019int\u00e9rieur, le constructeur italien a opt\u00e9 pour un am\u00e9nagement \u00e9pur\u00e9, et l\u2019univers de la 296 Speciale est joliment domin\u00e9 par le carbone, la fibre tress\u00e9e d\u2019aluminium et l\u2019Alcantara. On appr\u00e9cie les blocs de portes en carbone monoblocs. A noter tout de m\u00eame, outre le combin\u00e9 d\u2019instrumentation parfaitement dispos\u00e9 pour le pilote, le retour des commandes physiques sur le volant.<\/p>\n<p>Une Ferrari rouge\u2026 ou verte !\u00a0<\/p>\n<p class=\" wall-content\">Et comme si toutes ces attentions ne suffisaient pas, la supercar est aussi disponible pour la premi\u00e8re fois dans une nouvelle couleur, le Verde N\u00fcrburgring cr\u00e9\u00e9 sp\u00e9cifiquement pour accompagner la carri\u00e8re de la berlinette. Enfin (et apr\u00e8s on arr\u00eate, promis), sachez que la 296 Speciale est aussi propos\u00e9 en d\u00e9clinaison roadster, baptis\u00e9e Speciale A.<\/p>\n<p>    <img   decoding=\"async\" loading=\"lazy\" src=\"https:\/\/www.europesays.com\/fr\/wp-content\/uploads\/2025\/06\/ferrari-speciale-cockpit-960x640.jpg\" alt=\"la supercar est aussi disponible pour la premi\u00e8re fois dans une nouvelle couleur, le Verde N\u00fcrburgring cr\u00e9\u00e9 sp\u00e9cifiquement pour elle\" width=\"960\" height=\"640\"\/><br \/>\n    la supercar est aussi disponible pour la premi\u00e8re fois dans une nouvelle couleur, le Verde N\u00fcrburgring cr\u00e9\u00e9 sp\u00e9cifiquement pour elle (\u00a9Ferrari)Ferrari 296 Speciale : les performances<\/p>\n<p>Moteur\u00a0: V6 2,9 litres biturbo<br \/>Moteur \u00e9lectrique de 180 ch<br \/>Puissance cumul\u00e9e\u00a0: 880 ch<br \/>Vitesse max : plus de 330 km\/h<br \/>De 0 \u00e0 100 km\/h en 2,8 s<br \/>Le 0\u2013200 km\/h en 7 s<br \/>Batterie\u00a0de 7,45 kWh pour 25 km d\u2019autonomie<br \/>Coffre\u00a0: 169 L<br \/>Tarifs : la 296 Speciale et la 296 Speciale A sont \u00e0 407 000 et 462 000 euros<\/p>\n<p class=\" wall-content\">.<\/p>\n<p class=\" wall-content\">Suivez toute l\u2019actualit\u00e9 de vos villes et m\u00e9dias favoris en vous inscrivant \u00e0 <a href=\"https:\/\/moncompte.actu.fr\" title=\"D\u00e9couvez Mon Actu\" rel=\"nofollow noopener\" data-trk=\"{&quot;cta&quot;:{&quot;action&quot;:&quot;https:\\\/\\\/moncompte.actu.fr&quot;,&quot;category&quot;:&quot;mon compte&quot;,&quot;from&quot;:&quot;article footer&quot;,&quot;name&quot;:&quot;Mon actu&quot;,&quot;type&quot;:&quot;cta&quot;}}\" target=\"_blank\">Mon Actu<\/a>.<\/p>\n","protected":false},"excerpt":{"rendered":"Par Gil Martin Publi\u00e9 le 1 juin 2025 \u00e0 16h29 Depuis la Ferrari Modena de 2002, chaque berlinette&hellip;\n","protected":false},"author":2,"featured_media":144779,"comment_status":"","ping_status":"","sticky":false,"template":"","format":"standard","meta":{"footnotes":""},"categories":[9599],"tags":[1111,11,1777,674,1011,27,1305,2208,12,2680,25],"class_list":{"0":"post-144778","1":"post","2":"type-post","3":"status-publish","4":"format-standard","5":"has-post-thumbnail","7":"category-montpellier","8":"tag-actu","9":"tag-actualites","10":"tag-eu","11":"tag-europe","12":"tag-fr","13":"tag-france","14":"tag-lifestyle","15":"tag-montpellier","16":"tag-news","17":"tag-occitanie","18":"tag-republique-francaise"},"share_on_mastodon":{"url":"https:\/\/pubeurope.com\/@fr\/114609849967753468","error":""},"_links":{"self":[{"href":"https:\/\/www.europesays.com\/fr\/wp-json\/wp\/v2\/posts\/144778","targetHints":{"allow":["GET"]}}],"collection":[{"href":"https:\/\/www.europesays.com\/fr\/wp-json\/wp\/v2\/posts"}],"about":[{"href":"https:\/\/www.europesays.com\/fr\/wp-json\/wp\/v2\/types\/post"}],"author":[{"embeddable":true,"href":"https:\/\/www.europesays.com\/fr\/wp-json\/wp\/v2\/users\/2"}],"replies":[{"embeddable":true,"href":"https:\/\/www.europesays.com\/fr\/wp-json\/wp\/v2\/comments?post=144778"}],"version-history":[{"count":0,"href":"https:\/\/www.europesays.com\/fr\/wp-json\/wp\/v2\/posts\/144778\/revisions"}],"wp:featuredmedia":[{"embeddable":true,"href":"https:\/\/www.europesays.com\/fr\/wp-json\/wp\/v2\/media\/144779"}],"wp:attachment":[{"href":"https:\/\/www.europesays.com\/fr\/wp-json\/wp\/v2\/media?parent=144778"}],"wp:term":[{"taxonomy":"category","embeddable":true,"href":"https:\/\/www.europesays.com\/fr\/wp-json\/wp\/v2\/categories?post=144778"},{"taxonomy":"post_tag","embeddable":true,"href":"https:\/\/www.europesays.com\/fr\/wp-json\/wp\/v2\/tags?post=144778"}],"curies":[{"name":"wp","href":"https:\/\/api.w.org\/{rel}","templated":true}]}}