{"id":144786,"date":"2025-06-01T19:57:09","date_gmt":"2025-06-01T19:57:09","guid":{"rendered":"https:\/\/www.europesays.com\/fr\/144786\/"},"modified":"2025-06-01T19:57:09","modified_gmt":"2025-06-01T19:57:09","slug":"weekend-a-la-rue-le-festival-propose-un-spectacle-dans-la-cour-dune-ecole-a-chantepie","status":"publish","type":"post","link":"https:\/\/www.europesays.com\/fr\/144786\/","title":{"rendered":"Weekend \u00e0 la rue\u00a0: le festival propose un spectacle dans la cour d\u2019une \u00e9cole \u00e0 Chantepie"},"content":{"rendered":"<p><a href=\"https:\/\/rennes.maville.com\/actu\/actudet_-chantepie.-un-week-end-festif-autour-des-arts-de-la-rue-_7-5251620_actu.Htm\" target=\"_blank\" rel=\"noopener\">\u00c0 l\u2019occasion du festival intercommunal Un Week-end \u00e0 la rue<\/a>, rendez-vous \u00e0 Chantepie, samedi 7\u00a0juin 2025, \u00a0pour une soir\u00e9e de haute voltige avec le spectacle Gravir dans la cour de l\u2019\u00e9cole des Landes\u00a0, invite Carla Calvi, du service culture de la Ville. <a href=\"https:\/\/rennes.maville.com\/actu\/actudet_-weekend-a-la-rue-deux-spectacles-gratuits-samedi-18-mai-a-chantepie-_7-6288600_actu.Htm\" target=\"_blank\" rel=\"noopener\">Dans cette cr\u00e9ation vertigineuse, deux cascadeurs pr\u00eats \u00e0 tout pour gravir les plus hauts sommets<\/a>, se retrouvent face \u00e0 une montagne d\u00e9charn\u00e9e, dont il ne subsiste que l\u2019ossature apr\u00e8s la fonte provoqu\u00e9e par la mont\u00e9e des temp\u00e9ratures. Entre danse et voltige, ils livrent une chor\u00e9graphie intense et a\u00e9rienne.<\/p>\n<p><strong>Lire aussi\u00a0: <\/strong> <a href=\"https:\/\/rennes.maville.com\/sport\/detail_-douze-eleves-de-l-ecole-des-landes-de-chantepie-ont-assiste-aux-jeux-paralympiques-_7-6461442_actu.Htm\" target=\"_blank\" rel=\"noopener\">Douze \u00e9l\u00e8ves de l\u2019\u00e9cole des Landes de Chantepie ont assist\u00e9 aux Jeux paralympiques<\/a><\/p>\n<p>\u00ab<strong>\u00a0Envie de swinguer au son des cuivres percutants\u00a0? Alors retrouvez en premi\u00e8re partie de soir\u00e9e la fanfare Beurre suc\u2019du Suet, poursuit Carla Calvi. Elle regroupe une douzaine d\u2019\u00e9l\u00e8ves, encadr\u00e9s par Corentin Co\u00efc et Fr\u00e9d\u00e9ric Leclerc.\u00a0\u00bb<\/strong> Un r\u00e9pertoire entre jazz et funk.<\/p>\n<p>La cour de r\u00e9cr\u00e9ation s\u2019est transform\u00e9e<\/p>\n<p>\u00ab<strong>\u00a0\u00c0 l\u2019occasion du spectacle Gravir, un projet d\u2019\u00e9ducation artistique et culturelle intitul\u00e9 Cour d\u2019Eau a vu le jour. Pens\u00e9 pour les enfants du p\u00e9riscolaire et du centre de loisirs, ce parcours m\u00eale cr\u00e9ation artistique et sensibilisation aux enjeux environnementaux.<\/strong>\u00a0\u00bb<\/p>\n<p>Depuis avril, la cour de r\u00e9cr\u00e9ation de l\u2019\u00e9cole des Landes s\u2019est m\u00e9tamorphos\u00e9e en un espace d\u2019expression artistique. Inspir\u00e9s par les th\u00e9matiques du spectacle \u00e0 savoir le r\u00e9chauffement climatique, la fonte des neiges et le cycle de l\u2019eau, les enfants r\u00e9aliseront une exposition.<\/p>\n<p>Ateliers cr\u00e9atifs<\/p>\n<p>Plusieurs ateliers cr\u00e9atifs et de sensibilisation sont propos\u00e9s aux \u00e9l\u00e8ves des trois \u00e9coles\u00a0: atelier scientifique et environnemental avec l\u2019association Les petits d\u00e9brouillards, d\u00e9bats \u00e9co-philosophiques enregistr\u00e9s et retranscrits sous forme de capsules sonores, interview et micro-trottoir et enfin cr\u00e9ations artistiques avec la r\u00e9alisation d\u2019une fresque sur le cycle de l\u2019eau, men\u00e9e par l\u2019artiste Marina Flouriot, et la conception de l\u2019identit\u00e9 visuelle de l\u2019exposition avec l\u2019artiste Delphine Kerangoff, de La Fabrik\u2019a.<\/p>\n<p>Encadr\u00e9s par l\u2019\u00e9quipe enfance et le p\u00f4le culture, ces ateliers permettent aux enfants de produire les \u00e9l\u00e9ments sonores et plastiques qui composeront l\u2019exposition finale \u00e0 l\u2019\u00e9cole des Landes.<\/p>\n<p><strong>Vendredi 6\u00a0juin<\/strong>, de 16\u00a0h\u00a030 \u00e0 17\u00a0h\u00a030, vernissage de l\u2019exposition \u00e0 l\u2019\u00e9cole des Landes. <strong>Samedi 7\u00a0juin, <\/strong>19\u00a0h\u00a030, fanfare Beurre suc\u2019, et \u00e0 20\u00a0h, spectacle Gravir de la compagnie les Quat\u2019fers en l\u2019air, cour de l\u2019\u00e9cole des Landes. Gratuit, buvette et petite restauration.<\/p>\n<p>\u00a0<\/p>\n","protected":false},"excerpt":{"rendered":"\u00c0 l\u2019occasion du festival intercommunal Un Week-end \u00e0 la rue, rendez-vous \u00e0 Chantepie, samedi 7\u00a0juin 2025, \u00a0pour une&hellip;\n","protected":false},"author":2,"featured_media":144787,"comment_status":"","ping_status":"","sticky":false,"template":"","format":"standard","meta":{"footnotes":""},"categories":[2821],"tags":[4405,1111,11,829,12790,8663,1122,1777,674,849,1011,27,12,6088,3086,584,25,3640,3140],"class_list":{"0":"post-144786","1":"post","2":"type-post","3":"status-publish","4":"format-standard","5":"has-post-thumbnail","7":"category-rennes","8":"tag-weekend","9":"tag-actu","10":"tag-actualites","11":"tag-bretagne","12":"tag-chantepie","13":"tag-cour","14":"tag-ecole","15":"tag-eu","16":"tag-europe","17":"tag-festival","18":"tag-fr","19":"tag-france","20":"tag-news","21":"tag-propose","22":"tag-redon","23":"tag-rennes","24":"tag-republique-francaise","25":"tag-rue","26":"tag-spectacle"},"share_on_mastodon":{"url":"https:\/\/pubeurope.com\/@fr\/114609877483151958","error":""},"_links":{"self":[{"href":"https:\/\/www.europesays.com\/fr\/wp-json\/wp\/v2\/posts\/144786","targetHints":{"allow":["GET"]}}],"collection":[{"href":"https:\/\/www.europesays.com\/fr\/wp-json\/wp\/v2\/posts"}],"about":[{"href":"https:\/\/www.europesays.com\/fr\/wp-json\/wp\/v2\/types\/post"}],"author":[{"embeddable":true,"href":"https:\/\/www.europesays.com\/fr\/wp-json\/wp\/v2\/users\/2"}],"replies":[{"embeddable":true,"href":"https:\/\/www.europesays.com\/fr\/wp-json\/wp\/v2\/comments?post=144786"}],"version-history":[{"count":0,"href":"https:\/\/www.europesays.com\/fr\/wp-json\/wp\/v2\/posts\/144786\/revisions"}],"wp:featuredmedia":[{"embeddable":true,"href":"https:\/\/www.europesays.com\/fr\/wp-json\/wp\/v2\/media\/144787"}],"wp:attachment":[{"href":"https:\/\/www.europesays.com\/fr\/wp-json\/wp\/v2\/media?parent=144786"}],"wp:term":[{"taxonomy":"category","embeddable":true,"href":"https:\/\/www.europesays.com\/fr\/wp-json\/wp\/v2\/categories?post=144786"},{"taxonomy":"post_tag","embeddable":true,"href":"https:\/\/www.europesays.com\/fr\/wp-json\/wp\/v2\/tags?post=144786"}],"curies":[{"name":"wp","href":"https:\/\/api.w.org\/{rel}","templated":true}]}}