{"id":144789,"date":"2025-06-01T19:59:16","date_gmt":"2025-06-01T19:59:16","guid":{"rendered":"https:\/\/www.europesays.com\/fr\/144789\/"},"modified":"2025-06-01T19:59:16","modified_gmt":"2025-06-01T19:59:16","slug":"autoroutes-a-velo-vegetation-de-la-meinau-cest-vous-que-le-dites-2","status":"publish","type":"post","link":"https:\/\/www.europesays.com\/fr\/144789\/","title":{"rendered":"autoroutes \u00e0 v\u00e9lo, v\u00e9g\u00e9tation de la Meinau&#8230; c&rsquo;est vous que le dites"},"content":{"rendered":"<p>  Gare de Strasbourg\u200a: un acc\u00e8s crucial<\/p>\n<p><strong>David Wendling, Astus, Bischheim\u200a: <\/strong><\/p>\n<p>\u00ab\u2009Les usagers de la ligne <a href=\"https:\/\/www.dna.fr\/environnement\/2023\/06\/19\/veloroute-entre-strasbourg-et-offenburg-des-associations-appellent-a-une-balade-ambitieuse-pour-faire-avancer-le-projet\" target=\"_blank\" rel=\"noopener\">Strasbourg-Offenbourg<\/a> interpellent sur la privatisation du passage reliant le parking Saint-Aur\u00e9lie \u00e0 la voie 25 de la gare de Strasbourg. Depuis le 12\u00a0mai 2025, les seuls clients du <a href=\"https:\/\/www.dna.fr\/transport\/2023\/05\/30\/parkings-a-velo-securises-de-plus-en-plus-prises\" target=\"_blank\" rel=\"noopener\">parking Saint-Aur\u00e9lie<\/a> de la gare de Strasbourg sont autoris\u00e9s \u00e0 y acc\u00e9der. Cette mesure n\u2019est pas sans cons\u00e9quence pour les usagers de la ligne TER transfrontali\u00e8re reliant Strasbourg, Kehl et <a href=\"https:\/\/www.dna.fr\/culture-loisirs\/2025\/05\/30\/offenbourg-leve-les-tabous-et-ose-les-good-vibes\" target=\"_blank\" rel=\"noopener\">Offenbourg<\/a>, qui expriment leur d\u00e9sarroi et leur incompr\u00e9hension.<\/p>\n<p>Le probl\u00e8me se pose pour tous ceux, non stationn\u00e9s dans l\u2019ouvrage, qui viennent \u00e0 pied par le boulevard de Metz pour emprunter ce passage, et qui aujourd\u2019hui, sont invit\u00e9s \u00e0 effectuer un d\u00e9tour de 500 m\u00e8tres \u00e0 pied via la place de la Gare, pour acc\u00e9der \u00e0 la voie 25, situ\u00e9e \u00e0 quelques dizaines de m\u00e8tres seulement \u00e0 l\u2019arri\u00e8re et d\u2019o\u00f9 partent et arrivent ces trains. Les personnes \u00e0 mobilit\u00e9 r\u00e9duite et en deux roues se retrouvent \u00e9galement p\u00e9nalis\u00e9es dans leurs correspondances.<\/p>\n<p>Condamner le passage existant aux non-utilisateurs du parking est probablement une solution de facilit\u00e9 pour assurer sa s\u00e9curit\u00e9, mais sa praticit\u00e9 est ind\u00e9niable. Aussi, l\u2019affichage r\u00e9cent visible \u00e0 l\u2019entr\u00e9e annon\u00e7ant \u00e0 limiter son accessibilit\u00e9, en a surpris plus d\u2019un.<br \/>Cette d\u00e9cision est d\u2019autant plus incompr\u00e9hensible au regard de la volont\u00e9 de la soci\u00e9t\u00e9 Effia, d\u00e9sormais gestionnaire de l\u2019ouvrage (soci\u00e9t\u00e9 Parcus auparavant), de favoriser l\u2019intermodalit\u00e9 par la mise \u00e0 disposition de stationnements s\u00e9curis\u00e9s pour les cyclistes ou bien encore la location de trottinettes \u00e9lectriques.<\/p>\n<p>Cet acc\u00e8s direct et compl\u00e9mentaire \u00e0 l\u2019entr\u00e9e principale de la gare centrale est d\u2019une grande utilit\u00e9 pour un nombre important de voyageurs transfrontaliers, d\u2019autant plus avec la perspective de d\u00e9veloppement de la ligne vers Offenbourg, et dans un objectif continu de d\u00e9veloppement de l\u2019intermodalit\u00e9.<br \/>La gare centrale de Strasbourg, la premi\u00e8re de France en nombre de TER, accueille aujourd\u2019hui quelque 75\u200a000 usagers au quotidien (contre 60\u200a000 en 2019)\u200a; \u00e0 l\u2019horizon 2030, ce sont 100\u200a 000 voyageurs par jour qui sont attendus, avec le d\u00e9veloppement du r\u00e9seau express m\u00e9tropolitain europ\u00e9en et l\u2019ambitieux, mais n\u00e9cessaire projet d\u2019ouverture de <a href=\"https:\/\/www.dna.fr\/politique\/2025\/04\/18\/gare-a-360-degres-on-devrait-en-savoir-plus-ce-printemps\" target=\"_blank\" rel=\"noopener\">la gare \u00e0 360 degr\u00e9s<\/a>.<\/p>\n<p>Dans cette optique, et la garantie du droit \u00e0 la mobilit\u00e9 pour tous, Astus appelle de ses v\u0153ux \u00e0 ce qu\u2019une alternative soit trouv\u00e9e rapidement.\u200a\u00bb<\/p>\n<p>  V\u00e9g\u00e9tation d\u00e9bordante \u00e0 la Meinau<\/p>\n<p><strong>Ren\u00e9 Woessner, Strasbourg\u2009:<\/strong><\/p>\n<p>\u00ab\u2009La <a href=\"https:\/\/www.dna.fr\/faits-divers-justice\/2025\/05\/30\/la-jeune-femme-renversee-sur-un-trottoir-a-la-meinau-est-decedee\" target=\"_blank\" rel=\"noopener\">Meinau<\/a> est un quartier tr\u00e8s agr\u00e9able et largement dot\u00e9 de jardins entourant les maisons. La partie de ces jardins jouxtant le trottoir est souvent plant\u00e9e de haies ou d\u2019arbustes. D\u00e8s le printemps, les branches se d\u00e9veloppent et d\u00e9bordent fr\u00e9quemment des cl\u00f4tures, jusqu\u2019\u00e0 \u201cmanger\u201d la moiti\u00e9 du passage, si ce n\u2019est davantage. Il me semble que la v\u00e9g\u00e9tation devrait \u00eatre maintenue par les propri\u00e9taires \u00e0 l\u2019int\u00e9rieur des propri\u00e9t\u00e9s, ce qui n\u2019est pas le cas bien souvent. J\u2019ai une pens\u00e9e \u00e9mue pour les malvoyants qui se prennent le fouet des branches en plein visage lorsqu\u2019ils pensent longer en toute s\u00e9curit\u00e9 les maisons. Si on ajoute le nombre de v\u00e9hicules gar\u00e9s sur les trottoirs, la d\u00e9ambulation devient tr\u00e8s risqu\u00e9e.\u200a\u00bb<\/p>\n<p>  Manifestation des forains\u200a: un certain malaise<\/p>\n<p><strong>Paul Klein, Strasbourg- Cronenbourg\u2009:<\/strong><\/p>\n<p>\u00ab\u2009Je tiens \u00e0 t\u00e9moigner d\u2019un certain malaise \u00e0 la vue de l\u2019attitude de certains membres de l\u2019opposition municipale lors du <a href=\"https:\/\/www.dna.fr\/politique\/2025\/05\/19\/place-de-l-etoile-la-colere-des-forains-s-embrase\" target=\"_blank\" rel=\"noopener\">blocage par les forains de la mairie le 19\u00a0mai<\/a>.<\/p>\n<p>Voir Madame Richardot relayer elle-m\u00eame sur son Facebook une photo o\u00f9 elle pose, grand sourire, un verre de caf\u00e9 \u00e0 la main, au milieu des fum\u00e9es est extr\u00eamement cynique. On voit bien qu\u2019elle est ravie du chaos et qu\u2019elle ne fait rien pour apaiser la situation, bien au contraire, malgr\u00e9 ses discours. Idem pour l\u2019attitude de M. Jakubowicz. Comment peut-on justifier\/valider en tant qu\u2019\u00e9lu de la R\u00e9publique le blocage des services publics et le conseil municipal\u200a?<br \/>Merci \u00e0 d\u2019autres personnes plus respectueuses comme M. Vetter et M. Maurer qui ont \u00e9t\u00e9 responsables en allant \u00e0 la rencontre mais sans jeter de l\u2019huile sur le feu.<\/p>\n<p>Il ne faut pas perdre ses valeurs malgr\u00e9 la campagne des municipales\u200a!\u200a\u00bb<\/p>\n<p>  Le d\u00e9sastre des \u00ab\u200aautoroutes\u200a\u00bb pour les v\u00e9los<\/p>\n<p><strong>Marie-Christine Guschbauer, Strasbourg\u2009:<\/strong><\/p>\n<p>\u00ab\u2009Apr\u00e8s <a href=\"https:\/\/www.dna.fr\/politique\/2025\/05\/23\/reamenagement-de-la-rue-melanie-des-travaux-complementaires-en-vue\" target=\"_blank\" rel=\"noopener\">la rue M\u00e9lanie<\/a>, le trafic strasbourgeois conna\u00eet un autre point de d\u00e9sespoir et de tensions\u200a: les gens qui ont besoin d\u2019aller \u00e0 Kehl en voiture \u00e0 partir de la Robertsau ou du Quartier des Quinze ont l\u2019habitude de \u201ccommencer\u201d par le pont d\u2019Anvers. La route entre le rond-point devant la L\u00e9gion \u00c9trang\u00e8re et le pont est d\u00e9j\u00e0 bloqu\u00e9e \u00e0 cause du fait qu\u2019on a r\u00e9duit la rue \u00e0 une voie (au profit d\u2019un parking\u200a!)\u200a: les chauffeurs venant du boulevard d\u2019Anvers montrent d\u00e9j\u00e0 souvent des signes d\u2019agression, qui augmentent sur le pont qui est maintenant divis\u00e9 en une \u201cautoroute\u201d pour les v\u00e9los, deux trottoirs tr\u00e8s larges et deux voies \u00e9troites pour les voitures. En allant vers Kehl, on y a beaucoup de temps pour observer les cinq v\u00e9los sur \u201cl\u2019autoroute\u201d et encore trois sur les trottoirs\u200a!<br \/>En rentrant, on peut observer le grand bouchon sur le pont depuis loin.<\/p>\n<p>Ainsi un nombre croissant des automobilistes choisit maintenant la route qui traverse le pont Pierre-Brousse pour entamer le quai Jacoutot (en direction de l\u2019Orangerie). Le feu au pont de Porte-du-Canal ne permet pas de passer avant trois phases et ainsi le bouchon entre la fronti\u00e8re et le \u201cbut du voyage\u201d a amplement le temps de polluer l\u2019air\u200a: bonne id\u00e9e \u00e9cologique\u200a!\u200a\u00bb<\/p>\n<p>  Revers pour l\u2019\u00e9cologie punitive<\/p>\n<p><strong>Jean-Marc Pons, Eschau\u200a:<\/strong><\/p>\n<p>\u00ab\u2009L\u2019\u00e9cologie punitive voulue par certains vient de subir plusieurs revers r\u00e9v\u00e9lateurs. Si l\u2019autoroute du sud ouest peut \u00eatre jug\u00e9e comme inutile, actuellement, qu\u2019en sera-t-il dans quelques ann\u00e9es, le nombre de voitures en circulation ne cessant de cro\u00eetre\u200a? Et le fait que sa construction soit quasiment achev\u00e9e rendait stupide son abandon. Si les ouvrages d\u2019art, les chauss\u00e9es devaient \u00eatre d\u00e9molis, il en co\u00fbterait bien plus encore \u00e0 la collectivit\u00e9 que leur ach\u00e8vement\u200a!<\/p>\n<p>Les produits toxiques nuisibles aux insectes pollinisateurs, dont la r\u00e9autorisation pr\u00e9occupe les apiculteurs, sont certes un probl\u00e8me, mais la survie des agriculteurs est un probl\u00e8me encore bien plus grave. Avant d\u2019interdire ces produits, il faut proposer des alternatives. Quand donc nos d\u00e9cideurs prendront-ils les probl\u00e9matiques de fa\u00e7on r\u00e9fl\u00e9chie, en mettant d\u2019abord au point des solutions de remplacement, avant de supprimer ce qui existe\u200a? Les ZFE, symboles d\u2019injustice sociale, car g\u00e9n\u00e9ratrices de discrimination par le portefeuille (beaucoup de gens sont dans l\u2019incapacit\u00e9 financi\u00e8re de changer de voiture) sont une preuve de plus de l\u2019incapacit\u00e9 des \u00e9cologistes \u00e0 appr\u00e9hender tous les aspects des probl\u00e9matiques environnementales qu\u2019ils pr\u00e9tendent d\u00e9fendre.<\/p>\n<p>On n\u2019interdit pas l\u2019usage des v\u00e9hicules \u00e0 moteurs thermiques avant d\u2019avoir mis en place des solutions alternatives durables pour les remplacer (transports collectifs en grand nombre, avec un cadencement rapide, accroissement cons\u00e9quent du nombre des chargeurs rapides pour les v\u00e9hicules \u00e9lectriques, baisse des prix de ces v\u00e9hicules). L\u2019\u00e9cologie, c\u2019est bien, l\u2019\u00e9cologie r\u00e9fl\u00e9chie, c\u2019est mieux\u200a!\u200a\u00bb<\/p>\n","protected":false},"excerpt":{"rendered":"Gare de Strasbourg\u200a: un acc\u00e8s crucial David Wendling, Astus, Bischheim\u200a: \u00ab\u2009Les usagers de la ligne Strasbourg-Offenbourg interpellent sur&hellip;\n","protected":false},"author":2,"featured_media":144436,"comment_status":"","ping_status":"","sticky":false,"template":"","format":"standard","meta":{"footnotes":""},"categories":[2820],"tags":[1111,11,2880,436,1777,674,107,1011,27,775,12,25,801,104,640,3265,3089,2879],"class_list":{"0":"post-144789","1":"post","2":"type-post","3":"status-publish","4":"format-standard","5":"has-post-thumbnail","7":"category-strasbourg","8":"tag-actu","9":"tag-actualites","10":"tag-edition-strasbourg","11":"tag-environnement","12":"tag-eu","13":"tag-europe","14":"tag-fil-info","15":"tag-fr","16":"tag-france","17":"tag-grand-est","18":"tag-news","19":"tag-republique-francaise","20":"tag-social","21":"tag-societe","22":"tag-strasbourg","23":"tag-strasbourg-nord","24":"tag-strasbourg-sud","25":"tag-strasbourg-ville"},"share_on_mastodon":{"url":"https:\/\/pubeurope.com\/@fr\/114609885251618376","error":""},"_links":{"self":[{"href":"https:\/\/www.europesays.com\/fr\/wp-json\/wp\/v2\/posts\/144789","targetHints":{"allow":["GET"]}}],"collection":[{"href":"https:\/\/www.europesays.com\/fr\/wp-json\/wp\/v2\/posts"}],"about":[{"href":"https:\/\/www.europesays.com\/fr\/wp-json\/wp\/v2\/types\/post"}],"author":[{"embeddable":true,"href":"https:\/\/www.europesays.com\/fr\/wp-json\/wp\/v2\/users\/2"}],"replies":[{"embeddable":true,"href":"https:\/\/www.europesays.com\/fr\/wp-json\/wp\/v2\/comments?post=144789"}],"version-history":[{"count":0,"href":"https:\/\/www.europesays.com\/fr\/wp-json\/wp\/v2\/posts\/144789\/revisions"}],"wp:featuredmedia":[{"embeddable":true,"href":"https:\/\/www.europesays.com\/fr\/wp-json\/wp\/v2\/media\/144436"}],"wp:attachment":[{"href":"https:\/\/www.europesays.com\/fr\/wp-json\/wp\/v2\/media?parent=144789"}],"wp:term":[{"taxonomy":"category","embeddable":true,"href":"https:\/\/www.europesays.com\/fr\/wp-json\/wp\/v2\/categories?post=144789"},{"taxonomy":"post_tag","embeddable":true,"href":"https:\/\/www.europesays.com\/fr\/wp-json\/wp\/v2\/tags?post=144789"}],"curies":[{"name":"wp","href":"https:\/\/api.w.org\/{rel}","templated":true}]}}