{"id":144796,"date":"2025-06-01T20:03:11","date_gmt":"2025-06-01T20:03:11","guid":{"rendered":"https:\/\/www.europesays.com\/fr\/144796\/"},"modified":"2025-06-01T20:03:11","modified_gmt":"2025-06-01T20:03:11","slug":"pres-de-nantes-les-ecoles-de-cette-ville-ont-toutes-recupere-leur-cantine","status":"publish","type":"post","link":"https:\/\/www.europesays.com\/fr\/144796\/","title":{"rendered":"Pr\u00e8s de Nantes, les \u00e9coles de cette ville ont toutes r\u00e9cup\u00e9r\u00e9 leur cantine"},"content":{"rendered":"<p>            Par<br \/>\n        <strong><br \/>\n            <a href=\"https:\/\/actu.fr\/auteur\/laurent-fortin\" title=\"Consulter tous les articles de Laurent Fortin\" target=\"_blank\" rel=\"noopener\">Laurent Fortin<\/a><br \/>\n        <\/strong><\/p>\n<p>        Publi\u00e9 le<\/p>\n<p>            1 juin 2025 \u00e0 21h30        <\/p>\n<p>C\u2019\u00e9tait le dernier \u00e0 \u00eatre livr\u00e9. Refait \u00e0 neuf, le <b>restaurant scolaire de <a href=\"https:\/\/www.education.gouv.fr\/annuaire\/44120\/vertou\/ecole\/0440967m\/ecole-elementaire-publique-henri-lesage.html\" target=\"_blank\" rel=\"noopener\">l\u2019\u00e9cole Henri-Lesage<\/a><\/b> a \u00e9t\u00e9 inaugur\u00e9 \u00e0 <a href=\"https:\/\/actu.fr\/pays-de-la-loire\/vertou_44215\" target=\"_blank\" rel=\"noopener\"><b>Vertou<\/b><\/a>. Les 370\u00a0\u00e9l\u00e8ves et personnel p\u00e9dagogique y d\u00e9jeunent quotidiennement. <b>Finis les allers-retours m\u00e9ridiens en car vers la salle S\u00e8vre et Maine, transform\u00e9e en r\u00e9fectoire g\u00e9ant,<\/b> qui duraient depuis 14\u00a0mois et qui grignotaient sur la pr\u00e9cieuse r\u00e9cr\u00e9ation de ce moment.<\/p>\n<blockquote class=\"ac-article-quote wall-content\">\n<p>Rien que pour \u00e7a, on est tr\u00e8s contents d\u2019\u00eatre revenus dans ces locaux. C\u2019est moins stressant pour tout le monde.<\/p>\n<p>Agn\u00e8s Gadollet, responsable de cet office de restauration qui compte, au total, 14 employ\u00e9s.<\/p><\/blockquote>\n<p class=\" wall-content\">Confortable aussi le nouveau b\u00e2timent agrandi de 163\u00a0m2, <b>dot\u00e9 de 24 places suppl\u00e9mentaires,<\/b> qui permet de fluidifier le passage des \u00e9l\u00e8ves, de donner plus d\u2019espaces aux enfants de maternelle et de faire passer les CP en format self.<\/p>\n<blockquote class=\"ac-article-quote wall-content\">\n<p>Et du point de vue de l\u2019acoustique, l\u2019am\u00e9lioration est colossale avec la pose de lino au sol et des bandes anti-bruit en hauteur sur les murs.<\/p>\n<\/blockquote>\n<p class=\" wall-content\">Elle avait pourtant quelques craintes sur le sujet, avec l\u2019ouverture de la salle de plonge sur les parties communes.<\/p>\n<p>Vid\u00e9os : en ce moment sur Actu<\/p>\n<blockquote class=\"ac-article-quote wall-content\">\n<p>Nous avons beau \u00eatre plus que lorsque nous sommes partis (d\u2019une trentaine d\u2019\u00e9l\u00e8ves), mais c\u2019est plus calme.<\/p>\n<\/blockquote>\n<p>    <img   decoding=\"async\" loading=\"lazy\" class=\"size-large\" src=\"https:\/\/www.europesays.com\/fr\/wp-content\/uploads\/2025\/06\/7e0981004e086f21981004e0817198v-960x640.jpg\" alt=\"Les \u00e9l\u00e8ves effectuent un tri de leurs d\u00e9chets \u00e0 la fin du repas. Le poids du gaspillage alimentaire est affich\u00e9.\" width=\"960\" height=\"640\"\/><br \/>\n    Les \u00e9l\u00e8ves effectuent un tri de leurs d\u00e9chets \u00e0 la fin du repas. Le poids du gaspillage alimentaire est affich\u00e9. \u00a9Hebdo de S\u00e8vre et Maine95\u2009% des \u00e9l\u00e8ves concern\u00e9s<\/p>\n<p class=\" wall-content\">Cette inauguration marquait aussi la fin de cette op\u00e9ration de<b> r\u00e9habilitation des cantines.<\/b> Outre celle de Henri-Lesage, celles des <a href=\"https:\/\/www.education.gouv.fr\/annuaire\/44120\/vertou\/ecole\/0440965k\/ecole-elementaire-publique-les-treilles.html\" target=\"_blank\" rel=\"noopener\">Treilles <\/a>et des <a href=\"https:\/\/www.education.gouv.fr\/annuaire\/44120\/vertou\/ecole\/0440970r\/ecole-primaire-publique-les-reigniers.html\" target=\"_blank\" rel=\"noopener\">Reigniers <\/a>avaient \u00e9t\u00e9 remises aux normes auparavant\u2009: elles avaient \u00e9t\u00e9 respectivement rouvertes \u00e0 la derni\u00e8re rentr\u00e9e pour la derni\u00e8re, et \u00e0 l\u2019hiver 2024 pour la premi\u00e8re. L\u00e0 aussi, ces cantines avaient augment\u00e9 leurs places\u2009: de 31 aux Treilles et de 14 aux Reigniers.<\/p>\n<blockquote class=\"ac-article-quote wall-content\">\n<p>Cela a permis de cr\u00e9er des salles \u00e0 manger suppl\u00e9mentaires et on a tout remis en conformit\u00e9 avec la r\u00e9glementation,<\/p>\n<p>Thomas Delplace, adjoint aux travaux<\/p><\/blockquote>\n<p class=\" wall-content\">Il ne manquait pas de souligner <b>l\u2019effort consenti sur la performance \u00e9nerg\u00e9tique\u2009:<\/b><\/p>\n<blockquote class=\"ac-article-quote wall-content\">\n<p>Cet \u00e9quipement r\u00e9pond aux normes du d\u00e9cret tertiaire. L\u2019optimisation de l\u2019isolation va permettre de baisser la consommation d\u2019\u00e9lectricit\u00e9 de 60\u2009% d\u2019ici 2050. De plus, les deux cantines sont pass\u00e9es en liaison froide ce qui diminue le gaspillage alimentaire car la nourriture non consomm\u00e9e peut \u00eatre gard\u00e9e.<\/p>\n<\/blockquote>\n<p class=\" wall-content\">D\u2019ailleurs, dans chacune des cantines, les poubelles p\u00e8sent automatiquement les aliments jet\u00e9s.<\/p>\n<blockquote class=\"ac-article-quote wall-content\">\n<p>Et les restes des repas sont r\u00e9cup\u00e9r\u00e9s chaque semaine par les Alchimistes pour les transformer en compost.<\/p>\n<p>Agn\u00e8s Gadollet.<\/p><\/blockquote>\n<p>    <img   decoding=\"async\" loading=\"lazy\" class=\"size-large\" src=\"https:\/\/www.europesays.com\/fr\/wp-content\/uploads\/2025\/06\/554e32004e086594e32004e082d4e3v-960x640.jpg\" alt=\"Le restaurant scolaire est tr\u00e8s color\u00e9.\" width=\"960\" height=\"640\"\/><br \/>\n    Le restaurant scolaire d\u2019Henri-Lesage est tr\u00e8s color\u00e9. \u00a9Hebdo de S\u00e8vre et Maine<\/p>\n<p class=\" wall-content\">L\u2019\u00e9cole de l\u2019Enclos b\u00e9n\u00e9ficiera quant \u00e0 elle, d\u2019un \u00e9quipement neuf, quand elle se transformera \u00e0 la rentr\u00e9e en <a href=\"https:\/\/actu.fr\/pays-de-la-loire\/vertou_44215\/quel-nom-prendra-cette-future-ecole-publique-pres-de-nantes_59714053.html\" target=\"_blank\" rel=\"noopener\">\u00e9cole Simone-Veil,<\/a> lors de son d\u00e9m\u00e9nagement aux Echalonni\u00e8res.<\/p>\n<blockquote class=\"ac-article-quote wall-content\">\n<p>Pr\u00e9cisons aussi que les conditions de travail pour les agents ont \u00e9t\u00e9 nettement am\u00e9lior\u00e9es avec l\u2019installation, notamment \u00e0 la plonge, de mat\u00e9riel ergonomique.<\/p>\n<p>Patrice Garnier, adjoint aux affaires scolaires.<\/p><\/blockquote>\n<p class=\" wall-content\">Ils sont pr\u00e8s de <b>50 agents \u00e0 travailler dans les restaurants scolaires<\/b>. Un personnel qui accueille plus de <b>1\u2009400\u00a0\u00e9l\u00e8ves par jour, soit 95\u2009% de l\u2019effectif global.<\/b><\/p>\n<p>4\u00a0millions d\u2019euros<\/p>\n<p class=\" wall-content\">L\u2019ensemble de ces r\u00e9novations aura quand m\u00eame<b> co\u00fbt\u00e9 4\u00a0millions d\u2019euros \u00e0 la collectivit\u00e9<\/b>, aid\u00e9e seulement par l\u2019\u00c9tat \u00e0 hauteur de 225\u2009000\u00a0euros.<\/p>\n<blockquote class=\"ac-article-quote wall-content\">\n<p>Nous avons tenu, malgr\u00e9 des mauvaises surprises comme l\u2019obligation de refaire la dalle \u00e0 Henri-Lesage, notre engagement.<\/p>\n<p>Le maire Rodolphe Amailland.<\/p><\/blockquote>\n<blockquote class=\"ac-article-quote wall-content\">\n<p>Durant les deux mandats, on aura aussi r\u00e9ussi \u00e0 mettre en r\u00e9seau num\u00e9rique toutes les \u00e9coles et v\u00e9g\u00e9taliser leur cour. C\u2019est pas mal.<\/p>\n<\/blockquote>\n<p class=\" wall-content\">Un programme pour les scolaires qui ne s\u2019arr\u00eatera pas l\u00e0, avec, en juin, l\u2019inauguration de la cuisine centrale (Fabrik du sud Loire) et, \u00e0 la rentr\u00e9e, le nouveau groupe scolaire Simone Veil.<\/p>\n<p class=\" wall-content\">Suivez toute l\u2019actualit\u00e9 de vos villes et m\u00e9dias favoris en vous inscrivant \u00e0 <a href=\"https:\/\/moncompte.actu.fr\" title=\"D\u00e9couvez Mon Actu\" rel=\"nofollow noopener\" data-trk=\"{&quot;cta&quot;:{&quot;action&quot;:&quot;https:\\\/\\\/moncompte.actu.fr&quot;,&quot;category&quot;:&quot;mon compte&quot;,&quot;from&quot;:&quot;article footer&quot;,&quot;name&quot;:&quot;Mon actu&quot;,&quot;type&quot;:&quot;cta&quot;}}\" target=\"_blank\">Mon Actu<\/a>.<\/p>\n","protected":false},"excerpt":{"rendered":"Par Laurent Fortin Publi\u00e9 le 1 juin 2025 \u00e0 21h30 C\u2019\u00e9tait le dernier \u00e0 \u00eatre livr\u00e9. Refait \u00e0&hellip;\n","protected":false},"author":2,"featured_media":144797,"comment_status":"","ping_status":"","sticky":false,"template":"","format":"standard","meta":{"footnotes":""},"categories":[2818],"tags":[1111,11,4019,1057,1777,674,1011,27,766,12,2636,25,104,2900],"class_list":{"0":"post-144796","1":"post","2":"type-post","3":"status-publish","4":"format-standard","5":"has-post-thumbnail","7":"category-nantes","8":"tag-actu","9":"tag-actualites","10":"tag-ecoles","11":"tag-education","12":"tag-eu","13":"tag-europe","14":"tag-fr","15":"tag-france","16":"tag-nantes","17":"tag-news","18":"tag-pays-de-la-loire","19":"tag-republique-francaise","20":"tag-societe","21":"tag-vignoble-nantais"},"share_on_mastodon":{"url":"https:\/\/pubeurope.com\/@fr\/114609901055347200","error":""},"_links":{"self":[{"href":"https:\/\/www.europesays.com\/fr\/wp-json\/wp\/v2\/posts\/144796","targetHints":{"allow":["GET"]}}],"collection":[{"href":"https:\/\/www.europesays.com\/fr\/wp-json\/wp\/v2\/posts"}],"about":[{"href":"https:\/\/www.europesays.com\/fr\/wp-json\/wp\/v2\/types\/post"}],"author":[{"embeddable":true,"href":"https:\/\/www.europesays.com\/fr\/wp-json\/wp\/v2\/users\/2"}],"replies":[{"embeddable":true,"href":"https:\/\/www.europesays.com\/fr\/wp-json\/wp\/v2\/comments?post=144796"}],"version-history":[{"count":0,"href":"https:\/\/www.europesays.com\/fr\/wp-json\/wp\/v2\/posts\/144796\/revisions"}],"wp:featuredmedia":[{"embeddable":true,"href":"https:\/\/www.europesays.com\/fr\/wp-json\/wp\/v2\/media\/144797"}],"wp:attachment":[{"href":"https:\/\/www.europesays.com\/fr\/wp-json\/wp\/v2\/media?parent=144796"}],"wp:term":[{"taxonomy":"category","embeddable":true,"href":"https:\/\/www.europesays.com\/fr\/wp-json\/wp\/v2\/categories?post=144796"},{"taxonomy":"post_tag","embeddable":true,"href":"https:\/\/www.europesays.com\/fr\/wp-json\/wp\/v2\/tags?post=144796"}],"curies":[{"name":"wp","href":"https:\/\/api.w.org\/{rel}","templated":true}]}}