{"id":14480,"date":"2025-04-10T08:18:09","date_gmt":"2025-04-10T08:18:09","guid":{"rendered":"https:\/\/www.europesays.com\/fr\/14480\/"},"modified":"2025-04-10T08:18:09","modified_gmt":"2025-04-10T08:18:09","slug":"philippe-poutou-entame-encore-une-nouvelle-carriere-a-bordeaux","status":"publish","type":"post","link":"https:\/\/www.europesays.com\/fr\/14480\/","title":{"rendered":"Philippe Poutou entame (encore) une nouvelle carri\u00e8re \u00e0 Bordeaux"},"content":{"rendered":"<p>        <img decoding=\"async\" loading=\"lazy\" src=\"https:\/\/www.europesays.com\/fr\/wp-content\/uploads\/2025\/04\/2e793ab_1718393609538-000-34pf9vc.jpg\"  width=\"728\" height=\"410\" alt=\"Philippe Poutou, photographi\u00e9 ici \u00e0 Bruxelles en avril 2024, va ouvrir une librairie \u00e0 Bordeaux \"\/>  <\/p>\n<p>NICOLAS MAETERLINCK \/ AFP<\/p>\n<p>Philippe Poutou, photographi\u00e9 ici \u00e0 Bruxelles en avril 2024, va ouvrir une librairie \u00e0 Bordeaux <\/p>\n<p class=\"asset asset-text\">POLITIQUE &#8211; De l\u2019ouvrier \u00e0 l\u2019ouvrage, il y a un pas professionnel que vient de franchir <a href=\"https:\/\/www.huffingtonpost.fr\/culture\/article\/philippe-poutou-entame-une-nouvelle-carriere_207711.html\" rel=\"nofollow noopener\" target=\"_blank\">Philippe Poutou<\/a>. L\u2019ancien chef de file du <a href=\"https:\/\/www.huffingtonpost.fr\/politique\/article\/le-npa-acte-son-divorce-avec-philippe-poutou-et-olivier-besancenot_211394.html\" rel=\"nofollow noopener\" target=\"_blank\">NPA<\/a> et multicandidat \u00e0 la pr\u00e9sidentielle a entam\u00e9 une reconversion \u00e0 Bordeaux, r\u00e9v\u00e8le Le Nouvel Obs dans un long article consacr\u00e9 \u00e0 sa nouvelle carri\u00e8re. Apr\u00e8s avoir travaill\u00e9 dans la m\u00e9tallurgie et embrass\u00e9 dans le m\u00eame parall\u00e8le la vie politique, Philippe Poutou devient libraire.<\/p>\n<p class=\"asset asset-text\">Avec sa compagne, il pr\u00e9pare l\u2019ouverture d\u2019une librairie \u00e0 <a href=\"https:\/\/www.huffingtonpost.fr\/france\/article\/bordeaux-augmente-le-prix-du-stationnement-des-gros-vehicules-a-cause-de-leur-impact-ecologique-plus-fort_245002.html\" target=\"_blank\" rel=\"noopener nofollow\" title=\"Nouvelle fen\u00eatre\">Bordeaux<\/a>, \u00ab\u00a0Les 400\u00a0coups\u00a0\u00bb. C\u2019est \u00e0 No\u00ebl qu\u2019ils ont eu le coup de c\u0153ur pour ces rayonnages alors que l\u2019ancienne propri\u00e9taire devait partir en retraite. Pas question n\u00e9anmoins pour celui qui reste conseiller municipal de Bordeaux jusqu\u2019en mars\u00a02026\u00a0d\u2019ouvrir \u00ab\u00a0un supermarch\u00e9 du livre\u00a0\u00bb. Philippe Poutou aspire \u00e0 une \u00e9choppe \u00ab\u00a0clairement de gauche, pas prisonni\u00e8re de l\u2019industrie de la culture\u00a0\u00bb. Au total, quelque 30\u00a0m\u00e8tres carr\u00e9s, non loin du palais de justice de Bordeaux, pourront accueillir pr\u00e8s de 3\u00a0000\u00a0livres pr\u00e9cise <a href=\"https:\/\/www.nouvelobs.com\/bibliobs\/20250409.OBS102552\/la-nouvelle-vie-de-philippe-poutou-qui-devient-libraire-a-bordeaux.html\" target=\"_blank\" rel=\"noopener nofollow\" title=\"Nouvelle fen\u00eatre\">Le Nouvel Obs<\/a>.<\/p>\n<p class=\"asset asset-text\">En attendant que le pas-de-porte ouvre d\u00e9but mai, Philippe Poutou et sa compagne se forment chez Libertalia, une grande librairie et maison d\u2019\u00e9dition situ\u00e9e \u00e0 Montreuil. De quoi refermer d\u00e9finitivement le chapitre de la politique\u00a0et de la mobilisation\u00a0?<\/p>\n<p class=\"asset asset-text\">En 2022, il avait d\u00e9j\u00e0 entam\u00e9 une nouvelle carri\u00e8re dans la production cin\u00e9matographique. Mais l\u2019appel des l\u00e9gislatives anticip\u00e9es de 2024\u00a0a \u00e9t\u00e9 trop fort puisqu\u2019il \u00e9tait encore candidat dans la premi\u00e8re circonscription l\u2019Aude, o\u00f9 il a \u00e9t\u00e9 battu par le candidat du Rassemblement national. Pas question pour autant de participer \u00e0 la course \u00e9lys\u00e9enne de 2027. Sur le terrain, en novembre dernier, Philippe Poutou \u00e9tait venu soutenir les ouvriers de Vencorex, dont l\u2019usine chimique est menac\u00e9e de fermeture. La semaine derni\u00e8re, encore, il ne ratait pas une miette de la condamnation de Marine Le\u00a0Pen. Mais \u00e7a, c\u2019\u00e9tait visiblement avant qu\u2019une nouvelle page commence \u00e0 s\u2019\u00e9crire.<\/p>\n<p class=\"asset asset-text\"><strong>\u00c0 voir \u00e9galement sur Le HuffPost\u00a0:<\/strong><\/p>\n<p> La lecture de ce contenu est susceptible d\u2019entra\u00eener un d\u00e9p\u00f4t de cookies de la part de l\u2019op\u00e9rateur tiers qui l\u2019h\u00e9berge. Compte-tenu des choix que vous avez exprim\u00e9s en mati\u00e8re de d\u00e9p\u00f4t de cookies, nous avons bloqu\u00e9 l\u2019affichage de ce contenu. Si vous souhaitez y acc\u00e9der, vous devez accepter la cat\u00e9gorie de cookies \u201cContenus tiers\u201d en cliquant sur le bouton ci-dessous. <\/p>\n<p> Lire la Vid\u00e9o                <\/p>\n","protected":false},"excerpt":{"rendered":"NICOLAS MAETERLINCK \/ AFP Philippe Poutou, photographi\u00e9 ici \u00e0 Bruxelles en avril 2024, va ouvrir une librairie \u00e0&hellip;\n","protected":false},"author":2,"featured_media":14481,"comment_status":"","ping_status":"","sticky":false,"template":"","format":"standard","meta":{"footnotes":""},"categories":[2817],"tags":[1111,11,1997,251,1777,674,1011,27,12,2219,6273,316,25],"class_list":{"0":"post-14480","1":"post","2":"type-post","3":"status-publish","4":"format-standard","5":"has-post-thumbnail","7":"category-bordeaux","8":"tag-actu","9":"tag-actualites","10":"tag-bordeaux","11":"tag-culture","12":"tag-eu","13":"tag-europe","14":"tag-fr","15":"tag-france","16":"tag-news","17":"tag-nouvelle-aquitaine","18":"tag-philippe-poutou","19":"tag-politique","20":"tag-republique-francaise"},"share_on_mastodon":{"url":"https:\/\/pubeurope.com\/@fr\/114312688660618532","error":""},"_links":{"self":[{"href":"https:\/\/www.europesays.com\/fr\/wp-json\/wp\/v2\/posts\/14480","targetHints":{"allow":["GET"]}}],"collection":[{"href":"https:\/\/www.europesays.com\/fr\/wp-json\/wp\/v2\/posts"}],"about":[{"href":"https:\/\/www.europesays.com\/fr\/wp-json\/wp\/v2\/types\/post"}],"author":[{"embeddable":true,"href":"https:\/\/www.europesays.com\/fr\/wp-json\/wp\/v2\/users\/2"}],"replies":[{"embeddable":true,"href":"https:\/\/www.europesays.com\/fr\/wp-json\/wp\/v2\/comments?post=14480"}],"version-history":[{"count":0,"href":"https:\/\/www.europesays.com\/fr\/wp-json\/wp\/v2\/posts\/14480\/revisions"}],"wp:featuredmedia":[{"embeddable":true,"href":"https:\/\/www.europesays.com\/fr\/wp-json\/wp\/v2\/media\/14481"}],"wp:attachment":[{"href":"https:\/\/www.europesays.com\/fr\/wp-json\/wp\/v2\/media?parent=14480"}],"wp:term":[{"taxonomy":"category","embeddable":true,"href":"https:\/\/www.europesays.com\/fr\/wp-json\/wp\/v2\/categories?post=14480"},{"taxonomy":"post_tag","embeddable":true,"href":"https:\/\/www.europesays.com\/fr\/wp-json\/wp\/v2\/tags?post=14480"}],"curies":[{"name":"wp","href":"https:\/\/api.w.org\/{rel}","templated":true}]}}