{"id":144800,"date":"2025-06-01T20:05:11","date_gmt":"2025-06-01T20:05:11","guid":{"rendered":"https:\/\/www.europesays.com\/fr\/144800\/"},"modified":"2025-06-01T20:05:11","modified_gmt":"2025-06-01T20:05:11","slug":"bordeaux-fete-le-vin-gagnez-vos-pass-degustation-et-profitez-dune-visite-de-voilier","status":"publish","type":"post","link":"https:\/\/www.europesays.com\/fr\/144800\/","title":{"rendered":"Bordeaux F\u00eate le Vin : gagnez vos pass d\u00e9gustation et profitez d&rsquo;une visite de voilier"},"content":{"rendered":"\n<p class=\"p1\">\u2764\ufe0f Cette semaine sur <strong>Wit FM<\/strong>, gagnez vos <strong>pass 10+ pour d\u00e9couvrir <a href=\"https:\/\/www.bordeaux-fete-le-vin.com\/billetterie.html\" rel=\"noopener\" target=\"_blank\">Bordeaux F\u00eate le Vin<\/a><\/strong> !<\/p>\n<p class=\"p1\"><strong>Venez vivre l\u2019exp\u00e9rience Bordeaux F\u00eate le Vin du 19 au 22 juin 2025, le long des quais de la Garonne !<\/strong><\/p>\n<p class=\"p1\">Plongez dans l\u2019univers des vins de Bordeaux et de Nouvelle-Aquitaine avec des ateliers ludiques pour voir le vin autrement, des \u00e9changes avec des viticulteurs et viticultrices engag\u00e9s, de bons moments \u00e0 partager en musique. Ce sont aussi toutes les saveurs de la r\u00e9gion \u00e0 marier avec les vins, des animations culturelles, ludiques et festives pour les grands et les petits et un magnifique spectacle de drones pour f\u00eater le d\u00e9but de l\u2019\u00e9t\u00e9 !\u00a0<\/p>\n<p>Avec le <strong>Pass 10+<\/strong> c\u2019est toute l\u2019exp\u00e9rience Bordeaux F\u00eate le Vin qui s\u2019offre \u00e0 vous ! Partez \u00e0 la d\u00e9couverte des vins de Bordeaux et de la Nouvelle-Aquitaine ! Au programme, <strong>10 d\u00e9gustations \u00e0 savourer en une ou plusieurs journ\u00e9es<\/strong>, l&rsquo;id\u00e9al pour explorer toutes les couleurs du vignoble.<\/p>\n<p>\u00a0<\/p>\n<p>Inclus dans le Pass 10+ :\u00a0<\/p>\n<ul class=\"RichTextList-bulleted\">\n<li>\n<p>1 verre \u00e0 d\u00e9gustation et son porte-verre,<\/p>\n<\/li>\n<li>\n<p>10 d\u00e9gustations sur les Pavillons des Appellations<\/p>\n<\/li>\n<li>\n<p>1 atelier d\u00e9gustation sur le Pavillon de l\u2019Ecole du Vin de Bordeaux<\/p>\n<\/li>\n<li>\n<p>1 visite avec d\u00e9gustation sur la Route des vins de Bordeaux en Graves et Sauternes<\/p>\n<\/li>\n<\/ul>\n<p class=\"p1\">____________<\/p>\n<p class=\"p1\">\ud83d\udccd<strong>Quais de la Garonne &#8211; Bordeaux\u00a0<\/strong><\/p>\n<p class=\"p1\">\ud83d\udcc5 Rendez-vous du\u00a0<strong>19 au 22 juin 2025<\/strong><\/p>\n<p class=\"p1\">\ud83d\udc49\u00a0Pour\u00a0<strong>gagner vos pass d\u00e9gustation<\/strong>,\u00a0<strong>inscrivez-vous maintenant<\/strong>\u00a0ci-dessous.<\/p>\n","protected":false},"excerpt":{"rendered":"\u2764\ufe0f Cette semaine sur Wit FM, gagnez vos pass 10+ pour d\u00e9couvrir Bordeaux F\u00eate le Vin ! Venez&hellip;\n","protected":false},"author":2,"featured_media":144801,"comment_status":"","ping_status":"","sticky":false,"template":"","format":"standard","meta":{"footnotes":""},"categories":[2817],"tags":[1111,11,1997,13937,4462,1777,674,6383,1011,27,5601,12,2219,25,1662],"class_list":{"0":"post-144800","1":"post","2":"type-post","3":"status-publish","4":"format-standard","5":"has-post-thumbnail","7":"category-bordeaux","8":"tag-actu","9":"tag-actualites","10":"tag-bordeaux","11":"tag-bordeaux-fete-le-vin","12":"tag-degustation","13":"tag-eu","14":"tag-europe","15":"tag-experience","16":"tag-fr","17":"tag-france","18":"tag-garonne","19":"tag-news","20":"tag-nouvelle-aquitaine","21":"tag-republique-francaise","22":"tag-vin"},"share_on_mastodon":{"url":"https:\/\/pubeurope.com\/@fr\/114609908848408492","error":""},"_links":{"self":[{"href":"https:\/\/www.europesays.com\/fr\/wp-json\/wp\/v2\/posts\/144800","targetHints":{"allow":["GET"]}}],"collection":[{"href":"https:\/\/www.europesays.com\/fr\/wp-json\/wp\/v2\/posts"}],"about":[{"href":"https:\/\/www.europesays.com\/fr\/wp-json\/wp\/v2\/types\/post"}],"author":[{"embeddable":true,"href":"https:\/\/www.europesays.com\/fr\/wp-json\/wp\/v2\/users\/2"}],"replies":[{"embeddable":true,"href":"https:\/\/www.europesays.com\/fr\/wp-json\/wp\/v2\/comments?post=144800"}],"version-history":[{"count":0,"href":"https:\/\/www.europesays.com\/fr\/wp-json\/wp\/v2\/posts\/144800\/revisions"}],"wp:featuredmedia":[{"embeddable":true,"href":"https:\/\/www.europesays.com\/fr\/wp-json\/wp\/v2\/media\/144801"}],"wp:attachment":[{"href":"https:\/\/www.europesays.com\/fr\/wp-json\/wp\/v2\/media?parent=144800"}],"wp:term":[{"taxonomy":"category","embeddable":true,"href":"https:\/\/www.europesays.com\/fr\/wp-json\/wp\/v2\/categories?post=144800"},{"taxonomy":"post_tag","embeddable":true,"href":"https:\/\/www.europesays.com\/fr\/wp-json\/wp\/v2\/tags?post=144800"}],"curies":[{"name":"wp","href":"https:\/\/api.w.org\/{rel}","templated":true}]}}