{"id":144808,"date":"2025-06-01T20:10:11","date_gmt":"2025-06-01T20:10:11","guid":{"rendered":"https:\/\/www.europesays.com\/fr\/144808\/"},"modified":"2025-06-01T20:10:11","modified_gmt":"2025-06-01T20:10:11","slug":"pourquoi-emmanuel-macron-sera-en-visite-dans-le-nord","status":"publish","type":"post","link":"https:\/\/www.europesays.com\/fr\/144808\/","title":{"rendered":"Pourquoi Emmanuel Macron sera en visite dans le Nord"},"content":{"rendered":"<p>            Par<br \/>\n        <strong><br \/>\n            <a href=\"https:\/\/actu.fr\/auteur\/redaction-lille\" title=\"Consulter tous les articles de R\u00e9daction Lille\" rel=\"nofollow noopener\" target=\"_blank\">R\u00e9daction Lille<\/a><br \/>\n        <\/strong><\/p>\n<p>        Publi\u00e9 le<\/p>\n<p>            1 juin 2025 \u00e0 10h50        <\/p>\n<p><b>Emmanuel Macron<\/b> se rend ce mardi 3 juin 2025 dans le <a href=\"https:\/\/actu.fr\/hauts-de-france\/nord_59\" rel=\"nofollow noopener\" target=\"_blank\">Nord<\/a> \u2013 <a href=\"https:\/\/actu.fr\/pas-de-calais\/\" rel=\"nofollow noopener\" target=\"_blank\">Pas-de-Calais<\/a> pour faire un point d\u2019\u00e9tape sur <b>le projet d&rsquo;\u00a0\u00bbengagement pour le renouveau du Bassin minier<\/b>\u00ab\u00a0, lanc\u00e9 en 2017 et destin\u00e9 \u00e0 sortir de la crise ce territoire parmi les plus pauvres de France.<\/p>\n<p>Un point sur le projet d\u2019engagement pour le renouveau du Bassin minier\u00a0<\/p>\n<p class=\" wall-content\">\u00c0 cette occasion, le chef de l\u2019\u00c9tat visitera l\u2019usine de production de batteries Envision-AESC de Douai qui doit alimenter Renault en batteries, notamment pour la R5 \u00e9lectrique, a indiqu\u00e9 l\u2019Elys\u00e9e dans un communiqu\u00e9. \u00ab\u00a0Ce projet majeur annonc\u00e9 lors du sommet Choose France en juin 2021 (\u2026) incarne la transition vers une \u00e9conomie d\u00e9carbon\u00e9e et la cr\u00e9ation d\u2019emplois locaux\u00a0\u00bb, a fait valoir la pr\u00e9sidence.<\/p>\n<p class=\" wall-content\"><a href=\"https:\/\/actu.fr\/tag\/emmanuel-macron\" rel=\"nofollow noopener\" target=\"_blank\">Emmanuel Macron<\/a> inaugurera ensuite la Maison France Services de Wallers, qui doit permettre de renforcer l\u2019acc\u00e8s aux services publics et \u00ab\u00a0illustre l\u2019engagement de l\u2019\u00c9tat dans la revitalisation du bassin minier\u00a0\u00bb, a-t-on ajout\u00e9.<\/p>\n<p class=\" wall-content\">Le taux de pauvret\u00e9 de ce territoire, o\u00f9 vit 1,2 million de personnes, atteignait 22%, contre 14,2% au niveau national, en 2015, selon une \u00e9tude de l\u2019Insee de 2019 qui met en avant, outre les probl\u00e8mes li\u00e9s \u00e0 l\u2019emploi, \u00ab\u00a0un grand nombre de difficult\u00e9s sociales : ruptures familiales, scolarit\u00e9s courtes, maternit\u00e9s pr\u00e9coces, \u00e9tat de sant\u00e9, acc\u00e8s difficile \u00e0 un logement de qualit\u00e9 et \u00e0 bas co\u00fbt, pr\u00e9carit\u00e9 \u00e9nerg\u00e9tique\u2026\u00a0\u00bb.<\/p>\n<p class=\" wall-content\">En f\u00e9vrier 2022, Emmanuel Macron, qui entretenait encore le suspens quant \u00e0 sa candidature \u00e0 l\u2019Elys\u00e9e pour un second mandat, s\u2019\u00e9tait rendu dans le Bassin minier pour \u00e9voquer avec des \u00e9lus locaux les probl\u00e9matiques de la r\u00e9gion autrefois sinistr\u00e9e.<\/p>\n<p>Vid\u00e9os : en ce moment sur Actu<\/p>\n<p class=\" wall-content\">Apr\u00e8s l\u2019enveloppe de 100 millions d\u2019euros destin\u00e9e \u00e0 la r\u00e9novation thermique de logements octroy\u00e9e en 2017, le chef de l\u2019Etat s\u2019\u00e9tait engag\u00e9 en 2022 \u00e0 verser de nouveau 100 millions d\u2019euros, une somme compl\u00e9t\u00e9e \u00e0 parit\u00e9 avec la r\u00e9gion, pour r\u00e9am\u00e9nager l\u2019espace urbain.<\/p>\n<p class=\" wall-content\"><b>AFP<\/b><\/p>\n<p class=\" wall-content\">Suivez toute l\u2019actualit\u00e9 de vos villes et m\u00e9dias favoris en vous inscrivant \u00e0 <a href=\"https:\/\/moncompte.actu.fr\" title=\"D\u00e9couvez Mon Actu\" rel=\"nofollow noopener\" data-trk=\"{&quot;cta&quot;:{&quot;action&quot;:&quot;https:\\\/\\\/moncompte.actu.fr&quot;,&quot;category&quot;:&quot;mon compte&quot;,&quot;from&quot;:&quot;article footer&quot;,&quot;name&quot;:&quot;Mon actu&quot;,&quot;type&quot;:&quot;cta&quot;}}\" target=\"_blank\">Mon Actu<\/a>.<\/p>\n","protected":false},"excerpt":{"rendered":"Par R\u00e9daction Lille Publi\u00e9 le 1 juin 2025 \u00e0 10h50 Emmanuel Macron se rend ce mardi 3 juin&hellip;\n","protected":false},"author":2,"featured_media":144809,"comment_status":"","ping_status":"","sticky":false,"template":"","format":"standard","meta":{"footnotes":""},"categories":[2815],"tags":[1111,11,1073,1777,674,1011,27,811,1307,12,316,25],"class_list":{"0":"post-144808","1":"post","2":"type-post","3":"status-publish","4":"format-standard","5":"has-post-thumbnail","7":"category-lille","8":"tag-actu","9":"tag-actualites","10":"tag-emmanuel-macron","11":"tag-eu","12":"tag-europe","13":"tag-fr","14":"tag-france","15":"tag-hauts-de-france","16":"tag-lille","17":"tag-news","18":"tag-politique","19":"tag-republique-francaise"},"share_on_mastodon":{"url":"https:\/\/pubeurope.com\/@fr\/114609928462519689","error":""},"_links":{"self":[{"href":"https:\/\/www.europesays.com\/fr\/wp-json\/wp\/v2\/posts\/144808","targetHints":{"allow":["GET"]}}],"collection":[{"href":"https:\/\/www.europesays.com\/fr\/wp-json\/wp\/v2\/posts"}],"about":[{"href":"https:\/\/www.europesays.com\/fr\/wp-json\/wp\/v2\/types\/post"}],"author":[{"embeddable":true,"href":"https:\/\/www.europesays.com\/fr\/wp-json\/wp\/v2\/users\/2"}],"replies":[{"embeddable":true,"href":"https:\/\/www.europesays.com\/fr\/wp-json\/wp\/v2\/comments?post=144808"}],"version-history":[{"count":0,"href":"https:\/\/www.europesays.com\/fr\/wp-json\/wp\/v2\/posts\/144808\/revisions"}],"wp:featuredmedia":[{"embeddable":true,"href":"https:\/\/www.europesays.com\/fr\/wp-json\/wp\/v2\/media\/144809"}],"wp:attachment":[{"href":"https:\/\/www.europesays.com\/fr\/wp-json\/wp\/v2\/media?parent=144808"}],"wp:term":[{"taxonomy":"category","embeddable":true,"href":"https:\/\/www.europesays.com\/fr\/wp-json\/wp\/v2\/categories?post=144808"},{"taxonomy":"post_tag","embeddable":true,"href":"https:\/\/www.europesays.com\/fr\/wp-json\/wp\/v2\/tags?post=144808"}],"curies":[{"name":"wp","href":"https:\/\/api.w.org\/{rel}","templated":true}]}}