{"id":144812,"date":"2025-06-01T20:12:09","date_gmt":"2025-06-01T20:12:09","guid":{"rendered":"https:\/\/www.europesays.com\/fr\/144812\/"},"modified":"2025-06-01T20:12:09","modified_gmt":"2025-06-01T20:12:09","slug":"un-incendie-se-declenche-dans-un-garage-a-la-belle-de-mai-a-marseille-3-personnes-evacuees","status":"publish","type":"post","link":"https:\/\/www.europesays.com\/fr\/144812\/","title":{"rendered":"Un incendie se d\u00e9clenche dans un garage \u00e0 la Belle de mai \u00e0 Marseille, 3 personnes \u00e9vacu\u00e9es"},"content":{"rendered":"<p>Un incendie s\u2019est d\u00e9clench\u00e9, rue Roger-Schiaffini (3e arrondissement de <a href=\"https:\/\/www.laprovence.com\/bouches-du-rhone\/marseille-13055\" target=\"_blank\" rel=\"noopener\">Marseille<\/a>), aux alentours de 19h30. Parti des garages situ\u00e9s au rez-de-chauss\u00e9e d\u2019un immeuble d\u2019habitations, il a \u00e9t\u00e9 ma\u00eetris\u00e9 une demi-heure plus tard.<\/p>\n<p>65 marins-pompiers mobilis\u00e9s<\/p>\n<p>Trois habitants de l\u2019immeuble touch\u00e9 par le sinistre ont \u00e9t\u00e9 \u00e9vacu\u00e9s par <a href=\"https:\/\/www.laprovence.com\/article\/faits-divers-justice\/17849926249551\/des-voix-et-des-histoires-au-bout-du-fil-les-marins-pompiers-de-marseille-repondent-a-toutes-les-urgences\" target=\"_blank\" rel=\"noopener\">les marins-pompiers<\/a>, avec la grande \u00e9chelle m\u00e9canique. Ils souffrent d\u2019avoir inhal\u00e9 de la fum\u00e9e, \u00e0 des degr\u00e9s divers. L\u2019un d\u2019eux, vivant au cinqui\u00e8me et dernier \u00e9tage, a \u00e9t\u00e9 transport\u00e9 \u00e0 l\u2019h\u00f4pital.<\/p>\n<p>Vingt engins et 65 marins-pompiers ont \u00e9t\u00e9 mobilis\u00e9s. Toujours en cours, l\u2019intervention des secours a n\u00e9cessit\u00e9 la fermeture de la rue \u00e0 la circulation.<\/p>\n","protected":false},"excerpt":{"rendered":"Un incendie s\u2019est d\u00e9clench\u00e9, rue Roger-Schiaffini (3e arrondissement de Marseille), aux alentours de 19h30. Parti des garages situ\u00e9s&hellip;\n","protected":false},"author":2,"featured_media":144813,"comment_status":"","ping_status":"","sticky":false,"template":"","format":"standard","meta":{"footnotes":""},"categories":[2814],"tags":[17,1111,11,20069,1446,16164,1777,674,274,1011,27,27351,1310,884,12,3744,882,25],"class_list":{"0":"post-144812","1":"post","2":"type-post","3":"status-publish","4":"format-standard","5":"has-post-thumbnail","7":"category-marseille","8":"tag-17","9":"tag-actu","10":"tag-actualites","11":"tag-belle-de-mai","12":"tag-dans","13":"tag-declenche","14":"tag-eu","15":"tag-europe","16":"tag-faits-divers-justice","17":"tag-fr","18":"tag-france","19":"tag-garage","20":"tag-incendie","21":"tag-marseille","22":"tag-news","23":"tag-personnes","24":"tag-provence-alpes-cote-dazur","25":"tag-republique-francaise"},"share_on_mastodon":{"url":"https:\/\/pubeurope.com\/@fr\/114609936379227906","error":""},"_links":{"self":[{"href":"https:\/\/www.europesays.com\/fr\/wp-json\/wp\/v2\/posts\/144812","targetHints":{"allow":["GET"]}}],"collection":[{"href":"https:\/\/www.europesays.com\/fr\/wp-json\/wp\/v2\/posts"}],"about":[{"href":"https:\/\/www.europesays.com\/fr\/wp-json\/wp\/v2\/types\/post"}],"author":[{"embeddable":true,"href":"https:\/\/www.europesays.com\/fr\/wp-json\/wp\/v2\/users\/2"}],"replies":[{"embeddable":true,"href":"https:\/\/www.europesays.com\/fr\/wp-json\/wp\/v2\/comments?post=144812"}],"version-history":[{"count":0,"href":"https:\/\/www.europesays.com\/fr\/wp-json\/wp\/v2\/posts\/144812\/revisions"}],"wp:featuredmedia":[{"embeddable":true,"href":"https:\/\/www.europesays.com\/fr\/wp-json\/wp\/v2\/media\/144813"}],"wp:attachment":[{"href":"https:\/\/www.europesays.com\/fr\/wp-json\/wp\/v2\/media?parent=144812"}],"wp:term":[{"taxonomy":"category","embeddable":true,"href":"https:\/\/www.europesays.com\/fr\/wp-json\/wp\/v2\/categories?post=144812"},{"taxonomy":"post_tag","embeddable":true,"href":"https:\/\/www.europesays.com\/fr\/wp-json\/wp\/v2\/tags?post=144812"}],"curies":[{"name":"wp","href":"https:\/\/api.w.org\/{rel}","templated":true}]}}