{"id":144816,"date":"2025-06-01T20:14:11","date_gmt":"2025-06-01T20:14:11","guid":{"rendered":"https:\/\/www.europesays.com\/fr\/144816\/"},"modified":"2025-06-01T20:14:11","modified_gmt":"2025-06-01T20:14:11","slug":"des-eclairs-dechirent-le-ciel-pres-de-4000-impacts-de-foudre-en-24h","status":"publish","type":"post","link":"https:\/\/www.europesays.com\/fr\/144816\/","title":{"rendered":"des \u00e9clairs d\u00e9chirent le ciel, pr\u00e8s de 4000 impacts de foudre en 24h"},"content":{"rendered":"<p>Le programme m\u00e9t\u00e9orologique du week-end continue de se d\u00e9rouler comme pr\u00e9vu. Hier, le Rh\u00f4ne \u00e9tait en vigilance jaune et le d\u00e9partement a pu avoir un avant-go\u00fbt des d\u00e9gradations plus s\u00e9rieuses \u00e0 venir\u00a0: des grondements, de la pluie, quelques \u00e9clairs et m\u00eame des chutes de gr\u00eales localis\u00e9es\u2026<\/p>\n<p>Les vraies hostilit\u00e9s \u00e9taient toutefois r\u00e9serv\u00e9es pour ce dimanche. Pour un peu, avec une premi\u00e8re partie de journ\u00e9e pas trop maussade, l\u2019on aurait pu croire que le passage en vigilance orange pour orages, d\u00e8s 16 heures, \u00e9tait un tantinet exag\u00e9r\u00e9\u2026<\/p>\n<p>  Orages, \u00f4 d\u00e9sespoir\u2026<\/p>\n<p>Mais ces espoirs ont \u00e9t\u00e9 douch\u00e9s, litt\u00e9ralement, alors qu\u2019un violent orage de gr\u00eale tr\u00e8s \u00e9lectrique a \u00e9clat\u00e9 entre Lyon et M\u00e2con en fin de journ\u00e9e. <a href=\"https:\/\/x.com\/KeraunosObs\/status\/1929188714690814096\" target=\"_blank\">Selon le site Keraunos<\/a>, une vigoureuse supercellule (orages aux dimensions souvent impressionantes) a transit\u00e9 entre Sa\u00f4ne-et-Loire et Loire et avant d&rsquo;aborder le nord du Rh\u00f4ne.<\/p>\n<p>Les internautes ont film\u00e9 la sombre menace depuis les Monts d&rsquo;Or,\u00a0alors qu&rsquo;elle se rapprochait inexorablement du d\u00e9partement\u2026\u00a0<\/p>\n<p>Ce contenu est bloqu\u00e9 car vous n&rsquo;avez pas accept\u00e9 les cookies et autres traceurs.<\/p>\n<p>En cliquant sur \u00ab J\u2019accepte \u00bb, les cookies et autres traceurs seront d\u00e9pos\u00e9s et vous pourrez visualiser les contenus  (<a href=\"\" class=\"consentModule_policy\" target=\"_blank\" title=\"Consulter la politique de protection des donn\u00e9es du fournisseur\">plus d&rsquo;informations<\/a>).<\/p>\n<p>En cliquant sur \u00ab J\u2019accepte tous les cookies \u00bb, vous autorisez des d\u00e9p\u00f4ts de cookies et autres traceurs pour le stockage de vos donn\u00e9es sur nos sites et applications \u00e0 des fins de personnalisation et de ciblage publicitaire.<\/p>\n<p class=\"consentModule_secondaryText\">Vous gardez la possibilit\u00e9 de retirer votre consentement \u00e0 tout moment en consultant notre <a href=\"https:\/\/www.leprogres.fr\/protection-des-donnees\" target=\"_blank\" title=\"Consulter notre politique de protection des donn\u00e9es\" rel=\"noopener\">politique de protection des donn\u00e9es<\/a>. <br \/>&#13;<br \/>\n            <a href=\"https:\/\/www.leprogres.fr\/environnement\/2025\/06\/01\/javascript:Didomi.notice.show()\" class=\"consentModule_cmp\" target=\"_blank\" rel=\"noopener\">G\u00e9rer mes choix<\/a>&#13;\n        <\/p>\n<p>&#13;<br \/>\n                        J&rsquo;accepte&#13;<br \/>\n            J&rsquo;accepte tous les cookies&#13;\n        <\/p>\n<p>  4 000 impacts de foudre ces derni\u00e8res 24 heures<\/p>\n<p>Les orages sont arriv\u00e9s \u00e0 Lyon dans la soir\u00e9e, et le moins que l&rsquo;on puisse dire, c&rsquo;est que l&rsquo;ambiance \u00e9tait \u00e9lectrique ! Le ciel gris se voyait stri\u00e9 par de nombreux \u00e9clairs.<\/p>\n<p>Pour la r\u00e9gion Rh\u00f4ne-Alpes, Keraunos annon\u00e7ait pr\u00e8s de 4 000 impacts de foudre ces derni\u00e8re 24 heures. Le\u00a0compteur devrait continuer \u00e0 grimper ce dimanche soir.<\/p>\n<p>Pas d&rsquo;intervention notable des pompiers. On rel\u00e8ve des routes inond\u00e9es \u00e0 Ch\u00e9nelette et Deux-Grosnes.<\/p>\n<p>  Les parcs et cimeti\u00e8re ferm\u00e9s \u00e0 Lyon<\/p>\n<p>\u00ab\u00a0Le d\u00e9partement du Rh\u00f4ne est class\u00e9 en vigilance orange fortes pr\u00e9cipitations avec des vents pouvant atteindre 90 km\/h\u00a0\u00bb, annonce la Ville de Lyon sur Facebook. Les grands parcs (T\u00eate d&rsquo;Or, Cerisaie, Blandan et Gerland) ainsi que les cimeti\u00e8res sont donc ferm\u00e9s.\u00a0<\/p>\n<p>Ce contenu est bloqu\u00e9 car vous n&rsquo;avez pas accept\u00e9 les cookies et autres traceurs.<\/p>\n<p>En cliquant sur \u00ab J\u2019accepte \u00bb, les cookies et autres traceurs seront d\u00e9pos\u00e9s et vous pourrez visualiser les contenus  (<a href=\"\" class=\"consentModule_policy\" target=\"_blank\" title=\"Consulter la politique de protection des donn\u00e9es du fournisseur\">plus d&rsquo;informations<\/a>).<\/p>\n<p>En cliquant sur \u00ab J\u2019accepte tous les cookies \u00bb, vous autorisez des d\u00e9p\u00f4ts de cookies et autres traceurs pour le stockage de vos donn\u00e9es sur nos sites et applications \u00e0 des fins de personnalisation et de ciblage publicitaire.<\/p>\n<p class=\"consentModule_secondaryText\">Vous gardez la possibilit\u00e9 de retirer votre consentement \u00e0 tout moment en consultant notre <a href=\"https:\/\/www.leprogres.fr\/protection-des-donnees\" target=\"_blank\" title=\"Consulter notre politique de protection des donn\u00e9es\" rel=\"noopener\">politique de protection des donn\u00e9es<\/a>. <br \/>&#13;<br \/>\n            <a href=\"https:\/\/www.leprogres.fr\/environnement\/2025\/06\/01\/javascript:Didomi.notice.show()\" class=\"consentModule_cmp\" target=\"_blank\" rel=\"noopener\">G\u00e9rer mes choix<\/a>&#13;\n        <\/p>\n<p>&#13;<br \/>\n                        J&rsquo;accepte&#13;<br \/>\n            J&rsquo;accepte tous les cookies&#13;\n        <\/p>\n<p>  Vers de nouveaux orages ce lundi \u00a0?<\/p>\n<p>Si le Rh\u00f4ne est plac\u00e9 en vigilance orange pour risques\u00a0d&rsquo;orages\u00a0cette nuit\u00a0jusqu&rsquo;\u00e0 3 heures du matin, M\u00e9t\u00e9o France laisse le d\u00e9partement en vigilance jaune entre 6 heures et 22 heures ce lundi, ce qui laisse pr\u00e9sager d&rsquo;un d\u00e9but de semaine (comme de mois) assez tumultueux.\u00a0\u00a0<\/p>\n","protected":false},"excerpt":{"rendered":"Le programme m\u00e9t\u00e9orologique du week-end continue de se d\u00e9rouler comme pr\u00e9vu. Hier, le Rh\u00f4ne \u00e9tait en vigilance jaune&hellip;\n","protected":false},"author":2,"featured_media":144817,"comment_status":"","ping_status":"","sticky":false,"template":"","format":"standard","meta":{"footnotes":""},"categories":[1889],"tags":[1111,11,2430,3152,2757,3153,3154,3155,3156,1777,674,107,1011,27,3059,2428,8423,12,25,2429],"class_list":{"0":"post-144816","1":"post","2":"type-post","3":"status-publish","4":"format-standard","5":"has-post-thumbnail","7":"category-lyon","8":"tag-actu","9":"tag-actualites","10":"tag-auvergne-rhone-alpes","11":"tag-edition-est-lyonnais","12":"tag-edition-lyon-villeurbanne","13":"tag-edition-ouest-lyonnais","14":"tag-edition-sud-lyonnais","15":"tag-edition-tarare","16":"tag-edition-villefranche","17":"tag-eu","18":"tag-europe","19":"tag-fil-info","20":"tag-fr","21":"tag-france","22":"tag-intemperies","23":"tag-lyon","24":"tag-meteorologie-climat","25":"tag-news","26":"tag-republique-francaise","27":"tag-rhone"},"share_on_mastodon":{"url":"https:\/\/pubeurope.com\/@fr\/114609944180466770","error":""},"_links":{"self":[{"href":"https:\/\/www.europesays.com\/fr\/wp-json\/wp\/v2\/posts\/144816","targetHints":{"allow":["GET"]}}],"collection":[{"href":"https:\/\/www.europesays.com\/fr\/wp-json\/wp\/v2\/posts"}],"about":[{"href":"https:\/\/www.europesays.com\/fr\/wp-json\/wp\/v2\/types\/post"}],"author":[{"embeddable":true,"href":"https:\/\/www.europesays.com\/fr\/wp-json\/wp\/v2\/users\/2"}],"replies":[{"embeddable":true,"href":"https:\/\/www.europesays.com\/fr\/wp-json\/wp\/v2\/comments?post=144816"}],"version-history":[{"count":0,"href":"https:\/\/www.europesays.com\/fr\/wp-json\/wp\/v2\/posts\/144816\/revisions"}],"wp:featuredmedia":[{"embeddable":true,"href":"https:\/\/www.europesays.com\/fr\/wp-json\/wp\/v2\/media\/144817"}],"wp:attachment":[{"href":"https:\/\/www.europesays.com\/fr\/wp-json\/wp\/v2\/media?parent=144816"}],"wp:term":[{"taxonomy":"category","embeddable":true,"href":"https:\/\/www.europesays.com\/fr\/wp-json\/wp\/v2\/categories?post=144816"},{"taxonomy":"post_tag","embeddable":true,"href":"https:\/\/www.europesays.com\/fr\/wp-json\/wp\/v2\/tags?post=144816"}],"curies":[{"name":"wp","href":"https:\/\/api.w.org\/{rel}","templated":true}]}}