{"id":144818,"date":"2025-06-01T20:17:09","date_gmt":"2025-06-01T20:17:09","guid":{"rendered":"https:\/\/www.europesays.com\/fr\/144818\/"},"modified":"2025-06-01T20:17:09","modified_gmt":"2025-06-01T20:17:09","slug":"le-chef-jean-imbert-rend-hommage-au-jeune-tue-dans-un-accident-apres-la-victoire-du-psg","status":"publish","type":"post","link":"https:\/\/www.europesays.com\/fr\/144818\/","title":{"rendered":"le chef Jean Imbert rend hommage au jeune tu\u00e9 dans un accident apr\u00e8s la victoire du PSG"},"content":{"rendered":"<p>            Par<br \/>\n        <strong><br \/>\n            <a href=\"https:\/\/actu.fr\/auteur\/thomas-martin\" title=\"Consulter tous les articles de Thomas Martin\" rel=\"nofollow noopener\" target=\"_blank\">Thomas Martin<\/a><br \/>\n        <\/strong><\/p>\n<p>        Publi\u00e9 le<\/p>\n<p>            1 juin 2025 \u00e0 21h12        <\/p>\n<p>La f\u00eate suivant le <a href=\"https:\/\/actu.fr\/ile-de-france\/paris_75056\/irresistible-le-psg-remporte-la-premiere-ligue-des-champions-de-son-histoire-au-terme-d-une-finale-de-reve_62712076.html\" rel=\"nofollow noopener\" target=\"_blank\">sacre du PSG<\/a> a \u00e9t\u00e9 ternie par la <a href=\"https:\/\/actu.fr\/ile-de-france\/paris_75056\/celebrations-de-la-victoire-du-psg-mort-d-une-femme-a-scooter-a-paris-percutee-par-une-voiture_62713136.html\" rel=\"nofollow noopener\" target=\"_blank\">mort d\u2019un jeune homme<\/a> \u00e0 scooter apr\u00e8s avoir percut\u00e9 une voiture dans le <strong>7e arrondissement de Paris<\/strong>, au carrefour du boulevard de la tour Maubourg et de l\u2019avenue de la Motte-Picquet. Un d\u00e9c\u00e8s suivi ce dimanche par un hommage du chef <a href=\"https:\/\/actu.fr\/normandie\/le-mont-saint-michel_50353\/quatre-ex-compagnes-accusent-jean-imbert-a-la-tete-dun-restau-au-mont-saint-michel-de-violences_62553609.html\" rel=\"nofollow noopener\" target=\"_blank\">Jean Imbert<\/a> pour lequel travaillait le jeune homme.\u00a0<\/p>\n<p>D\u00e9pistages d\u2019alcool\u00e9mie et de stup\u00e9fiants n\u00e9gatif<\/p>\n<p class=\" wall-content\">\u00ab Le jeune homme de 23 ans, tragiquement d\u00e9c\u00e9d\u00e9 cette nuit \u00e0 Paris en scooter, faisait partie de l\u2019\u00e9quipe de l\u2019un de mes restaurants, a \u00e9crit le chef du Plaza Ath\u00e9n\u00e9e dans le 8e arrondissement sur Instagram. Voir un si jeune destin bris\u00e9 nous bouleverse tous. Mes pens\u00e9es les plus sinc\u00e8res et toute ma compassion vont \u00e0 sa famille et \u00e0 ses proches \u00bb. Il a fait part de sa \u00ab\u00a0profonde tristesse\u00a0\u00bb.\u00a0<\/p>\n<p class=\" wall-content\">Le conducteur de la voiture, n\u00e9 en octobre 2005, a \u00e9t\u00e9 plac\u00e9 en garde \u00e0 vue, nous a indiqu\u00e9 le parquet de Paris, pr\u00e9cisant que les d\u00e9pistages d\u2019alcool\u00e9mie et de stup\u00e9fiants r\u00e9alis\u00e9s sont n\u00e9gatifs.<\/p>\n<p class=\" wall-content\">De source polici\u00e8re, on apprenait que l\u2019enqu\u00eate devait notamment permettre de \u00ab\u00a0v\u00e9rifier le lien avec les festivit\u00e9s\u00a0\u00bb.\u00a0<\/p>\n<p class=\" wall-content\">Suivez toute l\u2019actualit\u00e9 de vos villes et m\u00e9dias favoris en vous inscrivant \u00e0 <a href=\"https:\/\/moncompte.actu.fr\" title=\"D\u00e9couvez Mon Actu\" rel=\"nofollow noopener\" data-trk=\"{&quot;cta&quot;:{&quot;action&quot;:&quot;https:\\\/\\\/moncompte.actu.fr&quot;,&quot;category&quot;:&quot;mon compte&quot;,&quot;from&quot;:&quot;article footer&quot;,&quot;name&quot;:&quot;Mon actu&quot;,&quot;type&quot;:&quot;cta&quot;}}\" target=\"_blank\">Mon Actu<\/a>.<\/p>\n<ul class=\"ac-article-tag wall-content\">\n<li><a href=\"https:\/\/actu.fr\/tag\/accident\" data-trk=\"{&quot;cta&quot;:{&quot;action&quot;:&quot;Accident&quot;,&quot;category&quot;:&quot;tag&quot;,&quot;from&quot;:&quot;article footer&quot;,&quot;name&quot;:&quot;Accident&quot;,&quot;type&quot;:&quot;cta&quot;}}\" rel=\"nofollow noopener\" target=\"_blank\">#Accident<\/a><\/li>\n<li><a href=\"https:\/\/actu.fr\/tag\/paris-saint-germain-psg\" data-trk=\"{&quot;cta&quot;:{&quot;action&quot;:&quot;Paris Saint Germain (PSG)&quot;,&quot;category&quot;:&quot;tag&quot;,&quot;from&quot;:&quot;article footer&quot;,&quot;name&quot;:&quot;Paris Saint Germain (PSG)&quot;,&quot;type&quot;:&quot;cta&quot;}}\" rel=\"nofollow noopener\" target=\"_blank\">#Paris Saint Germain (PSG)<\/a><\/li>\n<\/ul>\n","protected":false},"excerpt":{"rendered":"Par Thomas Martin Publi\u00e9 le 1 juin 2025 \u00e0 21h12 La f\u00eate suivant le sacre du PSG a&hellip;\n","protected":false},"author":2,"featured_media":144819,"comment_status":"","ping_status":"","sticky":false,"template":"","format":"standard","meta":{"footnotes":""},"categories":[1888],"tags":[119,1111,1928,11,1927,1777,674,118,1011,27,12,1926,626,1925,2332,25],"class_list":{"0":"post-144818","1":"post","2":"type-post","3":"status-publish","4":"format-standard","5":"has-post-thumbnail","7":"category-paris","8":"tag-accident","9":"tag-actu","10":"tag-actu-paris","11":"tag-actualites","12":"tag-actualites-paris","13":"tag-eu","14":"tag-europe","15":"tag-faits-divers","16":"tag-fr","17":"tag-france","18":"tag-news","19":"tag-news-paris","20":"tag-paris","21":"tag-paris-news","22":"tag-paris-saint-germain-psg","23":"tag-republique-francaise"},"share_on_mastodon":{"url":"https:\/\/pubeurope.com\/@fr\/114609955989677042","error":""},"_links":{"self":[{"href":"https:\/\/www.europesays.com\/fr\/wp-json\/wp\/v2\/posts\/144818","targetHints":{"allow":["GET"]}}],"collection":[{"href":"https:\/\/www.europesays.com\/fr\/wp-json\/wp\/v2\/posts"}],"about":[{"href":"https:\/\/www.europesays.com\/fr\/wp-json\/wp\/v2\/types\/post"}],"author":[{"embeddable":true,"href":"https:\/\/www.europesays.com\/fr\/wp-json\/wp\/v2\/users\/2"}],"replies":[{"embeddable":true,"href":"https:\/\/www.europesays.com\/fr\/wp-json\/wp\/v2\/comments?post=144818"}],"version-history":[{"count":0,"href":"https:\/\/www.europesays.com\/fr\/wp-json\/wp\/v2\/posts\/144818\/revisions"}],"wp:featuredmedia":[{"embeddable":true,"href":"https:\/\/www.europesays.com\/fr\/wp-json\/wp\/v2\/media\/144819"}],"wp:attachment":[{"href":"https:\/\/www.europesays.com\/fr\/wp-json\/wp\/v2\/media?parent=144818"}],"wp:term":[{"taxonomy":"category","embeddable":true,"href":"https:\/\/www.europesays.com\/fr\/wp-json\/wp\/v2\/categories?post=144818"},{"taxonomy":"post_tag","embeddable":true,"href":"https:\/\/www.europesays.com\/fr\/wp-json\/wp\/v2\/tags?post=144818"}],"curies":[{"name":"wp","href":"https:\/\/api.w.org\/{rel}","templated":true}]}}