{"id":144826,"date":"2025-06-01T20:21:10","date_gmt":"2025-06-01T20:21:10","guid":{"rendered":"https:\/\/www.europesays.com\/fr\/144826\/"},"modified":"2025-06-01T20:21:10","modified_gmt":"2025-06-01T20:21:10","slug":"mercato-falaye-sacko-concerne-par-de-premieres-rumeurs-en-russie-et-du-golfe","status":"publish","type":"post","link":"https:\/\/www.europesays.com\/fr\/144826\/","title":{"rendered":"[Mercato] Falaye Sacko concern\u00e9 par de premi\u00e8res rumeurs en Russie et du Golfe"},"content":{"rendered":"<p>Depuis des mois et des mois, des rumeurs persistantes et redondantes autour d\u2019un joueur qui illustrera \u00e0 merveille le loup\u00e9 sportif de la direction h\u00e9raultaise ces derni\u00e8res ann\u00e9es.<\/p>\n<p>Et ce mercato estival n\u2019a pas d\u00e9but\u00e9 que la r\u00e8gle se confirme puisque selon Rudy Galetti, journaliste italien, Falaye Sacko, bien d\u00e9termin\u00e9 \u00e0 quitter Grammont, susciterait des int\u00e9r\u00eats russes et du Golfe. Cependant, une fois encore, ces int\u00e9r\u00eats ne se manifestent pas par une offre concr\u00e8te. Un simple coup de projecteur de son agent quelques jours avant le d\u00e9but des hostilit\u00e9s ?<\/p>\n<p>Sous contrat pour encore une saison, les derni\u00e8res semaines ont prouv\u00e9 que Zoumana Camara ne comptait pas sur le lat\u00e9ral droit malien pour la saison prochaine. Jamais au niveau depuis son arriv\u00e9e dans l\u2019H\u00e9rault en provenance du Portugal, son d\u00e9part serait un vrai soulagement pour tous les protagonistes.<\/p>\n<blockquote class=\"twitter-tweet\" data-width=\"550\" data-dnt=\"true\">\n<p lang=\"en\" dir=\"ltr\">\ud83d\udea8\ud83d\udc4b Falaye <a href=\"https:\/\/twitter.com\/hashtag\/Sacko?src=hash&amp;ref_src=twsrc%5Etfw\" rel=\"nofollow noopener\" target=\"_blank\">#Sacko<\/a> is set for a summer move away from <a href=\"https:\/\/twitter.com\/hashtag\/Montpellier?src=hash&amp;ref_src=twsrc%5Etfw\" rel=\"nofollow noopener\" target=\"_blank\">#Montpellier<\/a>.<\/p>\n<p>\u203c\ufe0fDespite a 1-year contract left, the \ud83c\uddeb\ud83c\uddf7 club is open to evaluating offers to let him go.<\/p>\n<p>\ud83d\udc40 No bids received yet, but interest is growing: \ud83c\uddf7\ud83c\uddfa and the Gulf region are high on his list of preferred destinations. <a href=\"https:\/\/t.co\/DClDVONR56\" rel=\"nofollow\">pic.twitter.com\/DClDVONR56<\/a><\/p>\n<p>\u2014 Rudy Galetti (@RudyGaletti) <a href=\"https:\/\/twitter.com\/RudyGaletti\/status\/1928395916160962934?ref_src=twsrc%5Etfw\" rel=\"nofollow noopener\" target=\"_blank\">May 30, 2025<\/a><\/p><\/blockquote>\n<p>   <script async src=\"https:\/\/platform.twitter.com\/widgets.js\" charset=\"utf-8\"><\/script><\/p>\n","protected":false},"excerpt":{"rendered":"Depuis des mois et des mois, des rumeurs persistantes et redondantes autour d\u2019un joueur qui illustrera \u00e0 merveille&hellip;\n","protected":false},"author":2,"featured_media":144827,"comment_status":"","ping_status":"","sticky":false,"template":"","format":"standard","meta":{"footnotes":""},"categories":[1591],"tags":[328,11,1887,1434,12,1885,1886,132],"class_list":{"0":"post-144826","1":"post","2":"type-post","3":"status-publish","4":"format-standard","5":"has-post-thumbnail","7":"category-russie","8":"tag-a-la-une","9":"tag-actualites","10":"tag-federation-de-russie","11":"tag-mercato","12":"tag-news","13":"tag-russia","14":"tag-russian-federation","15":"tag-russie"},"share_on_mastodon":{"url":"https:\/\/pubeurope.com\/@fr\/114609971921142626","error":""},"_links":{"self":[{"href":"https:\/\/www.europesays.com\/fr\/wp-json\/wp\/v2\/posts\/144826","targetHints":{"allow":["GET"]}}],"collection":[{"href":"https:\/\/www.europesays.com\/fr\/wp-json\/wp\/v2\/posts"}],"about":[{"href":"https:\/\/www.europesays.com\/fr\/wp-json\/wp\/v2\/types\/post"}],"author":[{"embeddable":true,"href":"https:\/\/www.europesays.com\/fr\/wp-json\/wp\/v2\/users\/2"}],"replies":[{"embeddable":true,"href":"https:\/\/www.europesays.com\/fr\/wp-json\/wp\/v2\/comments?post=144826"}],"version-history":[{"count":0,"href":"https:\/\/www.europesays.com\/fr\/wp-json\/wp\/v2\/posts\/144826\/revisions"}],"wp:featuredmedia":[{"embeddable":true,"href":"https:\/\/www.europesays.com\/fr\/wp-json\/wp\/v2\/media\/144827"}],"wp:attachment":[{"href":"https:\/\/www.europesays.com\/fr\/wp-json\/wp\/v2\/media?parent=144826"}],"wp:term":[{"taxonomy":"category","embeddable":true,"href":"https:\/\/www.europesays.com\/fr\/wp-json\/wp\/v2\/categories?post=144826"},{"taxonomy":"post_tag","embeddable":true,"href":"https:\/\/www.europesays.com\/fr\/wp-json\/wp\/v2\/tags?post=144826"}],"curies":[{"name":"wp","href":"https:\/\/api.w.org\/{rel}","templated":true}]}}