{"id":144828,"date":"2025-06-01T20:22:09","date_gmt":"2025-06-01T20:22:09","guid":{"rendered":"https:\/\/www.europesays.com\/fr\/144828\/"},"modified":"2025-06-01T20:22:09","modified_gmt":"2025-06-01T20:22:09","slug":"victoire-du-psg-attaque-de-lukraine-contre-laviation-russe-nouvelles-sanctions-contre-les-chomeurs-mobilisation-en-israel-contre-la-guerre-a-gaza-ce-quil-ne-fall","status":"publish","type":"post","link":"https:\/\/www.europesays.com\/fr\/144828\/","title":{"rendered":"Victoire du PSG, attaque de l\u2019Ukraine contre l\u2019aviation russe, nouvelles sanctions contre les ch\u00f4meurs, mobilisation en Isra\u00ebl contre la guerre \u00e0 Gaza\u2026 Ce qu\u2019il ne fallait pas manquer ce week-end"},"content":{"rendered":"<p><strong>Victoire du PSG\u00a0: \u00e0 Munich, le triomphe de Luis Enrique<\/strong><\/p>\n<p>Apr\u00e8s quatorze ann\u00e9es \u00e0 courir apr\u00e8s, <a href=\"https:\/\/www.humanite.fr\/sports\/football\/le-paris-saint-germain-est-totalement-magique\" target=\"_blank\" rel=\"noopener\">le PSG tient enfin sa Coupe d\u2019Europe<\/a>. Mais c\u2019est l\u2019arriv\u00e9e du coach espagnol qui a tout chang\u00e9. Moins de stars, plus d\u2019\u00e9quipe, le club de la capitale a trouv\u00e9 son identit\u00e9.<\/p>\n<p><strong>L\u2019Ukraine lance une vaste op\u00e9ration contre l\u2019aviation militaire russe<\/strong><\/p>\n<p>L\u2019arm\u00e9e ukrainienne a lanc\u00e9 une s\u00e9rie d\u2019attaques contre l\u2019aviation militaire russe, ciblant des bases militaires russes situ\u00e9es \u00e0 plusieurs endroits du pays.<\/p>\n<p><strong>De nouvelles sanctions contre les ch\u00f4meurs publi\u00e9es au Journal officiel<\/strong><\/p>\n<p>Six mois apr\u00e8s l\u2019entr\u00e9e en vigueur de la loi pour le plein emploi, son volet sanctions, condamn\u00e9 unanimement par les associations et les syndicats, a \u00e9t\u00e9 formalis\u00e9 dans un d\u00e9cret publi\u00e9 le 31\u00a0mai au Journal officiel. Il pr\u00e9voit la suspension d\u2019au moins 30\u00a0% de l\u2019allocation des demandeurs d\u2019emploi, dont les b\u00e9n\u00e9ficiaires du RSA, pour une dur\u00e9e allant jusqu\u2019\u00e0 quatre mois.<\/p>\n<p><strong>En Isra\u00ebl, le mouvement des \u00ab\u00a0drapeaux noirs\u00a0\u00bb manifeste contre la guerre \u00e0 Gaza<\/strong><\/p>\n<p>Ces derni\u00e8res semaines, les Isra\u00e9liens ont d\u00e9fil\u00e9 par milliers dans les rues du pays. Pas un jour ne passe sans manifestations contre la politique de Netanyahou, pour demander le retour des otages, pour un arr\u00eat de la guerre \u00e0 Gaza et plus r\u00e9cemment pour s\u2019indigner de la souffrance des Gazaouis.<\/p>\n<p><strong>Les Mexicains votent pour \u00e9lire leurs juges ce dimanche\u00a0: pourquoi c\u2019est une journ\u00e9e historique\u00a0?<\/strong><\/p>\n<p>Cons\u00e9quence d\u2019une r\u00e9forme vot\u00e9e par la gauche, les citoyens mexicains \u00e9taient appel\u00e9s dimanche 1er\u00a0juin \u00e0 \u00e9lire directement leurs autorit\u00e9s judiciaires f\u00e9d\u00e9rales, jusqu\u2019aux magistrats de la Cour supr\u00eame.<\/p>\n<p><strong>Et aussi\u00a0:<\/strong><\/p>\n<p><a href=\"https:\/\/www.humanite.fr\/politique\/ales\/ils-ont-commence-a-utiliser-leurs-gazeuses-et-a-frapper-qui-sont-les-neonazis-qui-ont-attaque-le-bar-le-prole-qg-des-communistes-a-ales\" target=\"_blank\" rel=\"noopener\">Un groupe n\u00e9onazi attaque un bar, QG des militants communistes, \u00e0 Al\u00e8s<\/a><\/p>\n<p>Grands \u00e9quipements publics\u00a0: le discret amendement du gouvernement qui <a href=\"https:\/\/www.humanite.fr\/politique\/emmanuel-macron\/grands-equipements-publics-le-discret-amendement-du-gouvernement-qui-ouvre-la-maintenance-aux-groupes-du-btp\" target=\"_blank\" rel=\"noopener\">ouvre la maintenance aux groupes du BTP<\/a><\/p>\n<p>\u00c0 Paris, <a href=\"https:\/\/www.humanite.fr\/politique\/armee-israelienne\/a-paris-un-gala-de-soutien-a-larmee-israelienne-rassemble-essayistes-et-journalistes-dextreme-droite-pour-rire-des-morts-a-gaza\" target=\"_blank\" rel=\"noopener\">un gala de soutien \u00e0 l\u2019arm\u00e9e isra\u00e9lienne<\/a> rassemble essayistes et journalistes d\u2019extr\u00eame droite pour rire des morts \u00e0 Gaza<\/p>\n<p>Avant de partir, une derni\u00e8re chose\u2026<\/p>\n<p>Contrairement \u00e0 90% des m\u00e9dias fran\u00e7ais aujourd\u2019hui, <strong>l\u2019Humanit\u00e9 ne d\u00e9pend ni de grands groupes ni de milliardaires<\/strong>. Cela signifie que : <\/p>\n<ul class=\"wp-block-list\">\n<li>nous vous apportons des informations impartiales, sans compromis. Mais aussi que <\/li>\n<li>nous n\u2019avons pas les moyens financiers dont b\u00e9n\u00e9ficient les autres m\u00e9dias.<\/li>\n<\/ul>\n<p><strong>L\u2019information ind\u00e9pendante et de qualit\u00e9 a un co\u00fbt<\/strong>. Payez-le.<br \/><a href=\"https:\/\/stage.preprod.humanite.fr\/lhumanite-cest-vous\" data-type=\"link\" data-id=\"https:\/\/stage.preprod.humanite.fr\/lhumanite-cest-vous\" target=\"_blank\" rel=\"noopener\">Je veux en savoir plus<\/a><\/p>\n","protected":false},"excerpt":{"rendered":"Victoire du PSG\u00a0: \u00e0 Munich, le triomphe de Luis Enrique Apr\u00e8s quatorze ann\u00e9es \u00e0 courir apr\u00e8s, le PSG&hellip;\n","protected":false},"author":2,"featured_media":144829,"comment_status":"","ping_status":"","sticky":false,"template":"","format":"standard","meta":{"footnotes":""},"categories":[1590],"tags":[11,1777,674,63,665,12,220],"class_list":{"0":"post-144828","1":"post","2":"type-post","3":"status-publish","4":"format-standard","5":"has-post-thumbnail","7":"category-ukraine","8":"tag-actualites","9":"tag-eu","10":"tag-europe","11":"tag-football","12":"tag-gaza","13":"tag-news","14":"tag-ukraine"},"share_on_mastodon":{"url":"https:\/\/pubeurope.com\/@fr\/114609975688915634","error":""},"_links":{"self":[{"href":"https:\/\/www.europesays.com\/fr\/wp-json\/wp\/v2\/posts\/144828","targetHints":{"allow":["GET"]}}],"collection":[{"href":"https:\/\/www.europesays.com\/fr\/wp-json\/wp\/v2\/posts"}],"about":[{"href":"https:\/\/www.europesays.com\/fr\/wp-json\/wp\/v2\/types\/post"}],"author":[{"embeddable":true,"href":"https:\/\/www.europesays.com\/fr\/wp-json\/wp\/v2\/users\/2"}],"replies":[{"embeddable":true,"href":"https:\/\/www.europesays.com\/fr\/wp-json\/wp\/v2\/comments?post=144828"}],"version-history":[{"count":0,"href":"https:\/\/www.europesays.com\/fr\/wp-json\/wp\/v2\/posts\/144828\/revisions"}],"wp:featuredmedia":[{"embeddable":true,"href":"https:\/\/www.europesays.com\/fr\/wp-json\/wp\/v2\/media\/144829"}],"wp:attachment":[{"href":"https:\/\/www.europesays.com\/fr\/wp-json\/wp\/v2\/media?parent=144828"}],"wp:term":[{"taxonomy":"category","embeddable":true,"href":"https:\/\/www.europesays.com\/fr\/wp-json\/wp\/v2\/categories?post=144828"},{"taxonomy":"post_tag","embeddable":true,"href":"https:\/\/www.europesays.com\/fr\/wp-json\/wp\/v2\/tags?post=144828"}],"curies":[{"name":"wp","href":"https:\/\/api.w.org\/{rel}","templated":true}]}}