{"id":144830,"date":"2025-06-01T20:23:15","date_gmt":"2025-06-01T20:23:15","guid":{"rendered":"https:\/\/www.europesays.com\/fr\/144830\/"},"modified":"2025-06-01T20:23:15","modified_gmt":"2025-06-01T20:23:15","slug":"aux-etats-unis-le-lobby-des-toits-sombres-menace-les-initiatives-contre-le-rechauffement-climatique","status":"publish","type":"post","link":"https:\/\/www.europesays.com\/fr\/144830\/","title":{"rendered":"Aux \u00c9tats-Unis, le lobby des toits sombres menace les initiatives contre le r\u00e9chauffement climatique"},"content":{"rendered":"<p>Face au r\u00e9chauffement des villes, peindre des toits de couleur claire est une solution contre le r\u00e9chauffement climatique, notamment aux \u00c9tats-Unis, o\u00f9 ils repr\u00e9sentent jusqu&rsquo;\u00e0 un quart de la surface des grandes villes. Mais les fabricants de couvertures sombres m\u00e8nent une campagne de d\u00e9sinformation pour bloquer ces d\u00e9cisions.<\/p>\n<p>Le principe est simple : les <strong><a href=\"https:\/\/www.rfi.fr\/fr\/france\/20180809-canicule-villes-adapter-changement-climatique-urbanisme\" rel=\"nofollow noopener\" target=\"_blank\" data-ylk=\"slk:toits de couleur claire;elm:context_link;itc:0;sec:content-canvas\" class=\"link \">toits de couleur claire<\/a><\/strong> refl\u00e8tent la lumi\u00e8re du soleil, ce qui permet aux b\u00e2timents de rester plus frais, alors que les zones sombres absorbent la chaleur, ce qui fait monter la temp\u00e9rature \u00e0 l&rsquo;int\u00e9rieur des b\u00e2timents et dans l&rsquo;air ambiant.<\/p>\n<p>Les nombreuses \u00e9tudes scientifiques sur le sujet sont unanimes : les toitures de couleur claire permettent d&rsquo;\u00e9conomiser de l&rsquo;\u00e9nergie, de r\u00e9duire les factures de climatisation et de faire baisser la temp\u00e9rature en ville. Ils aident \u00e9galement \u00e0 pr\u00e9venir les maladies li\u00e9es \u00e0 la chaleur. Et ils ne co\u00fbtent g\u00e9n\u00e9ralement pas plus cher que des toits sombres. Ils sont donc une solution, parmi d&rsquo;autres, pour lutter contre le r\u00e9chauffement climatique en ville.<\/p>\n<p>Mais les fabricants de couvertures sombres ne l&rsquo;entendent pas ainsi, selon le m\u00e9dia ind\u00e9pendant Floodlight. Autrefois, un caoutchouc synth\u00e9tique noir, connu sous le nom d&rsquo;EPDM, dominait les toitures commerciales. Ces derni\u00e8res ann\u00e9es, il a \u00e9t\u00e9 d\u00e9pass\u00e9 par le TPO, un mat\u00e9riau plastique monocouche qui est g\u00e9n\u00e9ralement blanc et mieux adapt\u00e9 pour r\u00e9pondre \u00e0 la demande croissante de toitures r\u00e9fl\u00e9chissantes.<\/p>\n<p><a href=\"https:\/\/www.rfi.fr\/fr\/am%C3%A9riques\/20250601-aux-%C3%A9tats-unis-le-lobby-des-toits-sombres-menace-les-initiatives-contre-le-r%C3%A9chauffement-climatique\" rel=\"nofollow noopener\" target=\"_blank\" data-ylk=\"slk:Lire la suite sur RFI;elm:context_link;itc:0;sec:content-canvas\" class=\"link \">Lire la suite sur RFI<\/a><\/p>\n","protected":false},"excerpt":{"rendered":"Face au r\u00e9chauffement des villes, peindre des toits de couleur claire est une solution contre le r\u00e9chauffement climatique,&hellip;\n","protected":false},"author":2,"featured_media":144831,"comment_status":"","ping_status":"","sticky":false,"template":"","format":"standard","meta":{"footnotes":""},"categories":[1589],"tags":[11,73,1866,26776,12,5140,27352,27353,1864,1865,1863,308],"class_list":{"0":"post-144830","1":"post","2":"type-post","3":"status-publish","4":"format-standard","5":"has-post-thumbnail","7":"category-etats-unis","8":"tag-actualites","9":"tag-etats-unis","10":"tag-etats-unis-damerique","11":"tag-la-temperature","12":"tag-news","13":"tag-rechauffement-climatique","14":"tag-solution-contre-le-rechauffement-climatique","15":"tag-toits","16":"tag-united-states","17":"tag-united-states-of-america","18":"tag-us","19":"tag-usa"},"share_on_mastodon":{"url":"https:\/\/pubeurope.com\/@fr\/114609979613506729","error":""},"_links":{"self":[{"href":"https:\/\/www.europesays.com\/fr\/wp-json\/wp\/v2\/posts\/144830","targetHints":{"allow":["GET"]}}],"collection":[{"href":"https:\/\/www.europesays.com\/fr\/wp-json\/wp\/v2\/posts"}],"about":[{"href":"https:\/\/www.europesays.com\/fr\/wp-json\/wp\/v2\/types\/post"}],"author":[{"embeddable":true,"href":"https:\/\/www.europesays.com\/fr\/wp-json\/wp\/v2\/users\/2"}],"replies":[{"embeddable":true,"href":"https:\/\/www.europesays.com\/fr\/wp-json\/wp\/v2\/comments?post=144830"}],"version-history":[{"count":0,"href":"https:\/\/www.europesays.com\/fr\/wp-json\/wp\/v2\/posts\/144830\/revisions"}],"wp:featuredmedia":[{"embeddable":true,"href":"https:\/\/www.europesays.com\/fr\/wp-json\/wp\/v2\/media\/144831"}],"wp:attachment":[{"href":"https:\/\/www.europesays.com\/fr\/wp-json\/wp\/v2\/media?parent=144830"}],"wp:term":[{"taxonomy":"category","embeddable":true,"href":"https:\/\/www.europesays.com\/fr\/wp-json\/wp\/v2\/categories?post=144830"},{"taxonomy":"post_tag","embeddable":true,"href":"https:\/\/www.europesays.com\/fr\/wp-json\/wp\/v2\/tags?post=144830"}],"curies":[{"name":"wp","href":"https:\/\/api.w.org\/{rel}","templated":true}]}}