{"id":144832,"date":"2025-06-01T20:24:09","date_gmt":"2025-06-01T20:24:09","guid":{"rendered":"https:\/\/www.europesays.com\/fr\/144832\/"},"modified":"2025-06-01T20:24:09","modified_gmt":"2025-06-01T20:24:09","slug":"au-royaume-uni-une-nouvelle-arrivee-massive-de-migrants-accentue-la-pression-sur-le-gouvernement-yahoo-actualites","status":"publish","type":"post","link":"https:\/\/www.europesays.com\/fr\/144832\/","title":{"rendered":"Au Royaume-Uni, une nouvelle arriv\u00e9e massive de migrants accentue la pression sur le gouvernement &#8211; Yahoo Actualit\u00e9s"},"content":{"rendered":"<ol>\n<li><a href=\"https:\/\/news.google.com\/rss\/articles\/CBMigwFBVV95cUxOOTB3cy1OVi1XSURRWUZwSlhMbTdleFphZlJhOVVyTWhQRVJuT0VILTg5VnNBemFlOGVPb0VLaGZmU3hXVm1oTlpFdEhxVWxNRUtIRlVGWVU0UHRFU2k3NTZjSl9GU0JtZTRkV1dsLWgxZUV5YnUtZ1VEX0JhRDJrcmFVaw?oc=5\" target=\"_blank\" rel=\"nofollow noopener\">Au Royaume-Uni, une nouvelle arriv\u00e9e massive de migrants accentue la pression sur le gouvernement<\/a>&nbsp;&nbsp;Yahoo Actualit\u00e9s<\/li>\n<li><a href=\"https:\/\/news.google.com\/rss\/articles\/CBMingJBVV95cUxOWFVRRjB1WU1XWmtCczlWVFY5SFhGazRJWlFsRF9tUHJLVjZ0azRaSkNIR1NQNkx4dUNudXBqMnF1aEt0aXU5ZV9iSTdfNUtWQXk2NW50a29UWTlPdXplaFNuejF2d3p1NzVKU2VqMlNlTDdlUFd3Y1hhWGpfY25zUUhPRFBYYnYzdXhVbjBPOXBoa1YzMDJIdlJaVDc5Q2ZKYXBLRmJZY0pabHJidUxEZDZQOFVHWDhGNkE3a3o2TVpBUjdGMjZwd190OFBfV2hkUEdzT2xsQm95MnFhZXN5N2VuZjFDWWV0OC13ZnJhWXFERUpDUDdJdFhqYkk1Uzc5ZXh0elJZQVdQZm56Q21WSWdpQjFzTnBzVERleGRn?oc=5\" target=\"_blank\" rel=\"nofollow noopener\">Plus de 1 190 migrants ont travers\u00e9 la Manche samedi et ont rejoint le Royaume-Uni, un record depuis le d\u00e9but de l\u2019ann\u00e9e<\/a>&nbsp;&nbsp;Le Monde.fr<\/li>\n<li><a href=\"https:\/\/news.google.com\/rss\/articles\/CBMisAFBVV95cUxPckJLM2Y3aVYxelB5RmJGdEdYWkdFODI0TGZqbnVBOGFjS2ZUbWhGVDBrME5wU1ZoV0RHSmRyTGktajRLWnB2UFk5ZldkZVl3ZllOVjd3ZU1KNFBrQjNiYXNodWlfeFZUNlN2MzgwZURVaFBFdmlhTXRqYnNkZTR5YXFSY3M3c3RXMmItWUI0dFZ1RXRUcGEtNUFkcTZDUEpFT1FCX0ppSk5Dano0dzlocw?oc=5\" target=\"_blank\" rel=\"nofollow noopener\">Manche : 184 migrants secourus dans le d\u00e9troit du Pas-de-Calais<\/a>&nbsp;&nbsp;Le Figaro<\/li>\n<li><a href=\"https:\/\/news.google.com\/rss\/articles\/CBMi_AFBVV95cUxNSXRUNG9mRXVGSlNtVjFVa0Q5LXhSc1FCQnNSMnJoQlB1Rzdyb3IxQkdialhURUZVTnpiZ3dyVU1Mbk9JbDB6WVgyT1lVeDA4Z01WUlNJbkg4WWZpLUtrdGdqZXdwWjAxSVFXSDJYTkJzZ1J1bnZCT29nejRiR0lQdS1wME9JbFdETlpKcFBxYy1CQUdLTDF4cFYwa3FlTGxFTHdfTFN3Ny11SU5UeXlKby1WcnpWVEpwX1RHZnRmdkJqTy1lZHJFUV9LQVlaaWRtUlI3TjFxOG03ZmhOTkFlQ0V5akl2R0paS3pBUGN2aUdBVXgwV2xJS1VFZ2Q?oc=5\" target=\"_blank\" rel=\"nofollow noopener\">Plus de 180 migrants qui tentaient de traverser la Manche ont \u00e9t\u00e9 secourus dans le d\u00e9troit du Pas-de-Calais<\/a>&nbsp;&nbsp;France Info<\/li>\n<li><a href=\"https:\/\/news.google.com\/rss\/articles\/CBMi2gFBVV95cUxOalFmejhoM182Vk1yQW5mRVFLZ0Y4WjZzMmVTajFHM21KMVBOZFlsY1BEOXRYTURpQkpBdzVFeUJSU2pwTDlvQ3c0NjRuRThQSTV6OHM5Y3VuV1FOSk9HSTE1bERncUstUzBWNks5aFlYLTdTQXdMZGpITzhhMmNhWnlla1ljaDMyUkU1cE1oZ1VWMTh3QVlpb3JybFpnekYweURRbXNKbkJoVkgzR3Vjb0xXTzYxZXpsdlloRUlOX29PU3g3V1JUYU1qOFpnTFJrSHN1cnctVFVTZw?oc=5\" target=\"_blank\" rel=\"nofollow noopener\">VID\u00c9O. Une ann\u00e9e noire sur la route migratoire de la Manche<\/a>&nbsp;&nbsp;Le marin<\/li>\n<\/ol>\n","protected":false},"excerpt":{"rendered":"Au Royaume-Uni, une nouvelle arriv\u00e9e massive de migrants accentue la pression sur le gouvernement&nbsp;&nbsp;Yahoo Actualit\u00e9s Plus de 1&hellip;\n","protected":false},"author":2,"featured_media":144833,"comment_status":"","ping_status":"","sticky":false,"template":"","format":"standard","meta":{"footnotes":""},"categories":[1588],"tags":[11,27354,27356,1777,674,2493,27355,1251,12,473,1853,1851,1850,1852],"class_list":{"0":"post-144832","1":"post","2":"type-post","3":"status-publish","4":"format-standard","5":"has-post-thumbnail","7":"category-royaume-uni","8":"tag-actualites","9":"tag-autorites-francaises","10":"tag-droit-de-la-mer","11":"tag-eu","12":"tag-europe","13":"tag-le-chef","14":"tag-le-detroit","15":"tag-migrants","16":"tag-news","17":"tag-royaume-uni","18":"tag-royaume-uni-de-grande-bretagne-et-dirlande-du-nord","19":"tag-uk","20":"tag-united-kingdom","21":"tag-united-kingdom-of-great-britain-and-northern-ireland"},"share_on_mastodon":{"url":"https:\/\/pubeurope.com\/@fr\/114609983532628912","error":""},"_links":{"self":[{"href":"https:\/\/www.europesays.com\/fr\/wp-json\/wp\/v2\/posts\/144832","targetHints":{"allow":["GET"]}}],"collection":[{"href":"https:\/\/www.europesays.com\/fr\/wp-json\/wp\/v2\/posts"}],"about":[{"href":"https:\/\/www.europesays.com\/fr\/wp-json\/wp\/v2\/types\/post"}],"author":[{"embeddable":true,"href":"https:\/\/www.europesays.com\/fr\/wp-json\/wp\/v2\/users\/2"}],"replies":[{"embeddable":true,"href":"https:\/\/www.europesays.com\/fr\/wp-json\/wp\/v2\/comments?post=144832"}],"version-history":[{"count":0,"href":"https:\/\/www.europesays.com\/fr\/wp-json\/wp\/v2\/posts\/144832\/revisions"}],"wp:featuredmedia":[{"embeddable":true,"href":"https:\/\/www.europesays.com\/fr\/wp-json\/wp\/v2\/media\/144833"}],"wp:attachment":[{"href":"https:\/\/www.europesays.com\/fr\/wp-json\/wp\/v2\/media?parent=144832"}],"wp:term":[{"taxonomy":"category","embeddable":true,"href":"https:\/\/www.europesays.com\/fr\/wp-json\/wp\/v2\/categories?post=144832"},{"taxonomy":"post_tag","embeddable":true,"href":"https:\/\/www.europesays.com\/fr\/wp-json\/wp\/v2\/tags?post=144832"}],"curies":[{"name":"wp","href":"https:\/\/api.w.org\/{rel}","templated":true}]}}