{"id":144838,"date":"2025-06-01T20:27:08","date_gmt":"2025-06-01T20:27:08","guid":{"rendered":"https:\/\/www.europesays.com\/fr\/144838\/"},"modified":"2025-06-01T20:27:08","modified_gmt":"2025-06-01T20:27:08","slug":"le-pari-de-lue-sur-la-chine-est-voue-a-lechec","status":"publish","type":"post","link":"https:\/\/www.europesays.com\/fr\/144838\/","title":{"rendered":"Le pari de l&rsquo;UE sur la Chine est vou\u00e9 \u00e0 l&rsquo;\u00e9chec"},"content":{"rendered":"<p>Depuis la victoire \u00e9lectorale de Donald Trump l\u2019ann\u00e9e derni\u00e8re, les dirigeants de l\u2019UE ont <a href=\"https:\/\/www.scmp.com\/news\/china\/diplomacy\/article\/3309276\/chinese-eu-leaders-exchange-letters-mark-50-years-diplomatic-ties\" target=\"_blank\" rel=\"noopener nofollow\">jou\u00e9<\/a> avec l\u2019id\u00e9e de se tourner vers la Chine comme alternative \u00e0 l\u2019Am\u00e9rique. Cependant, il s\u2019agit davantage d\u2019une r\u00e9action \u00e9motionnelle au retour du pr\u00e9sident am\u00e9ricain que d\u2019une id\u00e9e ancr\u00e9e dans une strat\u00e9gie claire. Les entreprises europ\u00e9ennes op\u00e9rant en Chine abaissent d\u00e9sormais leurs attentes quant \u00e0 ce que P\u00e9kin peut r\u00e9ellement offrir.<\/p>\n<p>Une nouvelle <a href=\"https:\/\/www.bloomberg.com\/news\/newsletters\/2025-05-28\/supply-chain-latest-european-firms-operating-in-china?srnd=homepage-europe\" target=\"_blank\" rel=\"noopener nofollow\">enqu\u00eate<\/a> de la Chambre de commerce de l\u2019Union europ\u00e9enne en Chine r\u00e9v\u00e8le que 29 % des entreprises europ\u00e9ennes sont pessimistes quant aux perspectives de leur secteur \u00e0 P\u00e9kin au cours des deux prochaines ann\u00e9es, marquant le niveau le plus \u00e9lev\u00e9 de n\u00e9gativit\u00e9 depuis 2011. Avec seulement 38 % pr\u00e9voyant d\u2019\u00e9tendre leurs op\u00e9rations en Chine, et beaucoup d\u00e9pla\u00e7ant leurs investissements ailleurs en Asie du Sud-Est ou m\u00eame de retour en Europe, la r\u00e9alit\u00e9 \u00e9conomique contredit le r\u00e9cit politique d\u2019un engagement plus profond entre l\u2019UE et la Chine.<\/p>\n<p>La v\u00e9rit\u00e9 est que depuis la premi\u00e8re administration Trump, chaque fois que les tensions ont augment\u00e9 entre l\u2019Europe et l\u2019Am\u00e9rique, les dirigeants continentaux ont <a href=\"https:\/\/www.rfi.fr\/en\/international\/20250523-macron-urges-trade-cooperation-with-china-ahead-of-south-east-asia-tour\" target=\"_blank\" rel=\"noopener nofollow\">appel\u00e9<\/a> \u00e0 un pivot vers la Chine. Mais les chiffres ne valident tout simplement pas cette approche. En fait, le d\u00e9ficit de l\u2019Europe avec la Chine n\u2019a fait que cro\u00eetre, <a href=\"https:\/\/ec.europa.eu\/eurostat\/web\/products-eurostat-news\/-\/ddn-20200320-1\" target=\"_blank\" rel=\"noopener nofollow\">passant<\/a> de 164 milliards d\u2019euros en 2019 \u00e0 304,5 milliards d\u2019euros en <a href=\"https:\/\/ec.europa.eu\/eurostat\/web\/products-eurostat-news\/w\/ddn-20250304-1#:~:text=In%202024%2C%20the%20EU%20exported,all%20extra%2DEU%20exports).\" target=\"_blank\" rel=\"noopener nofollow\">2024<\/a>, repr\u00e9sentant une augmentation de 85,7 % en seulement cinq ans.<\/p>\n<p>Bruxelles pense que demander \u00e0 P\u00e9kin un traitement plus \u00e9quitable des entreprises de l\u2019UE en Chine pourrait r\u00e9\u00e9quilibrer la relation commerciale entre les deux parties et compenser d\u2019\u00e9ventuelles pertes d\u2019exportation vers les \u00c9tats-Unis dues aux tarifs. Mais m\u00eame si la Chine \u00e9tait pr\u00eate \u00e0 restructurer radicalement son \u00e9conomie, cela ne suffirait pas.<\/p>\n<p>Ce qui rend un pivot de l\u2019UE vers la Chine irr\u00e9alisable est, en fait, une <a href=\"https:\/\/www.scmp.com\/news\/china\/diplomacy\/article\/3311804\/there-are-limits-problems-chinas-efforts-patch-things-europe\" target=\"_blank\" rel=\"noopener nofollow\">incompatibilit\u00e9<\/a> structurelle, plut\u00f4t que quelque chose d\u2019aussi circonstanciel que les tarifs de Trump. Alors que Bruxelles a un important exc\u00e9dent commercial avec l\u2019Am\u00e9rique qui s\u2019\u00e9quilibre principalement lorsque les services sont pris en compte, sa relation avec la Chine implique une concurrence directe dans des secteurs cl\u00e9s de l\u2019industrie europ\u00e9enne.<\/p>\n<p>Les d\u00e9veloppements dans le secteur des v\u00e9hicules \u00e9lectriques fournissent une indication de l\u2019avenir sombre d\u2019une d\u00e9pendance excessive au march\u00e9 chinois. Les constructeurs automobiles allemands ont vu leur part de march\u00e9 en Chine passer de 24 % en 2020 \u00e0 seulement 15 % en 2024. Pendant ce temps, les fabricants de v\u00e9hicules \u00e9lectriques chinois font des perc\u00e9es significatives en Europe. Le mois dernier, BYD <a href=\"https:\/\/www.ft.com\/content\/53ec9a08-1112-4969-8982-2d9f06ee8ea4\" target=\"_blank\" rel=\"noopener nofollow\">a d\u00e9pass\u00e9<\/a> Tesla en tant que premier vendeur de v\u00e9hicules \u00e9lectriques sur le march\u00e9 de l\u2019UE.<\/p>\n<p>En m\u00eame temps, les ouvertures diplomatiques europ\u00e9ennes envers la Chine n\u2019ont pas \u00e9t\u00e9 particuli\u00e8rement fructueuses. Les dirigeants du continent ont <a href=\"https:\/\/www.reuters.com\/world\/chinas-xi-declines-invitation-eu-china-anniversary-summit-ft-reports-2025-03-16\/\" target=\"_blank\" rel=\"noopener nofollow\">fait<\/a> le mouvement surprenant d\u2019inviter Xi Jinping \u00e0 Bruxelles pour le sommet UE-Chine marquant le 50e anniversaire des relations diplomatiques entre le bloc commercial et P\u00e9kin, seulement pour que le leader chinois refuse. En r\u00e9ponse, les responsables de l\u2019UE <a href=\"https:\/\/www.belganewsagency.eu\/next-eu-china-summit-likely-to-be-held-in-second-half-of-july\" target=\"_blank\" rel=\"noopener nofollow\">ont d\u00e9plac\u00e9<\/a> le sommet \u00e0 P\u00e9kin, un choix qui est difficile \u00e0 interpr\u00e9ter autrement que comme d\u00e9sesp\u00e9r\u00e9.<\/p>\n<p>Xi a <a href=\"https:\/\/unherd.com\/newsroom\/xi-jinping-is-quietly-sanction-proofing-china\/\" target=\"_blank\" rel=\"noopener nofollow\">fait savoir<\/a> que maintenir la domination des entreprises chinoises dans des secteurs cl\u00e9s de la fabrication est une question d\u2019int\u00e9r\u00eat national. Une capacit\u00e9 industrielle exc\u00e9dentaire pour contr\u00f4ler les cha\u00eenes d\u2019approvisionnement mondiales n\u2019est pas une erreur de politique \u00e9conomique, mais plut\u00f4t une partie n\u00e9cessaire de la strat\u00e9gie de la Chine. Bruxelles se trompe gravement en pensant que cet accent est n\u00e9gociable.<\/p>\n<p>Une autre id\u00e9e <a href=\"https:\/\/www.mundoamerica.com\/news\/2025\/04\/11\/67f8d2dc21efa0ab6b8b458e.html\" target=\"_blank\" rel=\"noopener nofollow\">soulev\u00e9e<\/a> par les dirigeants de l\u2019UE est que les investissements chinois dans le bloc pourraient garantir l\u2019acc\u00e8s au march\u00e9 en \u00e9change de transferts technologiques et d\u2019emplois europ\u00e9ens. Au-del\u00e0 de projets tr\u00e8s sp\u00e9cifiques, il est dangereusement trompeur de <a href=\"https:\/\/www.scmp.com\/economy\/global-economy\/article\/3312167\/urging-china-eu-cooperation-former-wto-head-pascal-lamy-points-common-ground?module=top_story&amp;pgtype=homepage\" target=\"_blank\" rel=\"noopener nofollow\">sugg\u00e9rer<\/a> que Bruxelles pourrait b\u00e9n\u00e9ficier des entreprises chinoises construisant ou prenant le contr\u00f4le d\u2019usines en Europe de la m\u00eame mani\u00e8re que la Chine en a b\u00e9n\u00e9fici\u00e9 gr\u00e2ce \u00e0 la d\u00e9localisation europ\u00e9enne il y a 30 ans. L\u2019Europe risque de perdre son march\u00e9 int\u00e9rieur au profit de concurrents chinois, un probl\u00e8me auquel P\u00e9kin n\u2019\u00e9tait pas confront\u00e9 lorsque les marques europ\u00e9ennes acc\u00e9daient \u00e0 son march\u00e9 en \u00e9change de transferts technologiques.<\/p>\n<p>Bien que le protectionnisme \u00e0 lui seul ne sauvera pas les industries europ\u00e9ennes, sacrifier la domination du march\u00e9 int\u00e9rieur au profit des entreprises chinoises, dans l\u2019espoir d\u2019un transfert de technologie qui pourrait rendre le continent plus comp\u00e9titif, est illusoire. Pour que les pays europ\u00e9ens deviennent plus comp\u00e9titifs, ils devront le faire par leurs propres moyens.<\/p>\n<p>Les d\u00e9cideurs europ\u00e9ens semblent \u00eatre davantage motiv\u00e9s par le ressentiment envers Trump que par une \u00e9valuation claire des int\u00e9r\u00eats nationaux. M\u00eame apr\u00e8s son tournant protectionniste, l\u2019Am\u00e9rique ne pourra pas \u00e9galer les capacit\u00e9s de fabrication de la Chine de sit\u00f4t, sans parler de l\u2019acc\u00e8s aux cha\u00eenes d\u2019approvisionnement europ\u00e9ennes. Malgr\u00e9 leurs d\u00e9saccords commerciaux, les \u00c9tats-Unis et l\u2019Europe se compl\u00e8tent bien mieux que ce que chaque partie pourrait aimer admettre.<\/p>\n","protected":false},"excerpt":{"rendered":"Depuis la victoire \u00e9lectorale de Donald Trump l\u2019ann\u00e9e derni\u00e8re, les dirigeants de l\u2019UE ont jou\u00e9 avec l\u2019id\u00e9e de&hellip;\n","protected":false},"author":2,"featured_media":144839,"comment_status":"","ping_status":"","sticky":false,"template":"","format":"standard","meta":{"footnotes":""},"categories":[1586],"tags":[11,8939,75,1777,674,1779,1011,27,12,5322,5323,9024,25,27359,5809,1778,364],"class_list":{"0":"post-144838","1":"post","2":"type-post","3":"status-publish","4":"format-standard","5":"has-post-thumbnail","7":"category-europe","8":"tag-actualites","9":"tag-china","10":"tag-donald-trump","11":"tag-eu","12":"tag-europe","13":"tag-european-union","14":"tag-fr","15":"tag-france","16":"tag-news","17":"tag-non-classifiu00e9e","18":"tag-optional","19":"tag-politics","20":"tag-republique-francaise","21":"tag-tariffs","22":"tag-trade","23":"tag-ue","24":"tag-union-europeenne"},"share_on_mastodon":{"url":"https:\/\/pubeurope.com\/@fr\/114609995383881907","error":""},"_links":{"self":[{"href":"https:\/\/www.europesays.com\/fr\/wp-json\/wp\/v2\/posts\/144838","targetHints":{"allow":["GET"]}}],"collection":[{"href":"https:\/\/www.europesays.com\/fr\/wp-json\/wp\/v2\/posts"}],"about":[{"href":"https:\/\/www.europesays.com\/fr\/wp-json\/wp\/v2\/types\/post"}],"author":[{"embeddable":true,"href":"https:\/\/www.europesays.com\/fr\/wp-json\/wp\/v2\/users\/2"}],"replies":[{"embeddable":true,"href":"https:\/\/www.europesays.com\/fr\/wp-json\/wp\/v2\/comments?post=144838"}],"version-history":[{"count":0,"href":"https:\/\/www.europesays.com\/fr\/wp-json\/wp\/v2\/posts\/144838\/revisions"}],"wp:featuredmedia":[{"embeddable":true,"href":"https:\/\/www.europesays.com\/fr\/wp-json\/wp\/v2\/media\/144839"}],"wp:attachment":[{"href":"https:\/\/www.europesays.com\/fr\/wp-json\/wp\/v2\/media?parent=144838"}],"wp:term":[{"taxonomy":"category","embeddable":true,"href":"https:\/\/www.europesays.com\/fr\/wp-json\/wp\/v2\/categories?post=144838"},{"taxonomy":"post_tag","embeddable":true,"href":"https:\/\/www.europesays.com\/fr\/wp-json\/wp\/v2\/tags?post=144838"}],"curies":[{"name":"wp","href":"https:\/\/api.w.org\/{rel}","templated":true}]}}