{"id":144846,"date":"2025-06-01T20:34:11","date_gmt":"2025-06-01T20:34:11","guid":{"rendered":"https:\/\/www.europesays.com\/fr\/144846\/"},"modified":"2025-06-01T20:34:11","modified_gmt":"2025-06-01T20:34:11","slug":"roland-garros-tsonga-sur-le-couple-svitolina-monfils-on-ne-savait-pas-trop-ce-qui-allait-se-passer-elina-etait-enceinte-gael-voulait-presque-arreter-de-jouer-et-finalement-ils-voyagent-avec-le","status":"publish","type":"post","link":"https:\/\/www.europesays.com\/fr\/144846\/","title":{"rendered":"Roland Garros > Tsonga sur le couple Svitolina-Monfils : \u00ab\u00a0On ne savait pas trop ce qui allait se passer, Elina \u00e9tait enceinte, Ga\u00ebl voulait presque arr\u00eater de jouer et finalement, ils voyagent avec leur petite et vivent de tr\u00e8s bons moments\u00a0\u00bb"},"content":{"rendered":"<p>Au micro de Prime Video quelques heures apr\u00e8s <a href=\"https:\/\/www.welovetennis.fr\/featured\/elina-svitolina-monfils-apres-sa-qualification-en-quarts-de-finale-est-ce-que-je-minspire-de-mon-mari-gael-pour-renverser-mes-matchs-en-fait\" data-wpel-link=\"internal\" rel=\"nofollow noopener\" target=\"_blank\">la quali\u00adfi\u00adca\u00adtion d\u2019Elina Svitolina pour les quarts de finale de Roland\u2010Garros, gr\u00e2ce \u00e0 une victoire contre Jasmine Paolini,<\/a> Jo\u2010Wilfried Tsonga a \u00e9voqu\u00e9 le couple que l\u2019Ukrainienne forme avec Ga\u00ebl Monfils.\u00a0<\/p>\n<p><strong>\u00ab\u202fGa\u00ebl disait en conf\u00e9\u00adrence de presse\u00a0: \u2018Les gars je vais aller nulle part, ma femme joue, elle ne va jamais vouloir que je parte.\u2019 C\u2019est trop cool. Leur histoire est belle puisque Ga\u00ebl il y a quelques ann\u00e9es voulait presque arr\u00eater de jouer, Elina \u00e9tait enceinte. On ne savait pas trop ce qui allait se passer et fina\u00adle\u00adment, ils voyagent avec leur petite \u00e0 travers le monde et ils vivent des bons moments\u202f\u00bb<\/strong>, a d\u00e9clar\u00e9 en souriant le Fran\u00e7ais, ami de longue date de Monfils.<\/p>\n<p class=\"post-published-date\" style=\"color: silver; font-size: 75%; text-align: left;\">Publi\u00e9 le dimanche 1 juin 2025 \u00e0 21:34<\/p>\n","protected":false},"excerpt":{"rendered":"Au micro de Prime Video quelques heures apr\u00e8s la quali\u00adfi\u00adca\u00adtion d\u2019Elina Svitolina pour les quarts de finale de&hellip;\n","protected":false},"author":2,"featured_media":144847,"comment_status":"","ping_status":"","sticky":false,"template":"","format":"standard","meta":{"footnotes":""},"categories":[1415],"tags":[1011,27,3770,2126,60,12325,1467,14828],"class_list":{"0":"post-144846","1":"post","2":"type-post","3":"status-publish","4":"format-standard","5":"has-post-thumbnail","7":"category-tennis","8":"tag-fr","9":"tag-france","10":"tag-monfils","11":"tag-paolini","12":"tag-sports","13":"tag-svitolina","14":"tag-tennis","15":"tag-tsonga"},"share_on_mastodon":{"url":"https:\/\/pubeurope.com\/@fr\/114610023026714280","error":""},"_links":{"self":[{"href":"https:\/\/www.europesays.com\/fr\/wp-json\/wp\/v2\/posts\/144846","targetHints":{"allow":["GET"]}}],"collection":[{"href":"https:\/\/www.europesays.com\/fr\/wp-json\/wp\/v2\/posts"}],"about":[{"href":"https:\/\/www.europesays.com\/fr\/wp-json\/wp\/v2\/types\/post"}],"author":[{"embeddable":true,"href":"https:\/\/www.europesays.com\/fr\/wp-json\/wp\/v2\/users\/2"}],"replies":[{"embeddable":true,"href":"https:\/\/www.europesays.com\/fr\/wp-json\/wp\/v2\/comments?post=144846"}],"version-history":[{"count":0,"href":"https:\/\/www.europesays.com\/fr\/wp-json\/wp\/v2\/posts\/144846\/revisions"}],"wp:featuredmedia":[{"embeddable":true,"href":"https:\/\/www.europesays.com\/fr\/wp-json\/wp\/v2\/media\/144847"}],"wp:attachment":[{"href":"https:\/\/www.europesays.com\/fr\/wp-json\/wp\/v2\/media?parent=144846"}],"wp:term":[{"taxonomy":"category","embeddable":true,"href":"https:\/\/www.europesays.com\/fr\/wp-json\/wp\/v2\/categories?post=144846"},{"taxonomy":"post_tag","embeddable":true,"href":"https:\/\/www.europesays.com\/fr\/wp-json\/wp\/v2\/tags?post=144846"}],"curies":[{"name":"wp","href":"https:\/\/api.w.org\/{rel}","templated":true}]}}