{"id":144852,"date":"2025-06-01T20:38:08","date_gmt":"2025-06-01T20:38:08","guid":{"rendered":"https:\/\/www.europesays.com\/fr\/144852\/"},"modified":"2025-06-01T20:38:08","modified_gmt":"2025-06-01T20:38:08","slug":"cyclisme-alpes-isere-tour-aubin-sparfel-je-ne-savais-pas-trop-en-montagne","status":"publish","type":"post","link":"https:\/\/www.europesays.com\/fr\/144852\/","title":{"rendered":"Cyclisme. Alpes Is\u00e8re Tour &#8211; Aubin Sparfel : \u00abJe ne savais pas trop en montagne&#8230; \u00bb"},"content":{"rendered":"<p><strong><a href=\"https:\/\/www.cyclismactu.net\/..\/news-tour-du-finistere-route-aubin-sparfel-ma-premiere-en-pro-du-mal-realiser-87764.html\" target=\"_blank\" rel=\"noopener\">Aubin Sparfel<\/a> <\/strong>a tout rafl\u00e9 lors de la sur l&rsquo;<strong><a href=\"https:\/\/www.cyclismactu.net\/..\/news-cyclisme-route-alpes-isere-tour-aubin-sparfel-s-offre-5e-etape-et-classement-general-88173.html\" target=\"_blank\" rel=\"noopener\">Alpes Is\u00e8re Tour<\/a><\/strong>\u00a0! Vainqueur de la derni\u00e8re \u00e9tape, le pensionnaire de la\u00a0<strong>Decathlon AG2R La Mondiale Development Team<\/strong>\u00a0a profit\u00e9 de sa victoire pour remporter \u00e9galement le classement g\u00e9n\u00e9ral. Apr\u00e8s avoir tourn\u00e9 autour toute la semaine, le jeune fran\u00e7ais a enfin concr\u00e9tis\u00e9 tout le travail collectif de son \u00e9quipe en s&rsquo;adjugeant une des plus prestigieuses course espoirs du calendrier. Egalement vainqueur du <strong>Tour du Finist\u00e8re<\/strong>\u00a0avec l&rsquo;\u00e9quipe World Tour en d\u00e9but de mois, le puncheur confirme ainsi tout le potentiel qu&rsquo;on lui promet.<\/p>\n<p>Vid\u00e9o &#8211; La victoire d&rsquo;Aubin Sparfel sur le Tour du Finist\u00e8re 2025 Lire la suite de l&rsquo;article&#13;<\/p>\n<p>\u00a0<\/p>\n<p>&#13;<br \/>\n\u00ab\u00a0Je suis juste super content\u00a0\u00bb&#13;<\/p>\n<p>La p\u00e9pite fran\u00e7aise a laiss\u00e9 transpara\u00eetre toute sa satisfaction apr\u00e8s avoir pass\u00e9 la ligne :\u00a0\u00ab\u00a0Je suis juste super content. Je ne m&rsquo;attendais pas \u00e0 \u00eatre aussi bien sur une \u00e9tape comme \u00e7a. C&rsquo;\u00e9tait une \u00e9tape vraiment difficile avec beaucoup d&rsquo;ascensions. On a vraiment bien manoeuvr\u00e9 avec l&rsquo;\u00e9quipe. Je me suis retrouv\u00e9 dans les meilleures dispositions pour suivre les favoris. Je ne savais pas trop ce que j&rsquo;allais donner en montagne, mais j&rsquo;ai pu suivre. Je suis vraiment satisfait des sensations du moment. Cette victoire refl\u00e8te tout le travail de l&rsquo;\u00e9quipe et mon travail personnel donc c&rsquo;est vraiment top.\u00a0\u00bb\u00a0La prochaine \u00e9tape pour lui maintenant : Le\u00a0<strong><a href=\"https:\/\/www.cyclismactu.net\/..\/news-cyclisme-route-tour-d-italie-u23-le-parcours-du-giro-next-gen-un-tres-beau-programme-88072.html\" target=\"_blank\" rel=\"noopener\">Giro d&rsquo;Italia Next Gen<\/a><\/strong>\u00a0\u00e0 partir du 15 juin prochain.<\/p>\n","protected":false},"excerpt":{"rendered":"Aubin Sparfel a tout rafl\u00e9 lors de la sur l&rsquo;Alpes Is\u00e8re Tour\u00a0! Vainqueur de la derni\u00e8re \u00e9tape, le&hellip;\n","protected":false},"author":2,"featured_media":144853,"comment_status":"","ping_status":"","sticky":false,"template":"","format":"standard","meta":{"footnotes":""},"categories":[1411],"tags":[25260,1154,207,211,1011,27,209,60,210,212,208,213],"class_list":{"0":"post-144852","1":"post","2":"type-post","3":"status-publish","4":"format-standard","5":"has-post-thumbnail","7":"category-cyclisme","8":"tag-alpes-isere-tour","9":"tag-cycling","10":"tag-cyclisme","11":"tag-ffc","12":"tag-fr","13":"tag-france","14":"tag-route","15":"tag-sports","16":"tag-tour-de-france","17":"tag-uci","18":"tag-velo","19":"tag-world-tour"},"share_on_mastodon":{"url":"https:\/\/pubeurope.com\/@fr\/114610038747202396","error":""},"_links":{"self":[{"href":"https:\/\/www.europesays.com\/fr\/wp-json\/wp\/v2\/posts\/144852","targetHints":{"allow":["GET"]}}],"collection":[{"href":"https:\/\/www.europesays.com\/fr\/wp-json\/wp\/v2\/posts"}],"about":[{"href":"https:\/\/www.europesays.com\/fr\/wp-json\/wp\/v2\/types\/post"}],"author":[{"embeddable":true,"href":"https:\/\/www.europesays.com\/fr\/wp-json\/wp\/v2\/users\/2"}],"replies":[{"embeddable":true,"href":"https:\/\/www.europesays.com\/fr\/wp-json\/wp\/v2\/comments?post=144852"}],"version-history":[{"count":0,"href":"https:\/\/www.europesays.com\/fr\/wp-json\/wp\/v2\/posts\/144852\/revisions"}],"wp:featuredmedia":[{"embeddable":true,"href":"https:\/\/www.europesays.com\/fr\/wp-json\/wp\/v2\/media\/144853"}],"wp:attachment":[{"href":"https:\/\/www.europesays.com\/fr\/wp-json\/wp\/v2\/media?parent=144852"}],"wp:term":[{"taxonomy":"category","embeddable":true,"href":"https:\/\/www.europesays.com\/fr\/wp-json\/wp\/v2\/categories?post=144852"},{"taxonomy":"post_tag","embeddable":true,"href":"https:\/\/www.europesays.com\/fr\/wp-json\/wp\/v2\/tags?post=144852"}],"curies":[{"name":"wp","href":"https:\/\/api.w.org\/{rel}","templated":true}]}}