{"id":144858,"date":"2025-06-01T20:41:09","date_gmt":"2025-06-01T20:41:09","guid":{"rendered":"https:\/\/www.europesays.com\/fr\/144858\/"},"modified":"2025-06-01T20:41:09","modified_gmt":"2025-06-01T20:41:09","slug":"en-clin-doeil-a-son-nom-de-famille-corinne-peint-les-mythiques-alpine","status":"publish","type":"post","link":"https:\/\/www.europesays.com\/fr\/144858\/","title":{"rendered":"En clin d&rsquo;\u0153il \u00e0 son nom de famille, Corinne peint les mythiques Alpine"},"content":{"rendered":"<p>            Par<br \/>\n        <strong><br \/>\n            <a href=\"https:\/\/actu.fr\/auteur\/maxime-cartier1\" title=\"Consulter tous les articles de Maxime Cartier\" target=\"_blank\" rel=\"noopener\">Maxime Cartier<\/a><br \/>\n        <\/strong><\/p>\n<p>        Publi\u00e9 le<\/p>\n<p>            1 juin 2025 \u00e0 15h10        <\/p>\n<p>Les courbes d\u2019une <b>voiture<\/b> peuvent parfois \u00eatre assimil\u00e9es \u00e0 celles d\u2019une femme. Tant\u00f4t \u00e9lanc\u00e9es, parfois g\u00e9n\u00e9reuses, \u00e9l\u00e9gantes\u2026 Quand ils posent leur regard sur une voiture, certains vont s\u2019arr\u00eater sur ses lignes, d\u2019autres vont \u00e9voquer ses performances.<\/p>\n<p class=\" wall-content\">Corinne Delahaye, elle, a \u00e9t\u00e9 s\u00e9duite par le design des voitures <b>Alpine<\/b>. Mieux, c\u2019est un v\u00e9ritable coup de c\u0153ur pour elles : \u00ab Alpine, c\u2019est une marque de voiture mythique et c\u2019est une fran\u00e7aise ! Je suis chauvine \u00bb, lance-t-elle fi\u00e8rement.<\/p>\n<p class=\" wall-content\">Cette assistante de direction en ressources humaines a tenu \u00e0 sublimer les v\u00e9hicules de la marque de <a href=\"https:\/\/actu.fr\/normandie\/dieppe_76217\" target=\"_blank\" rel=\"noopener\">Dieppe (Seine-Maritime)<\/a>.<\/p>\n<p class=\" wall-content\">Depuis 2015, entre le Maroc et la France, elle les peint \u00e0 travers ses tableaux.<\/p>\n<p>Une fan des voitures de collection<\/p>\n<p class=\" wall-content\">Elle a toujours mis en avant les femmes et l\u2019univers du luxe \u00e0 travers ses acryliques. Mais l\u2019automobile est un univers que l\u2019artiste a toujours appr\u00e9ci\u00e9.<\/p>\n<p>Vid\u00e9os : en ce moment sur Actu<\/p>\n<p class=\" wall-content\">Peut-\u00eatre est-ce parce qu\u2019elle se nomme Delahaye, comme le nom de la marque de voitures automobiles fran\u00e7aise de luxe.<\/p>\n<p class=\" wall-content\">Lors d\u2019une exposition \u00e0 l\u2019h\u00f4tel de l\u2019Europe, \u00e0 Dieppe, Corinne Delahaye a vu pour la premi\u00e8re fois une Alpine Berlinette. Le d\u00e9but d\u2019une admiration pour la marque au A fl\u00e9ch\u00e9 : \u00ab Il s\u2019est produit un d\u00e9clic \u00bb.<\/p>\n<p class=\" wall-content\">Elle l\u2019a peinte. Et depuis, c\u2019est presque devenu sa marque de fabrique.<\/p>\n<p class=\" wall-content\">L\u2019ancienne habitante de Dieppe a rencontr\u00e9 le propri\u00e9taire de la Berlinette \u00ab et il m\u2019a vite donn\u00e9 envie d\u2019en savoir plus sur Alpine \u00bb, sourit l\u2019assistante de direction.<\/p>\n<p class=\" wall-content\">Depuis, femmes, luxe et d\u00e9sormais Alpine compl\u00e8tent ses tableaux. Elle aura l\u2019occasion de d\u00e9voiler plusieurs de ses \u0153uvres lors des 70\u00a0ans de la marque au A fl\u00e9ch\u00e9.<\/p>\n<p class=\" wall-content\">Certaines de ses cr\u00e9ations sont expos\u00e9es \u00e0 l\u2019Haum\u00e9a, sur le quai Henri-IV, mais elle compte bien en d\u00e9voiler de nouvelles.<\/p>\n<p class=\" wall-content\">Suivez toute l\u2019actualit\u00e9 de vos villes et m\u00e9dias favoris en vous inscrivant \u00e0 <a href=\"https:\/\/moncompte.actu.fr\" title=\"D\u00e9couvez Mon Actu\" rel=\"nofollow noopener\" data-trk=\"{&quot;cta&quot;:{&quot;action&quot;:&quot;https:\\\/\\\/moncompte.actu.fr&quot;,&quot;category&quot;:&quot;mon compte&quot;,&quot;from&quot;:&quot;article footer&quot;,&quot;name&quot;:&quot;Mon actu&quot;,&quot;type&quot;:&quot;cta&quot;}}\" target=\"_blank\">Mon Actu<\/a>.<\/p>\n","protected":false},"excerpt":{"rendered":"Par Maxime Cartier Publi\u00e9 le 1 juin 2025 \u00e0 15h10 Les courbes d\u2019une voiture peuvent parfois \u00eatre assimil\u00e9es&hellip;\n","protected":false},"author":2,"featured_media":144859,"comment_status":"","ping_status":"","sticky":false,"template":"","format":"standard","meta":{"footnotes":""},"categories":[1358],"tags":[2674,1348,1384,1385,646,1386,58,59,1011,27,104],"class_list":{"0":"post-144858","1":"post","2":"type-post","3":"status-publish","4":"format-standard","5":"has-post-thumbnail","7":"category-arts-et-design","8":"tag-alpine","9":"tag-arts","10":"tag-arts-and-design","11":"tag-arts-et-design","12":"tag-automobile","13":"tag-design","14":"tag-divertissement","15":"tag-entertainment","16":"tag-fr","17":"tag-france","18":"tag-societe"},"share_on_mastodon":{"url":"https:\/\/pubeurope.com\/@fr\/114610050410974093","error":""},"_links":{"self":[{"href":"https:\/\/www.europesays.com\/fr\/wp-json\/wp\/v2\/posts\/144858","targetHints":{"allow":["GET"]}}],"collection":[{"href":"https:\/\/www.europesays.com\/fr\/wp-json\/wp\/v2\/posts"}],"about":[{"href":"https:\/\/www.europesays.com\/fr\/wp-json\/wp\/v2\/types\/post"}],"author":[{"embeddable":true,"href":"https:\/\/www.europesays.com\/fr\/wp-json\/wp\/v2\/users\/2"}],"replies":[{"embeddable":true,"href":"https:\/\/www.europesays.com\/fr\/wp-json\/wp\/v2\/comments?post=144858"}],"version-history":[{"count":0,"href":"https:\/\/www.europesays.com\/fr\/wp-json\/wp\/v2\/posts\/144858\/revisions"}],"wp:featuredmedia":[{"embeddable":true,"href":"https:\/\/www.europesays.com\/fr\/wp-json\/wp\/v2\/media\/144859"}],"wp:attachment":[{"href":"https:\/\/www.europesays.com\/fr\/wp-json\/wp\/v2\/media?parent=144858"}],"wp:term":[{"taxonomy":"category","embeddable":true,"href":"https:\/\/www.europesays.com\/fr\/wp-json\/wp\/v2\/categories?post=144858"},{"taxonomy":"post_tag","embeddable":true,"href":"https:\/\/www.europesays.com\/fr\/wp-json\/wp\/v2\/tags?post=144858"}],"curies":[{"name":"wp","href":"https:\/\/api.w.org\/{rel}","templated":true}]}}