{"id":144860,"date":"2025-06-01T20:42:26","date_gmt":"2025-06-01T20:42:26","guid":{"rendered":"https:\/\/www.europesays.com\/fr\/144860\/"},"modified":"2025-06-01T20:42:26","modified_gmt":"2025-06-01T20:42:26","slug":"raphael-meltz-signe-avec-apres-un-livre-emouvant-sur-le-deuil-familial","status":"publish","type":"post","link":"https:\/\/www.europesays.com\/fr\/144860\/","title":{"rendered":"Rapha\u00ebl Meltz signe avec \u00ab\u00a0Apr\u00e8s\u00a0\u00bb, un livre \u00e9mouvant sur le deuil familial"},"content":{"rendered":"<p>\u00c0 la suite d&rsquo;un accident, un p\u00e8re de famille meurt brutalement laissant derri\u00e8re lui sa femme et ses enfants. Comment d\u00e8s lors faire l&rsquo;impossible deuil de la perte d&rsquo;un \u00eatre cher ? C&rsquo;est l&rsquo;interrogation que pose Rapha\u00ebl Meltz dans son dernier roman Apr\u00e8s.\u00a0Voici un texte fort dont l&rsquo;\u00e9crivain fera une lecture ce dimanche 1er juin au conservatoire Pierre Barbizet \u00e0 Marseille dans le cadre du festival <a href=\"https:\/\/www.laprovence.com\/article\/culture-loisirs\/1371969143391814\/au-festival-oh-les-beaux-jours-des-mots-et-des-notes-bercent-le-public-au-conservatoire-de-marseille\" target=\"_blank\" rel=\"noopener\">Oh Les beaux jours\u00a0!<\/a> Il n&rsquo;y a pas de dialogue, mais une longue expression de soi qui pose plusieurs questions\u00a0: \u00ab\u00a0Que se passe-t-il quand on n&rsquo;est plus l\u00e0\u00a0?\u00a0\u00bb, \u00ab\u00a0Que vivent ceux qui sont rest\u00e9s ?\u00a0\u00bb, et \u00ab\u00a0Comment r\u00e9ussir \u00e0 s&rsquo;en aller ?\u00a0\u00bb<\/p>\n","protected":false},"excerpt":{"rendered":"\u00c0 la suite d&rsquo;un accident, un p\u00e8re de famille meurt brutalement laissant derri\u00e8re lui sa femme et ses&hellip;\n","protected":false},"author":2,"featured_media":144861,"comment_status":"","ping_status":"","sticky":false,"template":"","format":"standard","meta":{"footnotes":""},"categories":[1357],"tags":[17,150,3396,1379,251,58,27364,59,1011,27,2003,1380,27363,13399,3789],"class_list":{"0":"post-144860","1":"post","2":"type-post","3":"status-publish","4":"format-standard","5":"has-post-thumbnail","7":"category-livres","8":"tag-17","9":"tag-apres","10":"tag-avec","11":"tag-books","12":"tag-culture","13":"tag-divertissement","14":"tag-emouvant","15":"tag-entertainment","16":"tag-fr","17":"tag-france","18":"tag-livre","19":"tag-livres","20":"tag-meltz","21":"tag-raphael","22":"tag-signe"},"share_on_mastodon":{"url":"https:\/\/pubeurope.com\/@fr\/114610054475936681","error":""},"_links":{"self":[{"href":"https:\/\/www.europesays.com\/fr\/wp-json\/wp\/v2\/posts\/144860","targetHints":{"allow":["GET"]}}],"collection":[{"href":"https:\/\/www.europesays.com\/fr\/wp-json\/wp\/v2\/posts"}],"about":[{"href":"https:\/\/www.europesays.com\/fr\/wp-json\/wp\/v2\/types\/post"}],"author":[{"embeddable":true,"href":"https:\/\/www.europesays.com\/fr\/wp-json\/wp\/v2\/users\/2"}],"replies":[{"embeddable":true,"href":"https:\/\/www.europesays.com\/fr\/wp-json\/wp\/v2\/comments?post=144860"}],"version-history":[{"count":0,"href":"https:\/\/www.europesays.com\/fr\/wp-json\/wp\/v2\/posts\/144860\/revisions"}],"wp:featuredmedia":[{"embeddable":true,"href":"https:\/\/www.europesays.com\/fr\/wp-json\/wp\/v2\/media\/144861"}],"wp:attachment":[{"href":"https:\/\/www.europesays.com\/fr\/wp-json\/wp\/v2\/media?parent=144860"}],"wp:term":[{"taxonomy":"category","embeddable":true,"href":"https:\/\/www.europesays.com\/fr\/wp-json\/wp\/v2\/categories?post=144860"},{"taxonomy":"post_tag","embeddable":true,"href":"https:\/\/www.europesays.com\/fr\/wp-json\/wp\/v2\/tags?post=144860"}],"curies":[{"name":"wp","href":"https:\/\/api.w.org\/{rel}","templated":true}]}}