{"id":144862,"date":"2025-06-01T20:43:12","date_gmt":"2025-06-01T20:43:12","guid":{"rendered":"https:\/\/www.europesays.com\/fr\/144862\/"},"modified":"2025-06-01T20:43:12","modified_gmt":"2025-06-01T20:43:12","slug":"apres-le-carton-sur-disney-la-serie-bref-2-bientot-diffusee-par-tf-1","status":"publish","type":"post","link":"https:\/\/www.europesays.com\/fr\/144862\/","title":{"rendered":"Apr\u00e8s le carton sur Disney +, la s\u00e9rie \u00ab\u00a0Bref 2\u00a0\u00bb bient\u00f4t diffus\u00e9e par TF\u00a01"},"content":{"rendered":"<p class=\"paragraph text_align_left\">Une marque rendue c\u00e9l\u00e8bre par Canal + bient\u00f4t visible sur une autre cha\u00eene de t\u00e9l\u00e9. <a href=\"https:\/\/www.leparisien.fr\/culture-loisirs\/series\/bref-de-retour-sur-disney-le-14-fevrier-ce-que-lon-a-pense-de-la-suite-de-la-serie-culte-05-02-2025-FN2IMQHGIJARVLETQRWKWLWP6I.php\" target=\"_blank\" rel=\"noreferrer nofollow noopener\">Apr\u00e8s son succ\u00e8s sur la plate-forme Disney +, \u00ab Bref 2 \u00bb<\/a> va d\u00e9barquer \u00e0 la t\u00e9l\u00e9vision. Une annonce rep\u00e9r\u00e9e par \u00ab Satellifacts \u00bb, et faite en marge de la Journ\u00e9e de la cr\u00e9ation fran\u00e7aise, nouveau rendez-vous cr\u00e9\u00e9 par le festival de la fiction de La Rochelle.<\/p>\n<p class=\"paragraph text_align_left\">Le 27 mai, Kevin Deysson, responsable des productions originales de la plate-forme am\u00e9ricaine, y a ainsi r\u00e9v\u00e9l\u00e9 que la deuxi\u00e8me fen\u00eatre de diffusion de la s\u00e9rie reviendrait au groupe TF 1. Ce n\u2019est pas vraiment une surprise, le groupe audiovisuel priv\u00e9 \u00e9tant coproducteur de cette \u0153uvre. Selon nos informations, sa programmation n\u2019est cependant pas pour tout de suite. La cr\u00e9ation fran\u00e7aise devrait \u00eatre visible en 2026, probablement sur la premi\u00e8re cha\u00eene.<\/p>\n<p class=\"paragraph text_align_left\">Lanc\u00e9e le 14 f\u00e9vrier sur Disney +, cette deuxi\u00e8me saison de \u00ab Bref \u00bb, constitu\u00e9e de six \u00e9pisodes de 30 \u00e0 40 minutes, <a href=\"https:\/\/www.leparisien.fr\/culture-loisirs\/series\/bref-2-le-succes-de-la-serie-sur-disney-propulse-je-survivrai-de-regine-dans-le-top-des-ecoutes-sur-spotify-et-deezer-26-02-2025-F7IROGZE5RG6DLPWCY6QXYY3UM.php\" target=\"_blank\" rel=\"noreferrer nofollow noopener\">a cartonn\u00e9<\/a>. Elle a notamment sign\u00e9 le meilleur lancement pour une s\u00e9rie originale tricolore depuis l\u2019arriv\u00e9e de la plate-forme dans l\u2019Hexagone, en 2020. Outre son acteur principal y figurait un casting de choix compos\u00e9 notamment de B\u00e9reng\u00e8re Krief, Baptiste Lecaplain ou encore Laura Felpin.<\/p>\n<p class=\"paragraph text_align_left\">\u00ab La s\u00e9rie a rempli toutes les cases. Elle a g\u00e9n\u00e9r\u00e9 de l\u2019abonnement, elle a plu aux abonn\u00e9s, elle a \u00e9t\u00e9 regard\u00e9e jusqu\u2019au bout et parfois plusieurs fois. Et nous avons r\u00e9ussi \u00e0 attirer les 15-24 ans \u00bb, s\u2019est f\u00e9licit\u00e9 Kevin Deysson de Disney +, d\u2019apr\u00e8s des propos rapport\u00e9s par nos confr\u00e8res.<\/p>\n<p>Une troisi\u00e8me saison d\u00e9j\u00e0 \u00ab en r\u00e9flexion \u00bb<\/p>\n<p class=\"paragraph text_align_left\">Ce succ\u00e8s fait \u00e9cho \u00e0 celui de la premi\u00e8re saison de la cr\u00e9ation de Kyan Khojandi et Bruno Muschio, alias Navo. Diffus\u00e9 au sein du \u00ab Grand journal \u00bb de Canal + entre 2011 et 2012, \u00ab Bref \u00bb \u00e9tait alors un format court compos\u00e9 de 82 \u00e9pisodes de moins de 2 minutes chroniquant le quotidien d\u2019un trentenaire.<\/p>\n<p class=\"paragraph text_align_left\">\u00c0 la surprise g\u00e9n\u00e9rale, la saison 2 de ce programme devenu culte n\u2019a pas atterri chez son diffuseur historique, et ce <a href=\"https:\/\/www.leparisien.fr\/culture-loisirs\/series\/ils-ont-vu-ce-truc-exploser-apres-le-carton-de-bref-2-disney-diffuse-la-serie-dans-le-monde-entier-06-03-2025-LQRYD2Y7UBE35JPSMQFHWK7LDE.php\" target=\"_blank\" rel=\"noreferrer nofollow noopener\">pour des raisons financi\u00e8res<\/a>. Disney + en a profit\u00e9 et devrait continuer de le faire, une troisi\u00e8me saison \u00e9tant d\u00e9j\u00e0 \u00ab en r\u00e9flexion \u00bb.<\/p>\n","protected":false},"excerpt":{"rendered":"Une marque rendue c\u00e9l\u00e8bre par Canal + bient\u00f4t visible sur une autre cha\u00eene de t\u00e9l\u00e9. Apr\u00e8s son succ\u00e8s&hellip;\n","protected":false},"author":2,"featured_media":144863,"comment_status":"","ping_status":"","sticky":false,"template":"","format":"standard","meta":{"footnotes":""},"categories":[1356],"tags":[872,58,59,1011,27,252,2205,1364],"class_list":{"0":"post-144862","1":"post","2":"type-post","3":"status-publish","4":"format-standard","5":"has-post-thumbnail","7":"category-television","8":"tag-culture-et-loisirs","9":"tag-divertissement","10":"tag-entertainment","11":"tag-fr","12":"tag-france","13":"tag-television","14":"tag-television-medias","15":"tag-tv"},"share_on_mastodon":{"url":"https:\/\/pubeurope.com\/@fr\/114610058781605144","error":""},"_links":{"self":[{"href":"https:\/\/www.europesays.com\/fr\/wp-json\/wp\/v2\/posts\/144862","targetHints":{"allow":["GET"]}}],"collection":[{"href":"https:\/\/www.europesays.com\/fr\/wp-json\/wp\/v2\/posts"}],"about":[{"href":"https:\/\/www.europesays.com\/fr\/wp-json\/wp\/v2\/types\/post"}],"author":[{"embeddable":true,"href":"https:\/\/www.europesays.com\/fr\/wp-json\/wp\/v2\/users\/2"}],"replies":[{"embeddable":true,"href":"https:\/\/www.europesays.com\/fr\/wp-json\/wp\/v2\/comments?post=144862"}],"version-history":[{"count":0,"href":"https:\/\/www.europesays.com\/fr\/wp-json\/wp\/v2\/posts\/144862\/revisions"}],"wp:featuredmedia":[{"embeddable":true,"href":"https:\/\/www.europesays.com\/fr\/wp-json\/wp\/v2\/media\/144863"}],"wp:attachment":[{"href":"https:\/\/www.europesays.com\/fr\/wp-json\/wp\/v2\/media?parent=144862"}],"wp:term":[{"taxonomy":"category","embeddable":true,"href":"https:\/\/www.europesays.com\/fr\/wp-json\/wp\/v2\/categories?post=144862"},{"taxonomy":"post_tag","embeddable":true,"href":"https:\/\/www.europesays.com\/fr\/wp-json\/wp\/v2\/tags?post=144862"}],"curies":[{"name":"wp","href":"https:\/\/api.w.org\/{rel}","templated":true}]}}