{"id":144868,"date":"2025-06-01T20:46:10","date_gmt":"2025-06-01T20:46:10","guid":{"rendered":"https:\/\/www.europesays.com\/fr\/144868\/"},"modified":"2025-06-01T20:46:10","modified_gmt":"2025-06-01T20:46:10","slug":"contaminees-par-la-dengue-et-le-chikungunya-elles-temoignent","status":"publish","type":"post","link":"https:\/\/www.europesays.com\/fr\/144868\/","title":{"rendered":"contamin\u00e9es par la dengue et le chikungunya, elles t\u00e9moignent"},"content":{"rendered":"<p>\u00ab\u00a0Dans l\u2019avion, je transpirais \u00e0 grosses gouttes. On me disait que j\u2019avais de belles couleurs\u00a0: je n\u2019avais pas pris le soleil depuis six jours\u2026 J\u2019\u00e9tais couch\u00e9e, r\u00e9tam\u00e9e\u00a0\u00bb, raconte Agn\u00e8s Jandard, 54 ans. Le rouge sur son visage et son thorax, c\u2019est de l\u2019urticaire. Sur deux semaines de vacances en famille en Guadeloupe en janvier, elle en a pass\u00e9e une terrass\u00e9e par la dengue. Fi\u00e8vre, naus\u00e9e, violentes douleurs articulaires et musculaires\u2026 L\u00e0-bas, le m\u00e9decin a pens\u00e9 \u00e0 une grippe hivernale ramen\u00e9e de l\u2019Hexagone. Son mari, son fr\u00e8re, sa belle-s\u0153ur sont couverts de piq\u00fbres de moustiques, elle pense y avoir \u00e9chapp\u00e9.<\/p>\n<p>\u00ab\u00a0Les mains de Mickey\u00a0!\u00a0\u00bb<\/p>\n<p>Mais une fois rentr\u00e9e \u00e0 Messimy, elle doit retourner chez un m\u00e9decin. \u00ab\u00a0J\u2019avais des mains comme dans les dessins anim\u00e9s, comme celles de Mickey\u00a0\u00bb, les pieds eux aussi gonfl\u00e9s, \u00e0 cause d\u2019\u0153d\u00e8mes. La prise de sang confirme\u00a0: <a href=\"https:\/\/www.leprogres.fr\/sante\/2025\/05\/20\/moustiques-tigre-depuis-le-1er-mai-deja-37-cas-de-chikungunya-et-31-cas-de-dengue-detectes-dans-la-region\" target=\"_blank\" rel=\"noopener\">c\u2019est la dengue, seule des trois maladies transmises par le moustique-tigre potentiellement mortelle<\/a>.<\/p>\n<p><strong>&gt;&gt;\u00a0<a href=\"https:\/\/www.leprogres.fr\/environnement\/2025\/05\/31\/un-carnage-des-qu-on-sort-on-se-fait-attaquer-le-moustique-tigre-est-de-retour-comment-tenter-de-s-en-debarrasser\" target=\"_blank\" rel=\"noopener\">\u00ab\u00a0D\u00e8&#8230;<\/a><\/strong><\/p>\n","protected":false},"excerpt":{"rendered":"\u00ab\u00a0Dans l\u2019avion, je transpirais \u00e0 grosses gouttes. On me disait que j\u2019avais de belles couleurs\u00a0: je n\u2019avais pas&hellip;\n","protected":false},"author":2,"featured_media":144869,"comment_status":"","ping_status":"","sticky":false,"template":"","format":"standard","meta":{"footnotes":""},"categories":[10],"tags":[2757,3153,436,107,1011,27,72,2428,2756,10471,5140,2429,71,767,3151,104],"class_list":{"0":"post-144868","1":"post","2":"type-post","3":"status-publish","4":"format-standard","5":"has-post-thumbnail","7":"category-sante","8":"tag-edition-lyon-villeurbanne","9":"tag-edition-ouest-lyonnais","10":"tag-environnement","11":"tag-fil-info","12":"tag-fr","13":"tag-france","14":"tag-health","15":"tag-lyon","16":"tag-lyon-bassin","17":"tag-messimy","18":"tag-rechauffement-climatique","19":"tag-rhone","20":"tag-sante","21":"tag-science-et-technologie","22":"tag-selection-de-la-redaction-69","23":"tag-societe"},"share_on_mastodon":{"url":"https:\/\/pubeurope.com\/@fr\/114610070045556888","error":""},"_links":{"self":[{"href":"https:\/\/www.europesays.com\/fr\/wp-json\/wp\/v2\/posts\/144868","targetHints":{"allow":["GET"]}}],"collection":[{"href":"https:\/\/www.europesays.com\/fr\/wp-json\/wp\/v2\/posts"}],"about":[{"href":"https:\/\/www.europesays.com\/fr\/wp-json\/wp\/v2\/types\/post"}],"author":[{"embeddable":true,"href":"https:\/\/www.europesays.com\/fr\/wp-json\/wp\/v2\/users\/2"}],"replies":[{"embeddable":true,"href":"https:\/\/www.europesays.com\/fr\/wp-json\/wp\/v2\/comments?post=144868"}],"version-history":[{"count":0,"href":"https:\/\/www.europesays.com\/fr\/wp-json\/wp\/v2\/posts\/144868\/revisions"}],"wp:featuredmedia":[{"embeddable":true,"href":"https:\/\/www.europesays.com\/fr\/wp-json\/wp\/v2\/media\/144869"}],"wp:attachment":[{"href":"https:\/\/www.europesays.com\/fr\/wp-json\/wp\/v2\/media?parent=144868"}],"wp:term":[{"taxonomy":"category","embeddable":true,"href":"https:\/\/www.europesays.com\/fr\/wp-json\/wp\/v2\/categories?post=144868"},{"taxonomy":"post_tag","embeddable":true,"href":"https:\/\/www.europesays.com\/fr\/wp-json\/wp\/v2\/tags?post=144868"}],"curies":[{"name":"wp","href":"https:\/\/api.w.org\/{rel}","templated":true}]}}