{"id":144883,"date":"2025-06-01T20:54:13","date_gmt":"2025-06-01T20:54:13","guid":{"rendered":"https:\/\/www.europesays.com\/fr\/144883\/"},"modified":"2025-06-01T20:54:13","modified_gmt":"2025-06-01T20:54:13","slug":"saint-etienne-cest-usant-face-aux-degradations-en-marge-de-la-victoire-du-psg-ce-commercant-est-fatigue-le-progres","status":"publish","type":"post","link":"https:\/\/www.europesays.com\/fr\/144883\/","title":{"rendered":"Saint-\u00c9tienne. \u00ab C&#039;est usant \u00bb : face aux d\u00e9gradations en marge de la victoire du PSG, ce commer\u00e7ant est \u00ab fatigu\u00e9 \u00bb &#8211; Le Progr\u00e8s"},"content":{"rendered":"<ol>\n<li><a href=\"https:\/\/news.google.com\/rss\/articles\/CBMi1wFBVV95cUxPSHVERVdKOTM5dlFDaWVKWVVBel8tQkdMLXpKMG5rYVdFN2dTdFBaUWVKSVgzbkpIdlRMbHNuYVoyRzBFdFkwZHpCQ0hvZmJEaHItYTdCYnBsQ3NqYVVGRG5hZmNlMlZnMjZ3UDhYSGVFSjZCbnBZVE1XbzZ0cngzT290eC1aUFJrU3k5SFBONlhXRlhWZWxpV010T3ZVWHBVZVI5RXg2REFjWHdidVdSQV8tZU5yUFJXakNYS2EtMGtYclJSTXpUU0lESnNaT09FYW1LOEV6NA?oc=5\" target=\"_blank\" rel=\"nofollow noopener\">Saint-\u00c9tienne. \u00ab C&rsquo;est usant \u00bb : face aux d\u00e9gradations en marge de la victoire du PSG, ce commer\u00e7ant est \u00ab fatigu\u00e9 \u00bb<\/a>&nbsp;&nbsp;Le Progr\u00e8s<\/li>\n<li><a href=\"https:\/\/news.google.com\/rss\/articles\/CBMi6AJBVV95cUxNUUlTdlFlLVZYOVctNmlpcGZ0cjctYXhRU3ZhUGxCRlBSNzk3cG8wT2FKcjlhUFVQV2dPQkh5N3FlU2U4NlgyZjhiX2lVUWNaSFY1bDU2MElFWFprN3otc3lEUzlaRlQxVWF4SGZaak1fcjE0SUhWbEc1X194eXU2dkMzeUtaalNYSHVHZkFsaUhkb0JDeEtoN2hYcWdfUFpKLXF3U1o5YWxzUXhoQnV3VGNSR3RtUkFUMGx3b0pCcloyQW1vTDh0MGxWOXEwNUlLOFBpSmp5aUd6TFgzV0lnbHVCUWwzMURiNEZMRkU4a3pEUXh1bVJUZWZ2WWRhQ2hmTTRrQVlJU1NodGNDZlFiN203d1cyY1pfSmJ6d0N2bDF0bThjTUNPbE80czZ2bGNUMWtMVGNkTFg3c05hYWM1OWo1OGJvMHZYelpvcEphZV9id2tCUHhwMm5vS2dSMU5fN3UtNF9EYUs?oc=5\" target=\"_blank\" rel=\"nofollow noopener\">Deux morts et plus de 550 interpellations en marge des c\u00e9l\u00e9brations de la victoire du PSG en Ligue des champions ; le dispositif s\u00e9curitaire a \u00e9t\u00e9 \u00ab \u00e0 la hauteur \u00bb, estime Bruno Retailleau<\/a>&nbsp;&nbsp;Le Monde.fr<\/li>\n<li><a href=\"https:\/\/news.google.com\/rss\/articles\/CBMi5wFBVV95cUxNbVpFTnlGOVluMzdILUJYWEJuYUhoS1MwYXlHMTVjLTlJZnhmYThkOUpaM3NyZWRUVXBSM2FjTEMwMzdvZHk0WTgwOHFYOFh2T1RVVHQ3eWJ2OXpOSlg5NnFVb250UDVlTzhBVXB5enRreUJZRmE4SWZvdkpZN05SZnF1dldCN0ZvM21pNENaSklPMEF5dkRKazNDeGw4eHMzQl9Ha19VM0JIMWdBS1JhSDdnSEpwZEtaWWpDMWluT0JaRERJRE1OSU1TaTNYQk1aY2hYXzJON2xTQzJiQ0VVNVZfbWxDX1U?oc=5\" target=\"_blank\" rel=\"nofollow noopener\">Le chef Jean Imbert rend hommage \u00e0 un employ\u00e9 de son restaurant, tu\u00e9 apr\u00e8s le sacre du PSG<\/a>&nbsp;&nbsp;Le HuffPost<\/li>\n<li><a href=\"https:\/\/news.google.com\/rss\/articles\/CBMizAFBVV95cUxQYW1tQV96YWNKS2huQ0ctay12RFVtMzBEVVgyMUU3WnlSRHh3Slo0Qjg3WGJoQUFxX2NWYlNfbmI5eVJOSWJmOU1lV0JxSXFUc2xmUDg5MkRsQ2lHcVpxOTVzUFk4akhhMHlLbGVZemtnUjRrRmNXVEhzRF9lT0VSMzI1VkxvU1EtczRQRFQ5WTBINGJ4dGNZbHl2WHc4Vm43MmVfdHBPeDZMNmJ5ekdZaHo2elRSdW41XzVQcXNpWUczMGl0bXo1M2FSNEg?oc=5\" target=\"_blank\" rel=\"nofollow noopener\">Violences apr\u00e8s la victoire du PSG : \u00ab L\u2019\u00e9ternelle inversion des responsabilit\u00e9s des Insoumis \u00bb<\/a>&nbsp;&nbsp;Le Figaro<\/li>\n<li><a href=\"https:\/\/news.google.com\/rss\/articles\/CBMigAJBVV95cUxPQjRkTFZFbkx6TFRWUEZBMFV4Z2NuM2FjQ0lJTzE0RGhycng0Q0x6YXpJMDFOQ1VFbVN4ZkhUYkR5NENVNnh3b0lycHY5VFNYUDAtT3lxSG9YUWlRbkJqZzRwM0xnY0hjRXMycEJlUnFKVm93UTd0OEt5Qlpqc1NFTURQcS1sUUJVV0FkM194NHhwMDdGVVE0Q1gxa2JJWXlIdno2N1VPLVFHUEVtck1qX3M2SlNicXd0NmQwYXZrZjBwdmJQMEVHY3ZWMXFSVXg4ZmNZYTQyX0hhOFJkeFVSSnFNUTZ1Sy1Cai1Wclo2ZmlwWUFSTml3RnhsVm1BdXJR?oc=5\" target=\"_blank\" rel=\"nofollow noopener\">Dax: un jeune de 17 ans tu\u00e9 \u00e0 coup de couteau en marge des c\u00e9l\u00e9brations du match du PSG<\/a>&nbsp;&nbsp;RMC Sport<\/li>\n<\/ol>\n","protected":false},"excerpt":{"rendered":"Saint-\u00c9tienne. \u00ab C&rsquo;est usant \u00bb : face aux d\u00e9gradations en marge de la victoire du PSG, ce commer\u00e7ant&hellip;\n","protected":false},"author":2,"featured_media":144884,"comment_status":"","ping_status":"","sticky":false,"template":"","format":"standard","meta":{"footnotes":""},"categories":[9653],"tags":[1111,11,2430,7539,1777,674,274,107,63,1011,27,3367,12,25,4001,7538],"class_list":{"0":"post-144883","1":"post","2":"type-post","3":"status-publish","4":"format-standard","5":"has-post-thumbnail","7":"category-saint-etienne","8":"tag-actu","9":"tag-actualites","10":"tag-auvergne-rhone-alpes","11":"tag-edition-loire-sud","12":"tag-eu","13":"tag-europe","14":"tag-faits-divers-justice","15":"tag-fil-info","16":"tag-football","17":"tag-fr","18":"tag-france","19":"tag-loire","20":"tag-news","21":"tag-republique-francaise","22":"tag-saint-etienne","23":"tag-saint-etienne-ville"},"share_on_mastodon":{"url":"https:\/\/pubeurope.com\/@fr\/114610101719957069","error":""},"_links":{"self":[{"href":"https:\/\/www.europesays.com\/fr\/wp-json\/wp\/v2\/posts\/144883","targetHints":{"allow":["GET"]}}],"collection":[{"href":"https:\/\/www.europesays.com\/fr\/wp-json\/wp\/v2\/posts"}],"about":[{"href":"https:\/\/www.europesays.com\/fr\/wp-json\/wp\/v2\/types\/post"}],"author":[{"embeddable":true,"href":"https:\/\/www.europesays.com\/fr\/wp-json\/wp\/v2\/users\/2"}],"replies":[{"embeddable":true,"href":"https:\/\/www.europesays.com\/fr\/wp-json\/wp\/v2\/comments?post=144883"}],"version-history":[{"count":0,"href":"https:\/\/www.europesays.com\/fr\/wp-json\/wp\/v2\/posts\/144883\/revisions"}],"wp:featuredmedia":[{"embeddable":true,"href":"https:\/\/www.europesays.com\/fr\/wp-json\/wp\/v2\/media\/144884"}],"wp:attachment":[{"href":"https:\/\/www.europesays.com\/fr\/wp-json\/wp\/v2\/media?parent=144883"}],"wp:term":[{"taxonomy":"category","embeddable":true,"href":"https:\/\/www.europesays.com\/fr\/wp-json\/wp\/v2\/categories?post=144883"},{"taxonomy":"post_tag","embeddable":true,"href":"https:\/\/www.europesays.com\/fr\/wp-json\/wp\/v2\/tags?post=144883"}],"curies":[{"name":"wp","href":"https:\/\/api.w.org\/{rel}","templated":true}]}}