{"id":144887,"date":"2025-06-01T20:59:05","date_gmt":"2025-06-01T20:59:05","guid":{"rendered":"https:\/\/www.europesays.com\/fr\/144887\/"},"modified":"2025-06-01T20:59:05","modified_gmt":"2025-06-01T20:59:05","slug":"champigneulles-la-meteo-perturbe-la-braderie","status":"publish","type":"post","link":"https:\/\/www.europesays.com\/fr\/144887\/","title":{"rendered":"Champigneulles. La m\u00e9t\u00e9o perturbe la braderie"},"content":{"rendered":"<p>Lucien Toussaint, le pr\u00e9sident du Comit\u00e9 des f\u00eates, avait enregistr\u00e9 80 r\u00e9servations pour la traditionnelle braderie de la f\u00eate des m\u00e8res, mais la m\u00e9t\u00e9o incertaine a chang\u00e9 la donne. Seulement 70 exposants (contre 100 l\u2019an pass\u00e9) se sont install\u00e9s au centre-ville pour proposer leurs nombreux et divers produits. Une fois le ruban inaugural coup\u00e9 par les \u00e9lus, le Dancing Major Show et l\u2019Harmonie \u00ab\u00a0Rythm and Brass\u00a0\u00bb ont d\u00e9ambul\u00e9 \u00e0 travers les stands, suivis et tr\u00e8s applaudis par la foule de visiteurs.<\/p>\n","protected":false},"excerpt":{"rendered":"Lucien Toussaint, le pr\u00e9sident du Comit\u00e9 des f\u00eates, avait enregistr\u00e9 80 r\u00e9servations pour la traditionnelle braderie de la&hellip;\n","protected":false},"author":2,"featured_media":144888,"comment_status":"","ping_status":"","sticky":false,"template":"","format":"standard","meta":{"footnotes":""},"categories":[9635],"tags":[1111,11,5738,11679,13561,13560,1687,1704,1777,674,1011,27,775,1702,12,25,3365],"class_list":{"0":"post-144887","1":"post","2":"type-post","3":"status-publish","4":"format-standard","5":"has-post-thumbnail","7":"category-nancy","8":"tag-actu","9":"tag-actualites","10":"tag-bourses","11":"tag-brocantes","12":"tag-cc-du-bassin-de-pompey-54b2","13":"tag-champigneulles","14":"tag-culture-loisirs","15":"tag-edition-nancy-et-agglomeration","16":"tag-eu","17":"tag-europe","18":"tag-fr","19":"tag-france","20":"tag-grand-est","21":"tag-nancy","22":"tag-news","23":"tag-republique-francaise","24":"tag-vide-greniers"},"share_on_mastodon":{"url":"https:\/\/pubeurope.com\/@fr\/114610121190081166","error":""},"_links":{"self":[{"href":"https:\/\/www.europesays.com\/fr\/wp-json\/wp\/v2\/posts\/144887","targetHints":{"allow":["GET"]}}],"collection":[{"href":"https:\/\/www.europesays.com\/fr\/wp-json\/wp\/v2\/posts"}],"about":[{"href":"https:\/\/www.europesays.com\/fr\/wp-json\/wp\/v2\/types\/post"}],"author":[{"embeddable":true,"href":"https:\/\/www.europesays.com\/fr\/wp-json\/wp\/v2\/users\/2"}],"replies":[{"embeddable":true,"href":"https:\/\/www.europesays.com\/fr\/wp-json\/wp\/v2\/comments?post=144887"}],"version-history":[{"count":0,"href":"https:\/\/www.europesays.com\/fr\/wp-json\/wp\/v2\/posts\/144887\/revisions"}],"wp:featuredmedia":[{"embeddable":true,"href":"https:\/\/www.europesays.com\/fr\/wp-json\/wp\/v2\/media\/144888"}],"wp:attachment":[{"href":"https:\/\/www.europesays.com\/fr\/wp-json\/wp\/v2\/media?parent=144887"}],"wp:term":[{"taxonomy":"category","embeddable":true,"href":"https:\/\/www.europesays.com\/fr\/wp-json\/wp\/v2\/categories?post=144887"},{"taxonomy":"post_tag","embeddable":true,"href":"https:\/\/www.europesays.com\/fr\/wp-json\/wp\/v2\/tags?post=144887"}],"curies":[{"name":"wp","href":"https:\/\/api.w.org\/{rel}","templated":true}]}}