{"id":144896,"date":"2025-06-01T21:04:10","date_gmt":"2025-06-01T21:04:10","guid":{"rendered":"https:\/\/www.europesays.com\/fr\/144896\/"},"modified":"2025-06-01T21:04:10","modified_gmt":"2025-06-01T21:04:10","slug":"pourquoi-la-police-va-t-elle-multiplier-les-vols-de-drones-tout-au-long-du-mois-de-juin","status":"publish","type":"post","link":"https:\/\/www.europesays.com\/fr\/144896\/","title":{"rendered":"pourquoi la police va-t-elle multiplier les vols de drones tout au long du mois de juin\u00a0?"},"content":{"rendered":"<p>            Par<br \/>\n        <strong><br \/>\n            <a href=\"https:\/\/actu.fr\/auteur\/aurelien-delavaud\" title=\"Consulter tous les articles de Aur\u00e9lien Delavaud\" target=\"_blank\" rel=\"noopener\">Aur\u00e9lien Delavaud<\/a><br \/>\n        <\/strong><\/p>\n<p>        Publi\u00e9 le<\/p>\n<p>            1 juin 2025 \u00e0 22h53        <\/p>\n<p>C\u2019\u00e9tait le jeudi 30\u00a0janvier 2025. Ce jour-l\u00e0, <a href=\"https:\/\/actu.fr\/normandie\/elbeuf_76231\/tentative-de-meurtre-pres-de-rouen-il-fonce-a-moto-sur-le-policier-qui-lui-barre-la-route_62191473.html\" target=\"_blank\" rel=\"noopener\">un policier \u00e9tait gravement bless\u00e9, renvers\u00e9 par le pilote d\u2019une moto<\/a>, dans le centre-ville d\u2019<a href=\"https:\/\/actu.fr\/normandie\/elbeuf_76231\" target=\"_blank\" rel=\"noopener\">Elbeuf (Seine-Maritime)<\/a>, alors qu\u2019il tentait de l\u2019emp\u00eacher de fuir un <b>contr\u00f4le de police<\/b>.<\/p>\n<p class=\" wall-content\">Une enqu\u00eate de police avait permis d\u2019identifier ce jeune homme de 20\u00a0ans, de l\u2019arr\u00eater et de le conduire devant la justice, o\u00f9 <a href=\"https:\/\/actu.fr\/normandie\/rouen_76540\/policier-percute-elbeuf-face-gamin-croit-maitre-monde_62263182.html\" target=\"_blank\" rel=\"noopener\">il avait \u00e9t\u00e9 condamn\u00e9<\/a>.<\/p>\n<p class=\" wall-content\">Un cas qui avait marqu\u00e9 l\u2019opinion publique et le <b>pr\u00e9fet de la Seine-Maritime<\/b>, qui le cite dans un nouvel <b>arr\u00eat\u00e9<\/b> publi\u00e9 le samedi 31\u00a0mai 2025 pour lutter contre les <b>rod\u00e9os urbains<\/b>.<\/p>\n<p>Des vols de drones tr\u00e8s encadr\u00e9s<\/p>\n<p class=\" wall-content\">Comment\u2009? En autorisant le <b>survol par des drones<\/b>, depuis le dimanche 1er\u00a0juin et <b>jusqu\u2019au lundi 30\u00a0juin 2025<\/b>, de zones connues pour subir ces ph\u00e9nom\u00e8nes\u2009: les Hauts de Rouen, Canteleu, certains quartiers de Petit-Quevilly, Oissel ou Grand-Couronne\u2026<\/p>\n<p>    <a href=\"https:\/\/www.facebook.com\/plugins\/post.php?href=https%3A%2F%2Fwww.facebook.com%2FPoliceNat76%2Fposts%2Fpfbid0366f216xBdQL5YNgHWagNR5bvu5k9G6NwZXEKYg36sKXbP2edrcB5jBdKG3wPHx6jl&amp;show_text=true&amp;width=350\" title=\"Ouvrie le lien\" target=\"_blank\" rel=\"noopener\">Cliquez ici pour visualiser le contenu<\/a><\/p>\n<p class=\" wall-content\">Pour l\u2019agglom\u00e9ration elbeuvienne, trois p\u00e9rim\u00e8tres sont cibl\u00e9s par cet arr\u00eat\u00e9 pr\u00e9fectoral.<\/p>\n<p>Vid\u00e9os : en ce moment sur Actu<\/p>\n<ul class=\" wall-content\">\n<li>Le premier concerne une grande partie du <b>centre-ville d\u2019Elbeuf<\/b>, de la rue des Martyrs \u00e0 la voie ferr\u00e9e au niveau de l\u2019ancienne gare et de La Source \u00e0 la rue du Neubourg.<\/li>\n<li>Le deuxi\u00e8me, toujours \u00e0 Elbeuf, inclus le <b>quartier du Puchot<\/b> en poursuivant, \u00e0 l\u2019est, entre la Seine et la rue des Martyrs, jusqu\u2019\u00e0 la rue Jean-Jaur\u00e8s.<\/li>\n<li>Le troisi\u00e8me est situ\u00e9 autour de la zone commerciale du Leclerc de Saint-Pierre-l\u00e8s-Elbeuf. Un secteur th\u00e9\u00e2tre de <a href=\"https:\/\/actu.fr\/normandie\/saint-pierre-les-elbeuf_76640\/rodeos-urbains-pres-de-rouen-la-maire-sinsurge-contre-les-centaines-de-voitures-qui-colonisent-le-parking_62625458.html\" target=\"_blank\" rel=\"noopener\">rassemblements de centaines d\u2019automobilistes et de rod\u00e9os, contre lesquels la maire s\u2019est r\u00e9cemment insurg\u00e9e<\/a>.<\/li>\n<\/ul>\n<p>    <img   decoding=\"async\" loading=\"lazy\" class=\"size-large\" src=\"https:\/\/www.europesays.com\/fr\/wp-content\/uploads\/2025\/06\/b29229c7bc386969229c7bc385a922v-960x573.jpg\" alt=\"En rose clair et en rose fonc\u00e9, les deux p\u00e9rim\u00e8tres cibl\u00e9s par la police \u00e0 Elbeuf.\" width=\"960\" height=\"573\"\/><br \/>\n    En rose clair et en rose fonc\u00e9, les deux p\u00e9rim\u00e8tres cibl\u00e9s par la police \u00e0 Elbeuf. \u00a9Police nationale 76Identifier les auteurs et leurs habitudes<\/p>\n<p class=\" wall-content\">Une d\u00e9cision que la pr\u00e9fecture justifie par les nombreux probl\u00e8mes cr\u00e9\u00e9s par ces rod\u00e9os urbains\u2009: \u00ab\u2009ils engendrent des risques d\u2019<b>atteinte \u00e0 l\u2019int\u00e9grit\u00e9 physique<\/b> des personnes sur la voie publique\u2009\u00bb et \u00ab\u2009ils g\u00e9n\u00e8rent de fortes <b>nuisances sonores<\/b> troublant le voisinage\u2009\u00bb.<\/p>\n<p class=\" wall-content\">Mais pourquoi utiliser ces deux drones \u00e9quip\u00e9s de cam\u00e9ras\u2009? Toujours dans cet arr\u00eat\u00e9 du samedi 31\u00a0mai 2025, la pr\u00e9fecture \u00e9voque plusieurs axes d\u2019utilisation, comme \u00ab<b>\u2009identifier les itin\u00e9raires<\/b> complets habituellement utilis\u00e9s par les fauteurs de troubles dans des secteurs non-enti\u00e8rement couverts de vid\u00e9oprotection\u2009\u00bb, \u00ab\u2009aider les enqu\u00eateurs \u00e0 <b>identifier les auteurs<\/b> d\u2019infraction ainsi que les engins utilis\u00e9s\u2009\u00bb ou encore \u00ab<b>\u2009localiser les lieux de stockage<\/b> des engins utilis\u00e9s pour les rod\u00e9os urbains et proc\u00e9der \u00e0 leur saisie\u2009\u00bb.<\/p>\n<p class=\" wall-content\">Mais les engins volants, en surveillant \u00e0 distance, sont aussi cens\u00e9s limiter les risques pour les forces de l\u2019ordre et la population, lors d\u2019interventions ou les conducteurs sont parfois pr\u00eats \u00e0 tout pour s\u2019enfuir.<\/p>\n<p class=\" wall-content\">La pr\u00e9fecture pr\u00e9cise que ces survols ne seront pas permanents, mais seulement effectu\u00e9s en fonction des besoins et de la disponibilit\u00e9 des pilotes. Une plage horaire a \u00e9t\u00e9 fix\u00e9e, de 14 h \u00e0 minuit, et les p\u00e9rim\u00e8tres g\u00e9ographiques devront \u00eatre respect\u00e9s.<\/p>\n<p class=\" wall-content\">Selon les repr\u00e9sentants de l\u2019\u00c9tat en Seine-Maritime, trois auteurs de rod\u00e9os urbains ont \u00e9t\u00e9 arr\u00eat\u00e9s depuis le d\u00e9but de l\u2019ann\u00e9e 2025, sur la zone de police de Rouen et de ses environs.<\/p>\n<p class=\" wall-content\">Suivez toute l\u2019actualit\u00e9 de vos villes et m\u00e9dias favoris en vous inscrivant \u00e0 <a href=\"https:\/\/moncompte.actu.fr\" title=\"D\u00e9couvez Mon Actu\" rel=\"nofollow noopener\" data-trk=\"{&quot;cta&quot;:{&quot;action&quot;:&quot;https:\\\/\\\/moncompte.actu.fr&quot;,&quot;category&quot;:&quot;mon compte&quot;,&quot;from&quot;:&quot;article footer&quot;,&quot;name&quot;:&quot;Mon actu&quot;,&quot;type&quot;:&quot;cta&quot;}}\" target=\"_blank\">Mon Actu<\/a>.<\/p>\n","protected":false},"excerpt":{"rendered":"Par Aur\u00e9lien Delavaud Publi\u00e9 le 1 juin 2025 \u00e0 22h53 C\u2019\u00e9tait le jeudi 30\u00a0janvier 2025. Ce jour-l\u00e0, un&hellip;\n","protected":false},"author":2,"featured_media":144897,"comment_status":"","ping_status":"","sticky":false,"template":"","format":"standard","meta":{"footnotes":""},"categories":[9587],"tags":[1111,11,1777,674,118,1011,27,12,5161,1072,25,5575,9590],"class_list":{"0":"post-144896","1":"post","2":"type-post","3":"status-publish","4":"format-standard","5":"has-post-thumbnail","7":"category-rouen","8":"tag-actu","9":"tag-actualites","10":"tag-eu","11":"tag-europe","12":"tag-faits-divers","13":"tag-fr","14":"tag-france","15":"tag-news","16":"tag-normandie","17":"tag-police","18":"tag-republique-francaise","19":"tag-rodeos-urbains","20":"tag-rouen"},"share_on_mastodon":{"url":"https:\/\/pubeurope.com\/@fr\/114610140943734413","error":""},"_links":{"self":[{"href":"https:\/\/www.europesays.com\/fr\/wp-json\/wp\/v2\/posts\/144896","targetHints":{"allow":["GET"]}}],"collection":[{"href":"https:\/\/www.europesays.com\/fr\/wp-json\/wp\/v2\/posts"}],"about":[{"href":"https:\/\/www.europesays.com\/fr\/wp-json\/wp\/v2\/types\/post"}],"author":[{"embeddable":true,"href":"https:\/\/www.europesays.com\/fr\/wp-json\/wp\/v2\/users\/2"}],"replies":[{"embeddable":true,"href":"https:\/\/www.europesays.com\/fr\/wp-json\/wp\/v2\/comments?post=144896"}],"version-history":[{"count":0,"href":"https:\/\/www.europesays.com\/fr\/wp-json\/wp\/v2\/posts\/144896\/revisions"}],"wp:featuredmedia":[{"embeddable":true,"href":"https:\/\/www.europesays.com\/fr\/wp-json\/wp\/v2\/media\/144897"}],"wp:attachment":[{"href":"https:\/\/www.europesays.com\/fr\/wp-json\/wp\/v2\/media?parent=144896"}],"wp:term":[{"taxonomy":"category","embeddable":true,"href":"https:\/\/www.europesays.com\/fr\/wp-json\/wp\/v2\/categories?post=144896"},{"taxonomy":"post_tag","embeddable":true,"href":"https:\/\/www.europesays.com\/fr\/wp-json\/wp\/v2\/tags?post=144896"}],"curies":[{"name":"wp","href":"https:\/\/api.w.org\/{rel}","templated":true}]}}