{"id":144898,"date":"2025-06-01T21:05:11","date_gmt":"2025-06-01T21:05:11","guid":{"rendered":"https:\/\/www.europesays.com\/fr\/144898\/"},"modified":"2025-06-01T21:05:11","modified_gmt":"2025-06-01T21:05:11","slug":"barrage-daccession-a-la-d3-feminine-large-vainqueur-a-rouen-las-chatenoy-fait-un-grand-pas-vers-la-d3","status":"publish","type":"post","link":"https:\/\/www.europesays.com\/fr\/144898\/","title":{"rendered":"Barrage d\u2019accession \u00e0 la D3 f\u00e9minine. Large vainqueur \u00e0 Rouen, l\u2019AS Ch\u00e2tenoy fait un grand pas vers la D3"},"content":{"rendered":"<p> Rouen &#8211; Ch\u00e2tenoy 2-6 E<\/p>\n<p>n avant-match, Ang\u00e8le Gauliard, l\u2019entra\u00eeneure ch\u00e2tenoyenne aurait sign\u00e9 pour ne pas perdre, voire ramener un ou deux buts d\u2019avance. Finalement, les Ch\u00e2tenoyennes ont fait mieux que \u00e7a ce dimanche. Vainqueures sur un score large de 6 buts \u00e0 2, les co\u00e9quipi\u00e8res de Manon Filleule ont r\u00e9alis\u00e9 une tr\u00e8s bonne op\u00e9ration avant le match retour. \u00ab\u00a0On va dire qu\u2019on a un pied en D3, mais il faut garder la t\u00eate froide et ne pas tomber dans l\u2019euphorie car on s\u2019est quand m\u00eame fait un peu peur en premi\u00e8re p\u00e9riode\u00a0\u00bb,&#8230;<\/p>\n","protected":false},"excerpt":{"rendered":"Rouen &#8211; Ch\u00e2tenoy 2-6 E n avant-match, Ang\u00e8le Gauliard, l\u2019entra\u00eeneure ch\u00e2tenoyenne aurait sign\u00e9 pour ne pas perdre, voire&hellip;\n","protected":false},"author":2,"featured_media":144899,"comment_status":"","ping_status":"","sticky":false,"template":"","format":"standard","meta":{"footnotes":""},"categories":[9587],"tags":[1111,11,11031,27018,11032,1777,674,107,1701,1795,63,1011,27,1686,12,5161,25,9590,517],"class_list":{"0":"post-144898","1":"post","2":"type-post","3":"status-publish","4":"format-standard","5":"has-post-thumbnail","7":"category-rouen","8":"tag-actu","9":"tag-actualites","10":"tag-chalon-bassin","11":"tag-chatenoy-le-royal","12":"tag-edition-chalon-sur-saone","13":"tag-eu","14":"tag-europe","15":"tag-fil-info","16":"tag-fil-info-sport","17":"tag-fil-web","18":"tag-football","19":"tag-fr","20":"tag-france","21":"tag-import-print","22":"tag-news","23":"tag-normandie","24":"tag-republique-francaise","25":"tag-rouen","26":"tag-sport"},"share_on_mastodon":{"url":"https:\/\/pubeurope.com\/@fr\/114610144744369895","error":""},"_links":{"self":[{"href":"https:\/\/www.europesays.com\/fr\/wp-json\/wp\/v2\/posts\/144898","targetHints":{"allow":["GET"]}}],"collection":[{"href":"https:\/\/www.europesays.com\/fr\/wp-json\/wp\/v2\/posts"}],"about":[{"href":"https:\/\/www.europesays.com\/fr\/wp-json\/wp\/v2\/types\/post"}],"author":[{"embeddable":true,"href":"https:\/\/www.europesays.com\/fr\/wp-json\/wp\/v2\/users\/2"}],"replies":[{"embeddable":true,"href":"https:\/\/www.europesays.com\/fr\/wp-json\/wp\/v2\/comments?post=144898"}],"version-history":[{"count":0,"href":"https:\/\/www.europesays.com\/fr\/wp-json\/wp\/v2\/posts\/144898\/revisions"}],"wp:featuredmedia":[{"embeddable":true,"href":"https:\/\/www.europesays.com\/fr\/wp-json\/wp\/v2\/media\/144899"}],"wp:attachment":[{"href":"https:\/\/www.europesays.com\/fr\/wp-json\/wp\/v2\/media?parent=144898"}],"wp:term":[{"taxonomy":"category","embeddable":true,"href":"https:\/\/www.europesays.com\/fr\/wp-json\/wp\/v2\/categories?post=144898"},{"taxonomy":"post_tag","embeddable":true,"href":"https:\/\/www.europesays.com\/fr\/wp-json\/wp\/v2\/tags?post=144898"}],"curies":[{"name":"wp","href":"https:\/\/api.w.org\/{rel}","templated":true}]}}