{"id":144905,"date":"2025-06-01T21:10:11","date_gmt":"2025-06-01T21:10:11","guid":{"rendered":"https:\/\/www.europesays.com\/fr\/144905\/"},"modified":"2025-06-01T21:10:11","modified_gmt":"2025-06-01T21:10:11","slug":"bischheim-un-nageur-en-arret-cardiaque-au-plan-deau-de-la-ballastiere","status":"publish","type":"post","link":"https:\/\/www.europesays.com\/fr\/144905\/","title":{"rendered":"Bischheim. Un nageur en arr\u00eat cardiaque au plan d\u2019eau de la Ballasti\u00e8re"},"content":{"rendered":"<p>Un homme, \u00e2g\u00e9 de 39 ans, a coul\u00e9 \u00e0 pic devant des t\u00e9moins au plan d\u2019eau de la Ballasti\u00e8re, \u00e0 Bischheim, dimanche 1er\u00a0juin vers 17\u00a0h\u00a030. Le nageur se trouvait \u00e0 une quinzaine de m\u00e8tres du bord lorsqu\u2019il a disparu. Il a pu \u00eatre r\u00e9cup\u00e9r\u00e9 par une \u00e9quipe de plongeurs de la caserne Finkwiller \u00e0 Strasbourg. En arr\u00eat cardio-respiratoire, il a \u00e9t\u00e9 transport\u00e9 en urgence absolue au Nouvel h\u00f4pital civil.<\/p>\n","protected":false},"excerpt":{"rendered":"Un homme, \u00e2g\u00e9 de 39 ans, a coul\u00e9 \u00e0 pic devant des t\u00e9moins au plan d\u2019eau de la&hellip;\n","protected":false},"author":2,"featured_media":144906,"comment_status":"","ping_status":"","sticky":false,"template":"","format":"standard","meta":{"footnotes":""},"categories":[2820],"tags":[119,1111,11,2389,2649,13205,2880,1777,674,274,107,1011,27,775,12,25,640,3265],"class_list":{"0":"post-144905","1":"post","2":"type-post","3":"status-publish","4":"format-standard","5":"has-post-thumbnail","7":"category-strasbourg","8":"tag-accident","9":"tag-actu","10":"tag-actualites","11":"tag-alsace","12":"tag-bas-rhin","13":"tag-bischheim","14":"tag-edition-strasbourg","15":"tag-eu","16":"tag-europe","17":"tag-faits-divers-justice","18":"tag-fil-info","19":"tag-fr","20":"tag-france","21":"tag-grand-est","22":"tag-news","23":"tag-republique-francaise","24":"tag-strasbourg","25":"tag-strasbourg-nord"},"share_on_mastodon":{"url":"https:\/\/pubeurope.com\/@fr\/114610164412201902","error":""},"_links":{"self":[{"href":"https:\/\/www.europesays.com\/fr\/wp-json\/wp\/v2\/posts\/144905","targetHints":{"allow":["GET"]}}],"collection":[{"href":"https:\/\/www.europesays.com\/fr\/wp-json\/wp\/v2\/posts"}],"about":[{"href":"https:\/\/www.europesays.com\/fr\/wp-json\/wp\/v2\/types\/post"}],"author":[{"embeddable":true,"href":"https:\/\/www.europesays.com\/fr\/wp-json\/wp\/v2\/users\/2"}],"replies":[{"embeddable":true,"href":"https:\/\/www.europesays.com\/fr\/wp-json\/wp\/v2\/comments?post=144905"}],"version-history":[{"count":0,"href":"https:\/\/www.europesays.com\/fr\/wp-json\/wp\/v2\/posts\/144905\/revisions"}],"wp:featuredmedia":[{"embeddable":true,"href":"https:\/\/www.europesays.com\/fr\/wp-json\/wp\/v2\/media\/144906"}],"wp:attachment":[{"href":"https:\/\/www.europesays.com\/fr\/wp-json\/wp\/v2\/media?parent=144905"}],"wp:term":[{"taxonomy":"category","embeddable":true,"href":"https:\/\/www.europesays.com\/fr\/wp-json\/wp\/v2\/categories?post=144905"},{"taxonomy":"post_tag","embeddable":true,"href":"https:\/\/www.europesays.com\/fr\/wp-json\/wp\/v2\/tags?post=144905"}],"curies":[{"name":"wp","href":"https:\/\/api.w.org\/{rel}","templated":true}]}}