{"id":144912,"date":"2025-06-01T21:14:32","date_gmt":"2025-06-01T21:14:32","guid":{"rendered":"https:\/\/www.europesays.com\/fr\/144912\/"},"modified":"2025-06-01T21:14:32","modified_gmt":"2025-06-01T21:14:32","slug":"victoire-du-psg-incidents-et-interpellations-a-nantes-apres-la-degradation-dun-bus-et-un","status":"publish","type":"post","link":"https:\/\/www.europesays.com\/fr\/144912\/","title":{"rendered":"Victoire du PSG\u00a0: incidents et interpellations \u00e0 Nantes, apr\u00e8s la d\u00e9gradation d\u2019un bus et un"},"content":{"rendered":"<p>P\u00e9tards, fumig\u00e8nes\u00a0et klaxons\u2026 <a href=\"https:\/\/rennes.maville.com\/sport\/detail_-psg-inter.-les-notes-des-parisiens-apres-la-finale-de-ligue-des-champions-doue-enflamme-paris-_54135-6833739_actu.Htm\" target=\"_blank\" rel=\"noopener\">La victoire de Paris en finale de la ligue de Champions<\/a> a \u00e9t\u00e9 c\u00e9l\u00e9br\u00e9e \u00e0 Nantes (Loire-Atlantique), samedi 31\u00a0mai, avec quelques sc\u00e8nes de liesse et quelques d\u00e9bordements.<\/p>\n<p><strong>Lire aussi : <\/strong> <a href=\"https:\/\/nantes.maville.com\/sport\/detail_-victoire-du-psg-un-enfant-de-12-ans-parmi-les-sept-interpelles-apres-le-saccage-d-un-bus-a-nantes-_8-6834036_actu.Htm\" target=\"_self\" rel=\"noopener\">Saccage d\u2019un bus apr\u00e8s la victoire du PSG : un enfant de 12 ans parmi les sept individus interpell\u00e9s<\/a><\/p>\n<p>Un bus a \u00e9t\u00e9 pris pour cible et victime de jets de projectiles cours des 50-Otages. Sur des vid\u00e9os post\u00e9es sur les r\u00e9seaux sociaux, on peut voir plusieurs dizaines de personnes c\u00e9l\u00e9brant autour et sur le v\u00e9hicule, vid\u00e9 de ses occupants. Plusieurs manifestants ont ensuite tent\u00e9 de briser le pare-brise en se projetant contre lui et avec des objets contondants.<\/p>\n<p>Plusieurs interpellations<\/p>\n<p>La police \u00e9tait sur place et a dispers\u00e9 un groupe avec des grenades lacrymog\u00e8nes. La situation a \u00e9t\u00e9 rapidement ma\u00eetris\u00e9e. Plusieurs interpellations pour d\u00e9gradation ont \u00e9t\u00e9 confirm\u00e9es par le commissariat, ce dimanche 1er\u00a0juin.<\/p>\n<p><strong>Suivez notre direct.<\/strong>\u00a0<a href=\"https:\/\/www.ouest-france.fr\/sport\/football\/ligue-des-champions\/direct\/direct-victoire-du-psg-suivez-la-journee-des-celebrations-apres-le-sacre-en-ligue-des-champions-587361d9-5dbb-4ba4-bb78-154340c69de3\" target=\"_self\" rel=\"noopener\">Victoire du PSG : graves incidents en marge des c\u00e9l\u00e9brations dans toute la France<\/a><\/p>\n<p>\n                Nous avons bloqu\u00e9 l\u2019affichage de ce contenu pour respecter vos choix en mati\u00e8re de cookies.<br \/>En cliquant sur \u00abConsulter\u00bb, vous acceptez le d\u00e9p\u00f4t de cookies par des services de r\u00e9seaux sociaux tels que Twitter.<br \/>\n                Consulter\n            <\/p>\n<blockquote class=\"twitter-tweet\" wp_automatic_readability=\"7.404432132964\">\n<p lang=\"fr\" dir=\"ltr\"><a href=\"https:\/\/twitter.com\/hashtag\/Nantes?src=hash&amp;ref_src=twsrc%5Etfw\" target=\"_blank\" rel=\"noopener\">#Nantes<\/a> | Pr\u00e9sent cette nuit au centre de commandement, <a href=\"https:\/\/twitter.com\/Prefet44?ref_src=twsrc%5Etfw\" target=\"_blank\" rel=\"noopener\">@prefet44<\/a> condamne fermement les incidents apr\u00e8s la victoire du <a href=\"https:\/\/twitter.com\/hashtag\/PSG?src=hash&amp;ref_src=twsrc%5Etfw\" target=\"_blank\" rel=\"noopener\">#PSG<\/a> en <a href=\"https:\/\/twitter.com\/hashtag\/LigueDesChampions?src=hash&amp;ref_src=twsrc%5Etfw\" target=\"_blank\" rel=\"noopener\">#LigueDesChampions<\/a>, notamment la d\u00e9gradation du bus <a href=\"https:\/\/twitter.com\/Naolib_Direct?ref_src=twsrc%5Etfw\" target=\"_blank\" rel=\"noopener\">@Naolib_Direct<\/a> et d&rsquo;un magasin en centre-ville.<br \/>Soutien et remerciements aux forces de s\u00e9curit\u00e9 !<\/p>\n<p>\u2014 Pr\u00e9fet des Pays de la Loire et de Loire-Atlantique (@Prefet44) <a href=\"https:\/\/twitter.com\/Prefet44\/status\/1929095157153980453?ref_src=twsrc%5Etfw\" target=\"_blank\" rel=\"noopener\">June 1, 2025<\/a><\/p><\/blockquote>\n<p>Dans la matin\u00e9e, sur le r\u00e9seau social X (ex-Twitter), la pr\u00e9fecture de Loire-Atlantique a condamn\u00e9 la d\u00e9gradation du bus de la flotte de Naolib et celle d\u2019un magasin en centre-ville.<\/p>\n<p>Pascal Bolo, adjoint au maire de Nantes et pr\u00e9sident de la Semitan (Soci\u00e9t\u00e9 d\u2019\u00e9conomie mixte des transports en commun de l\u2019agglom\u00e9ration nantaise), a annonc\u00e9 qu\u2019une <strong>\u00ab\u00a0plainte serait naturellement d\u00e9pos\u00e9e\u00a0\u00bb,<\/strong> sur le m\u00eame r\u00e9seau social.<\/p>\n<p>\u00a0<\/p>\n<p>\t\t<script async src=\"https:\/\/platform.twitter.com\/widgets.js\" charset=\"utf-8\"><\/script><\/p>\n","protected":false},"excerpt":{"rendered":"P\u00e9tards, fumig\u00e8nes\u00a0et klaxons\u2026 La victoire de Paris en finale de la ligue de Champions a \u00e9t\u00e9 c\u00e9l\u00e9br\u00e9e \u00e0&hellip;\n","protected":false},"author":2,"featured_media":144913,"comment_status":"","ping_status":"","sticky":false,"template":"","format":"standard","meta":{"footnotes":""},"categories":[2818],"tags":[1111,11,3809,1465,1777,674,63,1011,27,1792,1922,2047,766,12,2636,25,479,517,1470],"class_list":{"0":"post-144912","1":"post","2":"type-post","3":"status-publish","4":"format-standard","5":"has-post-thumbnail","7":"category-nantes","8":"tag-actu","9":"tag-actualites","10":"tag-ball","11":"tag-basket","12":"tag-eu","13":"tag-europe","14":"tag-football","15":"tag-fr","16":"tag-france","17":"tag-handball","18":"tag-info","19":"tag-mans","20":"tag-nantes","21":"tag-news","22":"tag-pays-de-la-loire","23":"tag-republique-francaise","24":"tag-rugby","25":"tag-sport","26":"tag-volley"},"share_on_mastodon":{"url":"https:\/\/pubeurope.com\/@fr\/114610180148803763","error":""},"_links":{"self":[{"href":"https:\/\/www.europesays.com\/fr\/wp-json\/wp\/v2\/posts\/144912","targetHints":{"allow":["GET"]}}],"collection":[{"href":"https:\/\/www.europesays.com\/fr\/wp-json\/wp\/v2\/posts"}],"about":[{"href":"https:\/\/www.europesays.com\/fr\/wp-json\/wp\/v2\/types\/post"}],"author":[{"embeddable":true,"href":"https:\/\/www.europesays.com\/fr\/wp-json\/wp\/v2\/users\/2"}],"replies":[{"embeddable":true,"href":"https:\/\/www.europesays.com\/fr\/wp-json\/wp\/v2\/comments?post=144912"}],"version-history":[{"count":0,"href":"https:\/\/www.europesays.com\/fr\/wp-json\/wp\/v2\/posts\/144912\/revisions"}],"wp:featuredmedia":[{"embeddable":true,"href":"https:\/\/www.europesays.com\/fr\/wp-json\/wp\/v2\/media\/144913"}],"wp:attachment":[{"href":"https:\/\/www.europesays.com\/fr\/wp-json\/wp\/v2\/media?parent=144912"}],"wp:term":[{"taxonomy":"category","embeddable":true,"href":"https:\/\/www.europesays.com\/fr\/wp-json\/wp\/v2\/categories?post=144912"},{"taxonomy":"post_tag","embeddable":true,"href":"https:\/\/www.europesays.com\/fr\/wp-json\/wp\/v2\/tags?post=144912"}],"curies":[{"name":"wp","href":"https:\/\/api.w.org\/{rel}","templated":true}]}}