{"id":144914,"date":"2025-06-01T21:16:19","date_gmt":"2025-06-01T21:16:19","guid":{"rendered":"https:\/\/www.europesays.com\/fr\/144914\/"},"modified":"2025-06-01T21:16:19","modified_gmt":"2025-06-01T21:16:19","slug":"nantes-rejoint-paris","status":"publish","type":"post","link":"https:\/\/www.europesays.com\/fr\/144914\/","title":{"rendered":"Nantes rejoint Paris"},"content":{"rendered":"<p>                                                              <img data-twic-src=\"https:\/\/www.europesays.com\/fr\/wp-content\/uploads\/2025\/06\/5850c266168b96de23d382a4b80894ec.jpeg\" data-credit=\"Pauline CARR\u00c9 \/ APL \/ FFF\" title=\"Pauline CARR\u00c9 \/ APL \/ FFF\" alt=\"FC Nantes Championnat National U19\" class=\"block\"\/>                                        <\/p>\n<p style=\"font-weight: bold\">Tombeur de l&rsquo;EA Guingamp (3-1) ce dimanche 1er juin, le FC Nantes s&rsquo;est qualifi\u00e9 pour la finale du Championnat National U19. Il retrouvera le Paris SG dans une semaine. <\/p>\n<p>Apr\u00e8s la <a href=\"https:\/\/www.fff.fr\/article\/14820-le-psg-premier-finaliste.html\" target=\"_blank\" rel=\"noopener\">qualification du Paris Saint-Germain<\/a> vendredi aux d\u00e9pens du SM Caen (4-2), c&rsquo;est le FC Nantes qui a \u00e9galement compost\u00e9 son billet pour la finale du Championnat National U19 ce dimanche en disposant de l&rsquo;EA Guingamp (3-1).\u00a0<\/p>\n<p>Nantes ouvre le score dans la partie par <a href=\"https:\/\/www.fff.fr\/equipe-nationale\/joueur\/10676-chauvin-yoann\/fiche.html\" target=\"_blank\" rel=\"noopener\">Yoann Chauvin<\/a> qui profite d&rsquo;un tr\u00e8s bon travail de Bahmed Deuff (15e) avant de faire le break au retour des vestiaires gr\u00e2ce \u00e0 Louka Gautier (48e). Domin\u00e9s, les Bretons parviennent \u00e0 revenir au score par Paul Houlbert (70e) mais, dans la foul\u00e9e, <a href=\"https:\/\/www.fff.fr\/equipe-nationale\/joueur\/11120-tati-tylel\/fiche.html\" target=\"_blank\" rel=\"noopener\">Tylel Tati<\/a> redonnait deux buts d&rsquo;avance aux Lig\u00e9riens (73e). Guingamp ne s&rsquo;en rel\u00e8vera pas.\u00a0<\/p>\n<p><img decoding=\"async\" src=\"https:\/\/www.europesays.com\/fr\/wp-content\/uploads\/2025\/06\/0718c13df17f781936cfdaa56f6e540c.jpeg\" alt=\"\"\/><br \/>Photo Pauline CARR\u00c9 \/ APL \/ FFF<\/p>\n<p>Ce dimanche 8 juin, au stade Charles-Massot du Puy (Haute-Loire), la finale opposera donc les Parisiens, tenants du titre qui visent une sixi\u00e8me couronne dans la comp\u00e9tition, aux Nantais, vainqueurs des deux pr\u00e9c\u00e9dentes \u00e9ditions ainsi que de la premi\u00e8re, en 1991. Ce sera \u00e9galement un remake de la finale 2023, qui avait vu la victoire de Nantes (2-1).\u00a0\u00a0<\/p>\n<p>\u00a0FC NANTES &#8211; EA GUINGAMP EN REPLAY\u00a0<\/p>\n<p>R\u00e9sultats et calendrier<\/p>\n<p class=\"light\"><strong>Quarts de finale<\/strong><\/p>\n<p class=\"light\">&#8211; Samedi 17 mai 2025 :<\/p>\n<ul>\n<ul>\n<ul>\n<li class=\"light\">Olympique de Marseille &#8211; <strong>En Avant Guingamp<\/strong> 0-0 (3-4 aux t.a.b.)<\/li>\n<\/ul>\n<\/ul>\n<\/ul>\n<p>&#8211; Dimanche 18 mai 2025 :\u00a0<\/p>\n<ul>\n<ul>\n<ul>\n<li class=\"light\"><strong>FC Nante<\/strong>s &#8211; RC Strasbourg 3-0<\/li>\n<li class=\"light\"><strong>SM Caen<\/strong> &#8211; Montpellier HSC 2-1<\/li>\n<li class=\"light\">FC Sochaux-Montb\u00e9liard &#8211; <strong>Paris-Saint-Germain<\/strong> 1-5<\/li>\n<\/ul>\n<\/ul>\n<\/ul>\n<p class=\"light\"><strong>Demi-finales<\/strong><\/p>\n<p>&#8211; Vendredi 30 mai 2025 :\u00a0<\/p>\n<ul>\n<ul>\n<ul>\n<li class=\"light\"><strong>Paris-Saint-Germain<\/strong> &#8211; SM Caen 4-2<\/li>\n<\/ul>\n<\/ul>\n<\/ul>\n<p>&#8211; Dimanche 1er juin 2025 :\u00a0<\/p>\n<ul>\n<ul>\n<ul>\n<li class=\"light\"><strong>FC Nantes<\/strong> &#8211; En Avant Guingamp 3-1<\/li>\n<\/ul>\n<\/ul>\n<\/ul>\n<p class=\"light\">La finale aura lieu le dimanche 8 juin (15h00) au stade Charles-Massot du Puy (Haute-Loire).<\/p>\n","protected":false},"excerpt":{"rendered":"Tombeur de l&rsquo;EA Guingamp (3-1) ce dimanche 1er juin, le FC Nantes s&rsquo;est qualifi\u00e9 pour la finale du&hellip;\n","protected":false},"author":2,"featured_media":144915,"comment_status":"","ping_status":"","sticky":false,"template":"","format":"standard","meta":{"footnotes":""},"categories":[2818],"tags":[1111,11,1777,674,85,1011,27,766,12,2636,25],"class_list":{"0":"post-144914","1":"post","2":"type-post","3":"status-publish","4":"format-standard","5":"has-post-thumbnail","7":"category-nantes","8":"tag-actu","9":"tag-actualites","10":"tag-eu","11":"tag-europe","12":"tag-fff","13":"tag-fr","14":"tag-france","15":"tag-nantes","16":"tag-news","17":"tag-pays-de-la-loire","18":"tag-republique-francaise"},"share_on_mastodon":{"url":"https:\/\/pubeurope.com\/@fr\/114610188037243116","error":""},"_links":{"self":[{"href":"https:\/\/www.europesays.com\/fr\/wp-json\/wp\/v2\/posts\/144914","targetHints":{"allow":["GET"]}}],"collection":[{"href":"https:\/\/www.europesays.com\/fr\/wp-json\/wp\/v2\/posts"}],"about":[{"href":"https:\/\/www.europesays.com\/fr\/wp-json\/wp\/v2\/types\/post"}],"author":[{"embeddable":true,"href":"https:\/\/www.europesays.com\/fr\/wp-json\/wp\/v2\/users\/2"}],"replies":[{"embeddable":true,"href":"https:\/\/www.europesays.com\/fr\/wp-json\/wp\/v2\/comments?post=144914"}],"version-history":[{"count":0,"href":"https:\/\/www.europesays.com\/fr\/wp-json\/wp\/v2\/posts\/144914\/revisions"}],"wp:featuredmedia":[{"embeddable":true,"href":"https:\/\/www.europesays.com\/fr\/wp-json\/wp\/v2\/media\/144915"}],"wp:attachment":[{"href":"https:\/\/www.europesays.com\/fr\/wp-json\/wp\/v2\/media?parent=144914"}],"wp:term":[{"taxonomy":"category","embeddable":true,"href":"https:\/\/www.europesays.com\/fr\/wp-json\/wp\/v2\/categories?post=144914"},{"taxonomy":"post_tag","embeddable":true,"href":"https:\/\/www.europesays.com\/fr\/wp-json\/wp\/v2\/tags?post=144914"}],"curies":[{"name":"wp","href":"https:\/\/api.w.org\/{rel}","templated":true}]}}