{"id":144923,"date":"2025-06-01T21:22:15","date_gmt":"2025-06-01T21:22:15","guid":{"rendered":"https:\/\/www.europesays.com\/fr\/144923\/"},"modified":"2025-06-01T21:22:15","modified_gmt":"2025-06-01T21:22:15","slug":"lille-hardelot-symbole-de-lamour-du-nord-pour-le-velo","status":"publish","type":"post","link":"https:\/\/www.europesays.com\/fr\/144923\/","title":{"rendered":"Lille-Hardelot, symbole de l&rsquo;amour du Nord pour le v\u00e9lo"},"content":{"rendered":"<p>Quelque 7.500 cyclistes se sont \u00e9lanc\u00e9s pour braver 168 kilom\u00e8tres de Lille vers Hardelot, sur la C\u00f4te d&rsquo;Opale, dimanche, rendez-vous annuel qui t\u00e9moigne de l&rsquo;amour de cette r\u00e9gion pour le v\u00e9lo, un mois avant le d\u00e9part du Tour de France dans la ville du Nord.<\/p>\n<p>Il est sept heures dimanche matin quand des centaines de cyclistes d\u00e9filent le long du Parc de la Citadelle, sous le ciel gris et peu engageant du Nord.<\/p>\n<p>Le 5 juillet, c&rsquo;est ici que le Tour de France d\u00e9butera avec une boucle promise aux sprinteurs. Le peloton restera m\u00eame le temps de quatre \u00e9tapes dans les Hauts-de-France avant de partir vers la Normandie.<\/p>\n<p>Tout sauf une surprise selon l&rsquo;ancien champion fran\u00e7ais Laurent Jalabert: \u00ab\u00a0Le Nord est une terre de v\u00e9lo, le Tour a d\u00e9j\u00e0 fait escale ici, il y a eu un grand d\u00e9part o\u00f9 j&rsquo;\u00e9tais pr\u00e9sent en 1994, rappelle-t-il. C&rsquo;est une r\u00e9gion o\u00f9, avec Paris-Roubaix et quelques classiques dans le coin, il y a une ferveur populaire, on aime p\u00e9daler ici.\u00a0\u00bb<\/p>\n<p>D\u00e9sormais commentateur de la Grande Boucle pour France TV, Jalabert est le parrain de l&rsquo;\u00e9dition 2025 de Lille-Hardelot, la plus grande et c\u00e9l\u00e8bre randonn\u00e9e \u00e0 v\u00e9lo de la r\u00e9gion, r\u00e9put\u00e9e pour son \u00e9tat d&rsquo;esprit convivial, et victime de son succ\u00e8s: ses 7.500 dossards sont partis en 48 minutes.<\/p>\n<p>&#8211; \u00ab\u00a0Le v\u00e9lo, c&rsquo;est une passion\u00a0\u00bb &#8211;<\/p>\n<p>\u00ab\u00a0C&rsquo;est familial, amical, c&rsquo;est des copains de club&#8230;\u00a0\u00bb, d\u00e9crit Xavier Lesage, le pr\u00e9sident de l&rsquo;association qui organise la randonn\u00e9e. \u00ab\u00a0Dans une famille du coin, \u00e7a parle \u00e0 tout le monde. Un repas \u00e0 table, on lance comme \u00e7a: on fait Lille-Hardelot l&rsquo;ann\u00e9e prochaine.\u00a0\u00bb<\/p>\n<p>Pas de Tadej Pogacar, Jonas Vingegaard ou encore Remco Evenepoel, donc, mais un panel vari\u00e9 de participants de tous \u00e2ges. Pour certains, c&rsquo;est une aventure, pour d&rsquo;autres, une habitude.<\/p>\n<p>\u00c9ric Jonville, ing\u00e9nieur informaticien de 62 ans, se lance \u00e0 l&rsquo;assaut de sa douzi\u00e8me participation, \u00ab\u00a0toujours en famille\u00a0\u00bb. \u00ab\u00a0Le v\u00e9lo, c&rsquo;est une passion, (&#8230;) j&rsquo;avais un oncle coureur cycliste, puis marchand de v\u00e9lo, \u00e7a s&rsquo;est transmis dans la famille\u00a0\u00bb, explique-t-il.<\/p>\n<p>\u00c0 l&rsquo;inverse, l&rsquo;\u00e9v\u00e9nement constituera \u00ab\u00a0un challenge\u00a0\u00bb pour Marie Fontaine, ma\u00eetresse de conf\u00e9rence en Staps (Sciences et techniques des activit\u00e9s physiques et sportives), davantage port\u00e9e vers les sports de raquette. \u00ab\u00a0On est cinq ou six \u00e0 le faire, explique cette femme de 29 ans. Pour sa premi\u00e8re participation, un seul objectif: \u00ab\u00a0Finir!\u00a0\u00bb<\/p>\n<p>Pour Paul Laubignat, cycliste accompli install\u00e9 \u00e0 Lille depuis deux ans pour ses \u00e9tudes, \u00ab\u00a0l&rsquo;objectif est de finir dans un temps correct, 5h10-5h20\u00a0\u00bb. \u00ab\u00a0Je me suis inscrit sur un coup de t\u00eate!, raconte le natif de Compi\u00e8gne. J&rsquo;ai toujours l&rsquo;habitude de faire des boucles, l\u00e0, on part de Lille pour aller \u00e0 la mer, ce qui est quand m\u00eame assez dingue.\u00a0\u00bb<\/p>\n<p>&#8211; Des passages emprunt\u00e9s lors du Tour &#8211;<\/p>\n<p>Pour m\u00e9riter les plages de Neufch\u00e2tel-Hardelot, il faut d&rsquo;abord d\u00e9fier quasiment 170 kilom\u00e8tres et 1.200 m\u00e8tres de d\u00e9nivel\u00e9 positif, balay\u00e9s d&rsquo;un vent de face tout du long. Plus grande difficult\u00e9 du jour: le Haut-Pichot, 1,8 km \u00e0 6,6% de moyenne et un passage \u00e0 14% selon l&rsquo;organisation.<\/p>\n<p>Un avant-go\u00fbt du Tour de France, puisque les coureurs l&#8217;emprunteront lors de la deuxi\u00e8me \u00e9tape entre Lauwin-Planque et Boulogne-sur-Mer. \u00ab\u00a0Les coureurs pros vont le faire dans le m\u00eame sens, comme \u00e7a, nos randonneurs verront la diff\u00e9rence, commente Xavier Lesage. Pour nous, c&rsquo;est dur, pour eux, bon&#8230;\u00a0\u00bb<\/p>\n<p>\u00c0 son sommet, les \u00e9paules s&rsquo;affaissent, les souffles tr\u00e9buchent, les corps tremblent et transpirent. \u00ab\u00a0Il est inf\u00e2me!\u00a0\u00bb, s&rsquo;\u00e9crie Paul. Certains mettent pied \u00e0 terre, d&rsquo;autres poussent leurs camarades en difficult\u00e9.<\/p>\n<p>Mais la ligne d&rsquo;arriv\u00e9e n&rsquo;est plus tr\u00e8s loin. Tout le long des barri\u00e8res qui la pr\u00e9c\u00e8de, une foule attend les courageux du jour, les familles et amis, pancartes \u00e0 la main. Derri\u00e8re, les sables de la C\u00f4te d&rsquo;Opale les attendent.<\/p>\n<p>rbo\/fbx<\/p>\n","protected":false},"excerpt":{"rendered":"Quelque 7.500 cyclistes se sont \u00e9lanc\u00e9s pour braver 168 kilom\u00e8tres de Lille vers Hardelot, sur la C\u00f4te d&rsquo;Opale,&hellip;\n","protected":false},"author":2,"featured_media":144924,"comment_status":"","ping_status":"","sticky":false,"template":"","format":"standard","meta":{"footnotes":""},"categories":[2815],"tags":[1111,11,1777,674,1011,27,27382,811,27381,1307,27379,12,27380,25,210,27383],"class_list":{"0":"post-144923","1":"post","2":"type-post","3":"status-publish","4":"format-standard","5":"has-post-thumbnail","7":"category-lille","8":"tag-actu","9":"tag-actualites","10":"tag-eu","11":"tag-europe","12":"tag-fr","13":"tag-france","14":"tag-hardelot","15":"tag-hauts-de-france","16":"tag-la-ville-du-nord","17":"tag-lille","18":"tag-marchand-de-velo","19":"tag-news","20":"tag-parc-de-la-citadelle","21":"tag-republique-francaise","22":"tag-tour-de-france","23":"tag-xavier-lesage"},"share_on_mastodon":{"url":"https:\/\/pubeurope.com\/@fr\/114610211627110935","error":""},"_links":{"self":[{"href":"https:\/\/www.europesays.com\/fr\/wp-json\/wp\/v2\/posts\/144923","targetHints":{"allow":["GET"]}}],"collection":[{"href":"https:\/\/www.europesays.com\/fr\/wp-json\/wp\/v2\/posts"}],"about":[{"href":"https:\/\/www.europesays.com\/fr\/wp-json\/wp\/v2\/types\/post"}],"author":[{"embeddable":true,"href":"https:\/\/www.europesays.com\/fr\/wp-json\/wp\/v2\/users\/2"}],"replies":[{"embeddable":true,"href":"https:\/\/www.europesays.com\/fr\/wp-json\/wp\/v2\/comments?post=144923"}],"version-history":[{"count":0,"href":"https:\/\/www.europesays.com\/fr\/wp-json\/wp\/v2\/posts\/144923\/revisions"}],"wp:featuredmedia":[{"embeddable":true,"href":"https:\/\/www.europesays.com\/fr\/wp-json\/wp\/v2\/media\/144924"}],"wp:attachment":[{"href":"https:\/\/www.europesays.com\/fr\/wp-json\/wp\/v2\/media?parent=144923"}],"wp:term":[{"taxonomy":"category","embeddable":true,"href":"https:\/\/www.europesays.com\/fr\/wp-json\/wp\/v2\/categories?post=144923"},{"taxonomy":"post_tag","embeddable":true,"href":"https:\/\/www.europesays.com\/fr\/wp-json\/wp\/v2\/tags?post=144923"}],"curies":[{"name":"wp","href":"https:\/\/api.w.org\/{rel}","templated":true}]}}