{"id":144927,"date":"2025-06-01T21:24:22","date_gmt":"2025-06-01T21:24:22","guid":{"rendered":"https:\/\/www.europesays.com\/fr\/144927\/"},"modified":"2025-06-01T21:24:22","modified_gmt":"2025-06-01T21:24:22","slug":"loeuvre-de-banksy-devoilee-a-marseille-a-ete-degradee-puis-rapidement-remise-en-etat","status":"publish","type":"post","link":"https:\/\/www.europesays.com\/fr\/144927\/","title":{"rendered":"L\u2019\u0153uvre de Banksy d\u00e9voil\u00e9e \u00e0 Marseille a \u00e9t\u00e9 d\u00e9grad\u00e9e puis rapidement remise en \u00e9tat"},"content":{"rendered":"<p>        <img decoding=\"async\" loading=\"lazy\" src=\"https:\/\/www.europesays.com\/fr\/wp-content\/uploads\/2025\/05\/9e1e58d_sirius-fs-upload-1-30euz9u337gq-1748614489883-000-48mn8kd.jpg\"  width=\"728\" height=\"410\" alt=\"L\u2019\u0153uvre de Banksy d\u00e9voil\u00e9e \u00e0 Marseille a \u00e9t\u00e9 d\u00e9grad\u00e9e puis rapidement remise en \u00e9tat. (image d\u2019illustration)\"\/>  <\/p>\n<p>VIKEN KANTARCI \/ AFP<\/p>\n<p>L\u2019\u0153uvre de Banksy d\u00e9voil\u00e9e \u00e0 Marseille a \u00e9t\u00e9 d\u00e9grad\u00e9e puis rapidement remise en \u00e9tat. (image d\u2019illustration)<\/p>\n<p class=\"asset asset-text\">CULTURE &#8211; Un premier incident deux jours \u00e0 peine apr\u00e8s son apparition. Une \u0153uvre du <a href=\"https:\/\/www.huffingtonpost.fr\/culture\/article\/banksy-devoile-une-9e-uvre-qui-libere-les-animaux-du-zoo-de-londres-comme-une-fin-a-sa-serie-de-pochoirs_238358.html\" target=\"_blank\" rel=\"noopener\">street-artiste Banksy<\/a> a \u00e9t\u00e9 d\u00e9grad\u00e9e \u00e0 Marseille dans la nuit du samedi 31\u00a0mai au dimanche 1er\u00a0juin, a constat\u00e9 un journaliste de l\u2019AFP selon qui elle a depuis \u00e9t\u00e9 remise en \u00e9tat. De couleur violette, le barbouillage \u00e9tait constitu\u00e9 de deux testicules grossi\u00e8rement peints de chaque c\u00f4t\u00e9 de l\u2019\u0153uvre, <a href=\"https:\/\/www.huffingtonpost.fr\/culture\/article\/banksy-devoile-une-nouvelle-uvre-a-marseille-les-habitants-se-ruent-pour-la-photographier_250715.html\" target=\"_blank\" rel=\"noopener\">un phare sombre<\/a> au bout duquel appara\u00eet une lumi\u00e8re blanche semblant jouer avec l\u2019ombre d\u2019un poteau, pour former un p\u00e9nis.<\/p>\n<p class=\"asset asset-text\">La d\u00e9gradation a \u00e9t\u00e9 rapidement nettoy\u00e9e dimanche dans la matin\u00e9e, de sorte que l\u2019\u0153uvre originale, accompagn\u00e9e d\u2019une phrase myst\u00e9rieuse \u00ab\u00a0I want to be what you saw in me\u00a0\u00bb (\u00ab\u00a0Je veux \u00eatre ce que tu as vu en moi\u00a0\u00bb), \u00e9tait \u00e0 nouveau visible dimanche midi. \u00ab\u00a0J\u2019ai tent\u00e9 de nettoyer des tags qui ont \u00e9t\u00e9 faits cette nuit, parce qu\u2019en fait, il faut un certain temps d\u2019attente pour que le vernis de protection anti-graffiti soit vraiment op\u00e9rationnel\u00a0\u00bb, a expliqu\u00e9 \u00e0 l\u2019AFP Agn\u00e8s Perrone, peintre en d\u00e9cor du patrimoine venue \u00ab\u00a0pour donner un coup de main\u00a0\u00bb.<\/p>\n<p class=\"asset asset-text\">\u00ab\u00a0Ils ont attendu que je sois all\u00e9e me coucher, m\u00eame tr\u00e8s tardivement, pour venir rajouter une belle paire de couilles autour du phare\u00a0\u00bb, a-t-elle pest\u00e9 alors qu\u2019elle surveillait les environs pour \u00e9viter sa d\u00e9gradation. \u00ab\u00a0Je trouve \u00e7a tr\u00e8s con. Mais en m\u00eame temps, je suis habitu\u00e9e, je suis Marseillaise\u00a0: c\u2019est un sport national de combattre les tags, ici\u00a0\u00bb, a-t-elle ajout\u00e9. <strong>Comme vous pouvez le voir sur les images ci-dessous<\/strong>, le barbouillage violet ajout\u00e9 \u00e0 c\u00f4t\u00e9 de l\u2019\u0153uvre a totalement disparu\u00a0:<\/p>\n<p> La lecture de ce contenu est susceptible d\u2019entra\u00eener un d\u00e9p\u00f4t de cookies de la part de l\u2019op\u00e9rateur tiers qui l\u2019h\u00e9berge. Compte-tenu des choix que vous avez exprim\u00e9s en mati\u00e8re de d\u00e9p\u00f4t de cookies, nous avons bloqu\u00e9 l\u2019affichage de ce contenu. Si vous souhaitez y acc\u00e9der, vous devez accepter la cat\u00e9gorie de cookies \u201cContenus tiers\u201d en cliquant sur le bouton ci-dessous. <\/p>\n<p> Lire la Vid\u00e9o           <\/p>\n<p> La lecture de ce contenu est susceptible d\u2019entra\u00eener un d\u00e9p\u00f4t de cookies de la part de l\u2019op\u00e9rateur tiers qui l\u2019h\u00e9berge. Compte-tenu des choix que vous avez exprim\u00e9s en mati\u00e8re de d\u00e9p\u00f4t de cookies, nous avons bloqu\u00e9 l\u2019affichage de ce contenu. Si vous souhaitez y acc\u00e9der, vous devez accepter la cat\u00e9gorie de cookies \u201cContenus tiers\u201d en cliquant sur le bouton ci-dessous. <\/p>\n<p> Lire la Vid\u00e9o        Un street-artiste myst\u00e9rieux qui attire les foules    <\/p>\n<p class=\"asset asset-text\">Ce phare r\u00e9alis\u00e9 par le tr\u00e8s secret street-artiste avait \u00e9t\u00e9 d\u00e9couvert vendredi 30\u00a0mai dans une rue discr\u00e8te de <a href=\"https:\/\/www.huffingtonpost.fr\/sport\/article\/a-marseille-une-statue-de-bernard-tapie-devoilee-sur-le-parvis-du-stade-velodrome_250139.html\" target=\"_blank\" rel=\"noopener\">Marseille<\/a>, tout pr\u00e8s d\u2019une des plages de la deuxi\u00e8me ville de France, sur la c\u00f4te m\u00e9diterran\u00e9enne. C\u2019est l\u2019artiste lui-m\u00eame, dont l\u2019identit\u00e9 reste toujours myst\u00e9rieuse, qui avait r\u00e9v\u00e9l\u00e9 une photo de son \u0153uvre, sans faire de commentaire, sur son profil Instagram.<\/p>\n<p> La lecture de ce contenu est susceptible d\u2019entra\u00eener un d\u00e9p\u00f4t de cookies de la part de l\u2019op\u00e9rateur tiers qui l\u2019h\u00e9berge. Compte-tenu des choix que vous avez exprim\u00e9s en mati\u00e8re de d\u00e9p\u00f4t de cookies, nous avons bloqu\u00e9 l\u2019affichage de ce contenu. Si vous souhaitez y acc\u00e9der, vous devez accepter la cat\u00e9gorie de cookies \u201cContenus tiers\u201d en cliquant sur le bouton ci-dessous. <\/p>\n<p> Lire la Vid\u00e9o        <\/p>\n<p class=\"asset asset-text\">S\u2019il est aussi l\u2019auteur de tableaux et sculptures, Banksy est principalement connu pour ses pochoirs percutants qu\u2019il s\u00e8me dans les rues du monde entier, provoquant souvent l\u2019hyst\u00e9rie du public. Dimanche encore, nombreux \u00e9taient les curieux venus observer l\u2019\u0153uvre en l\u2019immortalisant sur leur portable. Les \u0153uvres de Banksy ont rapport\u00e9 plusieurs dizaines de millions de dollars, faisant de lui l\u2019un des artistes vivants les plus connus au monde. Elles portent souvent des messages puissants et provocateurs, sur des th\u00e8mes tels que la guerre, le capitalisme, le contr\u00f4le social ou encore les droits de l\u2019homme.<\/p>\n","protected":false},"excerpt":{"rendered":"VIKEN KANTARCI \/ AFP L\u2019\u0153uvre de Banksy d\u00e9voil\u00e9e \u00e0 Marseille a \u00e9t\u00e9 d\u00e9grad\u00e9e puis rapidement remise en \u00e9tat.&hellip;\n","protected":false},"author":2,"featured_media":139856,"comment_status":"","ping_status":"","sticky":false,"template":"","format":"standard","meta":{"footnotes":""},"categories":[2814],"tags":[1111,11,3734,7190,251,1777,674,1011,27,884,12,882,25,7189],"class_list":{"0":"post-144927","1":"post","2":"type-post","3":"status-publish","4":"format-standard","5":"has-post-thumbnail","7":"category-marseille","8":"tag-actu","9":"tag-actualites","10":"tag-art","11":"tag-banksy","12":"tag-culture","13":"tag-eu","14":"tag-europe","15":"tag-fr","16":"tag-france","17":"tag-marseille","18":"tag-news","19":"tag-provence-alpes-cote-dazur","20":"tag-republique-francaise","21":"tag-street-art"},"share_on_mastodon":{"url":"https:\/\/pubeurope.com\/@fr\/114610219547960642","error":""},"_links":{"self":[{"href":"https:\/\/www.europesays.com\/fr\/wp-json\/wp\/v2\/posts\/144927","targetHints":{"allow":["GET"]}}],"collection":[{"href":"https:\/\/www.europesays.com\/fr\/wp-json\/wp\/v2\/posts"}],"about":[{"href":"https:\/\/www.europesays.com\/fr\/wp-json\/wp\/v2\/types\/post"}],"author":[{"embeddable":true,"href":"https:\/\/www.europesays.com\/fr\/wp-json\/wp\/v2\/users\/2"}],"replies":[{"embeddable":true,"href":"https:\/\/www.europesays.com\/fr\/wp-json\/wp\/v2\/comments?post=144927"}],"version-history":[{"count":0,"href":"https:\/\/www.europesays.com\/fr\/wp-json\/wp\/v2\/posts\/144927\/revisions"}],"wp:featuredmedia":[{"embeddable":true,"href":"https:\/\/www.europesays.com\/fr\/wp-json\/wp\/v2\/media\/139856"}],"wp:attachment":[{"href":"https:\/\/www.europesays.com\/fr\/wp-json\/wp\/v2\/media?parent=144927"}],"wp:term":[{"taxonomy":"category","embeddable":true,"href":"https:\/\/www.europesays.com\/fr\/wp-json\/wp\/v2\/categories?post=144927"},{"taxonomy":"post_tag","embeddable":true,"href":"https:\/\/www.europesays.com\/fr\/wp-json\/wp\/v2\/tags?post=144927"}],"curies":[{"name":"wp","href":"https:\/\/api.w.org\/{rel}","templated":true}]}}