{"id":14494,"date":"2025-04-10T08:25:09","date_gmt":"2025-04-10T08:25:09","guid":{"rendered":"https:\/\/www.europesays.com\/fr\/14494\/"},"modified":"2025-04-10T08:25:09","modified_gmt":"2025-04-10T08:25:09","slug":"amateurisme-le-lafayette-prive-de-terrasse-par-la-mairie-de-lyon","status":"publish","type":"post","link":"https:\/\/www.europesays.com\/fr\/14494\/","title":{"rendered":"Amateurisme. Le Lafayette priv\u00e9 de terrasse par la Mairie de Lyon &#8211;"},"content":{"rendered":"<p>\t\t\t\t<img fetchpriority=\"high\" decoding=\"async\" width=\"900\" height=\"609\" src=\"https:\/\/www.europesays.com\/fr\/wp-content\/uploads\/2025\/04\/01-Le-Lafayette.jpg\" alt=\"\" title=\"01 Le Lafayette\"   class=\"wp-image-158137\"\/><\/p>\n<p>Submerg\u00e9 par les travaux men\u00e9s en d\u00e9pit du bon sens, \u00ab Yvette \u00bb ne peut installer sa terrasse &#8211; Photos \u00a9 Lyon People<\/p>\n<p><strong>Texte\u00a0: Morgan Couturier \u2013<\/strong> Pris dans les travaux men\u00e9s par la municipalit\u00e9, le bistrot Le Lafayette est priv\u00e9 de terrasse. En cause, la r\u00e9fection du r\u00e9seau \u00e9lectrique souhait\u00e9e par la Ville dans le cadre de la future pi\u00e9tonisation de la presqu\u2019ile.<\/p>\n<p>Alors que les ouvrages devaient finir en f\u00e9vrier 2025, la situation s\u2019\u00e9ternise, rue Ferrandi\u00e8re. Ce ne devait \u00eatre qu\u2019un mauvais moment \u00e0 passer, une m\u00e9lodie disgracieuse que la fin de l\u2019hiver emporterait avec elle. H\u00e9las, si les ouvriers et les machines ont bel et bien pli\u00e9 bagages, <a href=\"https:\/\/www.lyonpeople.com\/bar-restaurants\/le-lafayette-dans-le-top-50-des-meilleurs-bouchons-lyonnais-2024-04-16.html\" target=\"_blank\" rel=\"noopener\"><strong>Le Lafayette<\/strong><\/a> vit toujours au contact des travaux.<\/p>\n<p><strong>S\u00e9quence amateurisme de haut vol<\/strong><\/p>\n<p>En effet, deux mois apr\u00e8s le terminus programm\u00e9 des travaux (au 21 f\u00e9vrier, ndlr), le bistrot, cher \u00e0 <strong>Yves Cardonne<\/strong>, doit encore jongler avec un trou b\u00e9ant sur le trottoir voisin et une chauss\u00e9e d\u00e9figur\u00e9e. R\u00e9sultat, impossible pour le restaurateur d\u2019installer sa traditionnelle terrasse de 38 couverts. Et ce, alors que ses confr\u00e8res restaurateurs peuvent jouir tranquillement des premi\u00e8res chaleurs du Printemps.<\/p>\n<p>Comment en est-on arriv\u00e9 l\u00e0\u00a0? Restez bien assis, vous n\u2019allez pas le croire\u00a0: \u00ab\u00a0Au bout d\u2019un mois, ils se sont rendu compte qu\u2019ils avaient creus\u00e9 du mauvais c\u00f4t\u00e9 de la rue\u00a0\u00bb, r\u00e9v\u00e8le, en riant nerveusement ce bon vivant, surnomm\u00e9 \u00ab\u00a0La Yvette\u00a0\u00bb par ses habitu\u00e9s. Impuissant et d\u00e9contenanc\u00e9, ce dernier a bien tent\u00e9 de joindre la mairie de Lyon. Et l\u00e0 encore, \u00e7a a vir\u00e9 au quiproquo.<\/p>\n<p><strong>Aucune indemnit\u00e9 annonc\u00e9e <\/strong><\/p>\n<p>\u00ab\u00a0Ils m\u2019ont dit\u00a0: on va vous offrir la terrasse et un mange debout\u00a0\u00bb, raconte-t-il. Probl\u00e8me, ces mange-debout ont, depuis, \u00e9t\u00e9 interdits par la mairie. On en rirait si les effets \u00e9conomiques de cet amateurisme manifeste n\u2019\u00e9taient pas aussi importants. D\u2019autant que les indemnit\u00e9s ne sont jamais arriv\u00e9es.<\/p>\n<p><img loading=\"lazy\" decoding=\"async\" aria-describedby=\"caption-attachment-158138\" class=\"lazy lazy-hidden size-full wp-image-158138\" data-lazy-type=\"image\" src=\"https:\/\/www.europesays.com\/fr\/wp-content\/uploads\/2025\/04\/05-Le-Lafayette-1.jpg\" alt=\"\" width=\"900\" height=\"621\"  \/><\/p>\n<p id=\"caption-attachment-158138\" class=\"wp-caption-text\">La terrasse chantier du Lafayette. Port du casque obligatoire.<\/p>\n<p>\u00ab On t\u2019emp\u00eache de travailler et on ne te donne rien. Ils pensaient que l\u2019on avait install\u00e9 une terrasse en bois mais ce n\u2019est pas possible ! Vu le d\u00e9cor, qui va venir manger ? Ils sont 3 en poste pour statuer sur les crit\u00e8res des terrasses et ils ne se d\u00e9placent jamais. Mais si tu mets une table de plus, ils te tombent dessus \u00bb, regrette-t-il.<\/p>\n<p><strong>Un d\u00e9cor loin d\u2019\u00eatre app\u00e9tissant<\/strong><\/p>\n<p>Il faut dire qu\u2019entre les panneaux, les barri\u00e8res et ce crat\u00e8re disgracieux, difficile d\u2019attirer une quelconque client\u00e8le. D\u00e8s lors, m\u00eame les propositions de partager un emplacement, formul\u00e9es g\u00e9n\u00e9reusement par son voisin de commerce, le Bistrot Nectar, ne peuvent sauver son d\u00e9sarroi.<\/p>\n<p>Pire, alors que le 27 avril lui a \u00e9t\u00e9 pr\u00e9sent\u00e9, comme une date potentielle pour mettre fin \u00e0 son supplice, le restaurateur n\u2019a depuis, aucune garantie. En attendant, Yves Cardonne doit donc vivre avec ce d\u00e9cor et un\u2026 trou dans sa tr\u00e9sorerie. Mais que la client\u00e8le se rassure, l\u2019int\u00e9ress\u00e9 n\u2019a pas l\u2019intention de se d\u00e9partir de son inimitable sens de l\u2019accueil. Faute de mieux\u2026<\/p>\n","protected":false},"excerpt":{"rendered":"Submerg\u00e9 par les travaux men\u00e9s en d\u00e9pit du bon sens, \u00ab Yvette \u00bb ne peut installer sa terrasse&hellip;\n","protected":false},"author":2,"featured_media":14495,"comment_status":"","ping_status":"","sticky":false,"template":"","format":"standard","meta":{"footnotes":""},"categories":[1889],"tags":[4257,1111,11,2430,1777,674,1011,27,6274,2428,12,25],"class_list":{"0":"post-14494","1":"post","2":"type-post","3":"status-publish","4":"format-standard","5":"has-post-thumbnail","7":"category-lyon","8":"tag-0top","9":"tag-actu","10":"tag-actualites","11":"tag-auvergne-rhone-alpes","12":"tag-eu","13":"tag-europe","14":"tag-fr","15":"tag-france","16":"tag-le-lafayette","17":"tag-lyon","18":"tag-news","19":"tag-republique-francaise"},"share_on_mastodon":{"url":"https:\/\/pubeurope.com\/@fr\/114312716278472520","error":""},"_links":{"self":[{"href":"https:\/\/www.europesays.com\/fr\/wp-json\/wp\/v2\/posts\/14494","targetHints":{"allow":["GET"]}}],"collection":[{"href":"https:\/\/www.europesays.com\/fr\/wp-json\/wp\/v2\/posts"}],"about":[{"href":"https:\/\/www.europesays.com\/fr\/wp-json\/wp\/v2\/types\/post"}],"author":[{"embeddable":true,"href":"https:\/\/www.europesays.com\/fr\/wp-json\/wp\/v2\/users\/2"}],"replies":[{"embeddable":true,"href":"https:\/\/www.europesays.com\/fr\/wp-json\/wp\/v2\/comments?post=14494"}],"version-history":[{"count":0,"href":"https:\/\/www.europesays.com\/fr\/wp-json\/wp\/v2\/posts\/14494\/revisions"}],"wp:featuredmedia":[{"embeddable":true,"href":"https:\/\/www.europesays.com\/fr\/wp-json\/wp\/v2\/media\/14495"}],"wp:attachment":[{"href":"https:\/\/www.europesays.com\/fr\/wp-json\/wp\/v2\/media?parent=14494"}],"wp:term":[{"taxonomy":"category","embeddable":true,"href":"https:\/\/www.europesays.com\/fr\/wp-json\/wp\/v2\/categories?post=14494"},{"taxonomy":"post_tag","embeddable":true,"href":"https:\/\/www.europesays.com\/fr\/wp-json\/wp\/v2\/tags?post=14494"}],"curies":[{"name":"wp","href":"https:\/\/api.w.org\/{rel}","templated":true}]}}