{"id":144948,"date":"2025-06-01T21:38:08","date_gmt":"2025-06-01T21:38:08","guid":{"rendered":"https:\/\/www.europesays.com\/fr\/144948\/"},"modified":"2025-06-01T21:38:08","modified_gmt":"2025-06-01T21:38:08","slug":"pronostic-autriche-f-allemagne-f-ligue-des-nations-feminine","status":"publish","type":"post","link":"https:\/\/www.europesays.com\/fr\/144948\/","title":{"rendered":"Pronostic Autriche F Allemagne F &#8211; Ligue des Nations F\u00e9minine"},"content":{"rendered":"<p class=\"text-xs leading-5 text-gray-400 mb-2\">\n                        Publi\u00e9 le 01\/06\/2025 15:30<br \/>\n                        \u00a0par<br \/>\n                                                            <a href=\"https:\/\/www.sportytrader.com\/auteur\/steeven-occhipinti-1\/\" rel=\"nofollow noopener\" target=\"_blank\">Steeven Occhipinti<\/a><\/p>\n<p>                                                                                                            dans<br \/>\n                                <a data-trans=\"tips.published.sport %sport%\" href=\"https:\/\/www.sportytrader.com\/pronostics\/football\/\" rel=\"nofollow noopener\" target=\"_blank\"><br \/>\n                                    Pronostics Football<br \/>\n                                <\/a><\/p>\n<p style=\"text-align: justify;\">Cette derni\u00e8re journ\u00e9e de la phase de poules de la Ligue des Nations n&rsquo;aura pas le moindre enjeu pour l&rsquo;Autriche. M\u00eame si elle a connu 3 revers, elle s&rsquo;est \u00e9galement impos\u00e9e \u00e0 2 reprises dans ce groupe 1 de la Ligue A. Par 2 fois, l&rsquo;\u00e9quipe entra\u00een\u00e9e par\u00a0Alexander Schriebl a battu l&rsquo;\u00c9cosse (1-0 et 0-1). Elle est donc certaine de terminer \u00e0 la 3e place de ce groupe et de disputer un barrage de maintien pour rester en Ligue A lors de la prochaine \u00e9dition de la Ligue des Nations f\u00e9minine. L&rsquo;Autriche va tout de m\u00eame disputer sa 6e journ\u00e9e, ce mardi \u00e0 20h30. Elle va d\u00e9fier l&rsquo;Allemagne \u00e0 la\u00a0Generali Arena de Vienne.<\/p>\n<p style=\"text-align: justify;\">Comme son prochain adversaire, l&rsquo;Allemagne n&rsquo;a plus rien \u00e0 jouer ce mardi soir. La s\u00e9lection allemande s&rsquo;est lanc\u00e9e avec un score de parit\u00e9 face aux Pays-Bas (2-2), dans cette phase de poules de la Ligue des Nations. Mais depuis, elle ne laisse plus rien sur son passage. Les joueuses de\u00a0Christian Wuck se sont impos\u00e9es lors de leurs 4 rencontres suivantes. Vendredi dernier, elles sont parvenues \u00e0 s&rsquo;offrir une large victoire face aux Pays-Bas (4-0). M\u00eame si elles n&rsquo;ont que 3 points d&rsquo;avance sur les N\u00e9erlandaises avant la derni\u00e8re journ\u00e9e, elles sont certaines de terminer en t\u00eate, puisqu&rsquo;elles ont l&rsquo;avantage dans les confrontations directes. L&rsquo;Allemagne disputera donc le prochain Final Four !<\/p>\n","protected":false},"excerpt":{"rendered":"Publi\u00e9 le 01\/06\/2025 15:30 \u00a0par Steeven Occhipinti dans Pronostics Football Cette derni\u00e8re journ\u00e9e de la phase de poules&hellip;\n","protected":false},"author":2,"featured_media":144949,"comment_status":"","ping_status":"","sticky":false,"template":"","format":"standard","meta":{"footnotes":""},"categories":[1587],"tags":[11,672,27387,27386,1804,1805,1803,1777,674,1801,27388,12,1817,1821,1802],"class_list":{"0":"post-144948","1":"post","2":"type-post","3":"status-publish","4":"format-standard","5":"has-post-thumbnail","7":"category-allemagne","8":"tag-actualites","9":"tag-allemagne","10":"tag-allemagne-f","11":"tag-autriche-f","12":"tag-bundesrepublik-deutschland","13":"tag-de","14":"tag-deutschland","15":"tag-eu","16":"tag-europe","17":"tag-germany","18":"tag-ligue-des-nations-feminine","19":"tag-news","20":"tag-pronostic","21":"tag-pronostics","22":"tag-republique-federale-dallemagne"},"share_on_mastodon":{"url":"https:\/\/pubeurope.com\/@fr\/114610274723100402","error":""},"_links":{"self":[{"href":"https:\/\/www.europesays.com\/fr\/wp-json\/wp\/v2\/posts\/144948","targetHints":{"allow":["GET"]}}],"collection":[{"href":"https:\/\/www.europesays.com\/fr\/wp-json\/wp\/v2\/posts"}],"about":[{"href":"https:\/\/www.europesays.com\/fr\/wp-json\/wp\/v2\/types\/post"}],"author":[{"embeddable":true,"href":"https:\/\/www.europesays.com\/fr\/wp-json\/wp\/v2\/users\/2"}],"replies":[{"embeddable":true,"href":"https:\/\/www.europesays.com\/fr\/wp-json\/wp\/v2\/comments?post=144948"}],"version-history":[{"count":0,"href":"https:\/\/www.europesays.com\/fr\/wp-json\/wp\/v2\/posts\/144948\/revisions"}],"wp:featuredmedia":[{"embeddable":true,"href":"https:\/\/www.europesays.com\/fr\/wp-json\/wp\/v2\/media\/144949"}],"wp:attachment":[{"href":"https:\/\/www.europesays.com\/fr\/wp-json\/wp\/v2\/media?parent=144948"}],"wp:term":[{"taxonomy":"category","embeddable":true,"href":"https:\/\/www.europesays.com\/fr\/wp-json\/wp\/v2\/categories?post=144948"},{"taxonomy":"post_tag","embeddable":true,"href":"https:\/\/www.europesays.com\/fr\/wp-json\/wp\/v2\/tags?post=144948"}],"curies":[{"name":"wp","href":"https:\/\/api.w.org\/{rel}","templated":true}]}}