{"id":144950,"date":"2025-06-01T21:39:09","date_gmt":"2025-06-01T21:39:09","guid":{"rendered":"https:\/\/www.europesays.com\/fr\/144950\/"},"modified":"2025-06-01T21:39:09","modified_gmt":"2025-06-01T21:39:09","slug":"les-bleuets-vice-champions-deurope-le-portugal-sacre","status":"publish","type":"post","link":"https:\/\/www.europesays.com\/fr\/144950\/","title":{"rendered":"Les Bleuets vice-champions d\u2019Europe, le Portugal sacr\u00e9"},"content":{"rendered":"<p style=\"text-align: justify;\"><strong>CHAMPIONNAT D\u2019EUROPE DE FOOTBALL MASCULIN U17 \u2013 Il n\u2019y aura pas de quatri\u00e8me sacre continental pour l\u2019\u00e9quipe de France. Les Bleuets, trop attentistes en premi\u00e8re p\u00e9riode, ont couru apr\u00e8s le score sans r\u00e9ussir \u00e0 le renverser ni m\u00eame \u00e0 le r\u00e9duire. Le Portugal s\u2019impose 3-0 et d\u00e9croche une 7\u00e8me couronne europ\u00e9enne.<\/strong><\/p>\n<p style=\"text-align: justify;\">Il n\u2019y aura pas de parcours parfait mais s\u00fbrement quelques regrets pour les Bleuets qui ne seront jamais vraiment rentr\u00e9s dans leur finale. Si ce n\u2019est une bonne entame de deuxi\u00e8me p\u00e9riode, ils ont rapidement vu leurs espoirs de victoire s\u2019\u00e9teindre avec le troisi\u00e8me but portugais. Eux qui n\u2019en avaient jusque-l\u00e0 pas conc\u00e9der un seul dans la comp\u00e9tition.<\/p>\n<p>Les Bleuets logiquement men\u00e9s<\/p>\n<p style=\"text-align: justify;\">Les deux \u00e9quipes s\u2019\u00e9taient d\u00e9j\u00e0 affront\u00e9es une fois dans le tournoi, en phase de poules, pour <a href=\"https:\/\/dicodusport.fr\/blog\/football-euro-u17-h-le-portugal-retarde-la-qualification-en-demies-des-bleuets\/\" rel=\"nofollow noopener\" target=\"_blank\">un match nul 0-0 et tr\u00e8s ferm\u00e9<\/a> de part et d\u2019autre. Et celui-ci est parti sur les m\u00eames bases, avec des Portugais qui ont tenu le ballon mais ont tr\u00e8s peu tent\u00e9 dans la premi\u00e8re demi-heure, et des Bleuets qui ont laiss\u00e9 leurs adversaires faire le jeu, sans parvenir \u00e0 se cr\u00e9er une seule occasion. Trop spectateurs de leur finale, les joueurs de <strong>Lionel Rouxel<\/strong> ont logiquement conc\u00e9d\u00e9 l\u2019ouverture du score. <strong>Camara<\/strong> s\u2019est mis sur la trajectoire de la frappe d\u2019<strong>Anisio Cabral <\/strong>une fois mais pas deux. L\u2019attaquant a alors perfor\u00e9 <strong>Jourdren<\/strong> \u00e0 bout portant (30\u00e8me).<\/p>\n<p style=\"text-align: justify;\">L\u2019ouverture du score lusitanienne a eu le m\u00e9rite de faire na\u00eetre la premi\u00e8re tentative fran\u00e7aise du match. Un r\u00e9veil tardif et tr\u00e8s bref car les Bleuets sont vite retomb\u00e9s dans leur travers, laissant le cuir dans les pieds adverses sans davantage de pression. Dans le confort, le Portugal a rarement \u00e9t\u00e9 inqui\u00e9t\u00e9, et en a m\u00eame profit\u00e9 pour doubler la mise. La d\u00e9fense perdue sur un longue passe vers l\u2019avant, <strong>Duarte Cunha<\/strong> a pris de vitesse <strong>Diangala<\/strong> pour le 2-0. Piqu\u00e9e (enfin\u00a0!), l\u2019\u00e9quipe de France a acc\u00e9l\u00e9r\u00e9 le mouvement mais sans trouver de solution avant la pause.<\/p>\n<blockquote class=\"twitter-tweet\">\n<p dir=\"ltr\" lang=\"fr\">\u26a0\ufe0f Les Bleuets en difficult\u00e9 ! D\u00e9fense chaotique et Cunha en profite pour inscrire le 2-0 pour le Portugal avant la mi-temps \ud83c\uddf5\ud83c\uddf9 <a href=\"https:\/\/t.co\/bD3y7NHuVQ\" rel=\"nofollow\">pic.twitter.com\/bD3y7NHuVQ<\/a><\/p>\n<p>\u2014 la chaine L\u2019\u00c9quipe (@lachainelequipe) <a href=\"https:\/\/twitter.com\/lachainelequipe\/status\/1929254638257098754?ref_src=twsrc%5Etfw\" rel=\"nofollow noopener\" target=\"_blank\">June 1, 2025<\/a><\/p>\n<\/blockquote>\n<p>La France vice-championne d\u2019Europe<\/p>\n<p style=\"text-align: justify;\">Dos au mur, les Bleuets ont montr\u00e9 plus d\u2019entrain dans le deuxi\u00e8me acte. Mais c\u2019est rest\u00e9 pauvre offensivement. Difficile de casser les lignes, de contourner ce bloc portugais pour mettre en danger <strong>Romario Cunha<\/strong>, tr\u00e8s tranquille dans ses cages. Le portier n\u2019a eu qu\u2019\u00e0 \u00eatre vigilant sur une tentative d\u2019<strong>Antonio<\/strong> \u00e0 la 69\u00e8me. Mais battus \u00e0 la r\u00e9cup\u00e9ration du cuir et dans les duels, les Fran\u00e7ais avaient d\u00e9j\u00e0 \u00e9t\u00e9 mis K.O \u00e0 l\u2019heure de jeu. Entr\u00e9 sur la pelouse deux minutes plus t\u00f4t, <strong>Gil Neves<\/strong> a profit\u00e9 d\u2019une perte de balle aux abords de la surface pour rapprocher le Portugal du sacre (3-0).<\/p>\n<p style=\"text-align: justify;\">Un 7\u00e8me sacre europ\u00e9en confirm\u00e9 sans frissonner et avec une derni\u00e8re occasion dangereuse de <strong>Daniel Banjaqui<\/strong>, repouss\u00e9e sur le poteau par <strong>Ilan Jourdren<\/strong>. Un montant rendu par <strong>Paul Eymard<\/strong> dans la foul\u00e9e, mais son co\u00e9quipier <strong>Djylian Nguessan<\/strong>, tr\u00e8s peu en vue dans cette finale, \u00e9tait signal\u00e9 hors-jeu sur l\u2019action. Rien n\u2019a fonctionn\u00e9 pour les jeunes pousses tricolores ce soir, qui doivent se contenter, comme il y a deux ans, du statut de vice-champions d\u2019Europe.<\/p>\n<blockquote class=\"twitter-tweet\">\n<p dir=\"ltr\" lang=\"en\">\ud83c\uddf5\ud83c\uddf9 Portugal are the 2025 U17 EURO champions! \ud83d\udc4f<a href=\"https:\/\/twitter.com\/hashtag\/U17EURO?src=hash&amp;ref_src=twsrc%5Etfw\" rel=\"nofollow noopener\" target=\"_blank\">#U17EURO<\/a> | <a href=\"https:\/\/twitter.com\/selecaoportugal?ref_src=twsrc%5Etfw\" rel=\"nofollow noopener\" target=\"_blank\">@selecaoportugal<\/a> <a href=\"https:\/\/t.co\/4QdpKYJ0un\" rel=\"nofollow\">pic.twitter.com\/4QdpKYJ0un<\/a><\/p>\n<p>\u2014 UEFA Men\u2019s Youth (@UEFAMensYouth) <a href=\"https:\/\/twitter.com\/UEFAMensYouth\/status\/1929274251636269394?ref_src=twsrc%5Etfw\" rel=\"nofollow noopener\" target=\"_blank\">June 1, 2025<\/a><\/p>\n<\/blockquote>\n<p>\t\t\t\t\t\t\t\t\t\t\t\t\t<script async src=\"https:\/\/platform.twitter.com\/widgets.js\" charset=\"utf-8\"><\/script><\/p>\n","protected":false},"excerpt":{"rendered":"CHAMPIONNAT D\u2019EUROPE DE FOOTBALL MASCULIN U17 \u2013 Il n\u2019y aura pas de quatri\u00e8me sacre continental pour l\u2019\u00e9quipe de&hellip;\n","protected":false},"author":2,"featured_media":144951,"comment_status":"","ping_status":"","sticky":false,"template":"","format":"standard","meta":{"footnotes":""},"categories":[1586],"tags":[11,2113,1777,27389,674,1011,27,12,6996,25],"class_list":{"0":"post-144950","1":"post","2":"type-post","3":"status-publish","4":"format-standard","5":"has-post-thumbnail","7":"category-europe","8":"tag-actualites","9":"tag-breve","10":"tag-eu","11":"tag-euro-u17","12":"tag-europe","13":"tag-fr","14":"tag-france","15":"tag-news","16":"tag-portugal","17":"tag-republique-francaise"},"share_on_mastodon":{"url":"https:\/\/pubeurope.com\/@fr\/114610278788924030","error":""},"_links":{"self":[{"href":"https:\/\/www.europesays.com\/fr\/wp-json\/wp\/v2\/posts\/144950","targetHints":{"allow":["GET"]}}],"collection":[{"href":"https:\/\/www.europesays.com\/fr\/wp-json\/wp\/v2\/posts"}],"about":[{"href":"https:\/\/www.europesays.com\/fr\/wp-json\/wp\/v2\/types\/post"}],"author":[{"embeddable":true,"href":"https:\/\/www.europesays.com\/fr\/wp-json\/wp\/v2\/users\/2"}],"replies":[{"embeddable":true,"href":"https:\/\/www.europesays.com\/fr\/wp-json\/wp\/v2\/comments?post=144950"}],"version-history":[{"count":0,"href":"https:\/\/www.europesays.com\/fr\/wp-json\/wp\/v2\/posts\/144950\/revisions"}],"wp:featuredmedia":[{"embeddable":true,"href":"https:\/\/www.europesays.com\/fr\/wp-json\/wp\/v2\/media\/144951"}],"wp:attachment":[{"href":"https:\/\/www.europesays.com\/fr\/wp-json\/wp\/v2\/media?parent=144950"}],"wp:term":[{"taxonomy":"category","embeddable":true,"href":"https:\/\/www.europesays.com\/fr\/wp-json\/wp\/v2\/categories?post=144950"},{"taxonomy":"post_tag","embeddable":true,"href":"https:\/\/www.europesays.com\/fr\/wp-json\/wp\/v2\/tags?post=144950"}],"curies":[{"name":"wp","href":"https:\/\/api.w.org\/{rel}","templated":true}]}}