{"id":144955,"date":"2025-06-01T21:42:10","date_gmt":"2025-06-01T21:42:10","guid":{"rendered":"https:\/\/www.europesays.com\/fr\/144955\/"},"modified":"2025-06-01T21:42:10","modified_gmt":"2025-06-01T21:42:10","slug":"dans-le-var-un-homme-tue-de-cinq-balles-son-voisin-tunisien-et-diffuse-des-videos-racistes-liberation","status":"publish","type":"post","link":"https:\/\/www.europesays.com\/fr\/144955\/","title":{"rendered":"Dans le Var, un homme tue de cinq balles son voisin tunisien et diffuse des vid\u00e9os racistes \u2013 Lib\u00e9ration"},"content":{"rendered":"<p class=\"sc-ksZaOG ehjQrN text-element\">Un homme, de nationalit\u00e9 fran\u00e7aise, a tu\u00e9 samedi dans la soir\u00e9e \u00e0 Puget-sur-Argens (Var) l\u2019un de ses voisins, de nationalit\u00e9 tunisienne, et en a bless\u00e9 un autre, de nationalit\u00e9 turque, tout en postant des vid\u00e9os racistes, a indiqu\u00e9 dimanche le procureur de Draguignan, Pierre Couttenier.<\/p>\n<p class=\"sc-ksZaOG ehjQrN text-element\">Alert\u00e9 par la compagne du suspect de 53 ans, les militaires de la gendarmerie nationale ont fait appel \u00e0 l\u2019antenne GIGN d\u2019Orange pour interpeller, non loin des lieux, le suspect, qui avait pris la fuite en voiture. Plusieurs armes ont \u00e9t\u00e9 retrouv\u00e9es dans son v\u00e9hicule, \u00abde type pistolet automatique, fusil \u00e0 pompe et arme de poing\u00bb, a pr\u00e9cis\u00e9 le magistrat. \u00abL\u2019identit\u00e9 de la victime mortellement bless\u00e9e, possiblement \u00e2g\u00e9e de 35 ans, de nationalit\u00e9 tunisienne reste \u00e0 confirmer. Quant \u00e0 la victime bless\u00e9e \u00e0 la main, \u00e2g\u00e9e de 25 ans, elle est de nationalit\u00e9 turque\u00bb, a-t-il pr\u00e9cis\u00e9. Celle-ci a \u00e9t\u00e9 transport\u00e9e \u00e0 l\u2019h\u00f4pital de la ville voisine de Fr\u00e9jus. Selon une autre source, l\u2019homme d\u00e9c\u00e9d\u00e9 a \u00e9t\u00e9 atteint par cinq impacts de balle.<\/p>\n<p class=\"sc-ksZaOG ehjQrN text-element\">Adepte du tir sportif, le mis en cause a \u00abdiffus\u00e9 avant et apr\u00e8s son passage \u00e0 l\u2019acte deux vid\u00e9os sur son compte d\u2019un r\u00e9seau social au contenu raciste et haineux\u00bb, a indiqu\u00e9 le procureur de la R\u00e9publique dans son communiqu\u00e9. Il a \u00e9t\u00e9 plac\u00e9 en garde \u00e0 vue.<\/p>\n<p class=\"sc-ksZaOG ehjQrN text-element\">\u00abUne proc\u00e9dure d\u2019enqu\u00eate de flagrance des chefs de meurtre commis en raison de l\u2019appartenance ou de la non-appartenance, vraie ou suppos\u00e9e de la victime \u00e0 une ethnie, une nation, une pr\u00e9tendue race ou religion d\u00e9termin\u00e9e commis en concomitance avec un autre crime et de tentative de meurtre commis en raison de l\u2019appartenance ou de la non-appartenance, vraie ou suppos\u00e9e de la victime \u00e0 une ethnie, une nation, une pr\u00e9tendue race ou religion d\u00e9termin\u00e9e commis en concomitance\u00bb, a \u00e9t\u00e9 ouverte, a pr\u00e9cis\u00e9 le magistrat. L\u2019enqu\u00eate a \u00e9t\u00e9 confi\u00e9e \u00e0 la brigade de recherches de la gendarmerie de Draguignan.<\/p>\n","protected":false},"excerpt":{"rendered":"Un homme, de nationalit\u00e9 fran\u00e7aise, a tu\u00e9 samedi dans la soir\u00e9e \u00e0 Puget-sur-Argens (Var) l\u2019un de ses voisins,&hellip;\n","protected":false},"author":2,"featured_media":144956,"comment_status":"","ping_status":"","sticky":false,"template":"","format":"standard","meta":{"footnotes":""},"categories":[2],"tags":[11,1011,27,12,17003,25],"class_list":{"0":"post-144955","1":"post","2":"type-post","3":"status-publish","4":"format-standard","5":"has-post-thumbnail","7":"category-actualites","8":"tag-actualites","9":"tag-fr","10":"tag-france","11":"tag-news","12":"tag-provence-alpes-cote-d-azur","13":"tag-republique-francaise"},"share_on_mastodon":{"url":"https:\/\/pubeurope.com\/@fr\/114610290296230482","error":""},"_links":{"self":[{"href":"https:\/\/www.europesays.com\/fr\/wp-json\/wp\/v2\/posts\/144955","targetHints":{"allow":["GET"]}}],"collection":[{"href":"https:\/\/www.europesays.com\/fr\/wp-json\/wp\/v2\/posts"}],"about":[{"href":"https:\/\/www.europesays.com\/fr\/wp-json\/wp\/v2\/types\/post"}],"author":[{"embeddable":true,"href":"https:\/\/www.europesays.com\/fr\/wp-json\/wp\/v2\/users\/2"}],"replies":[{"embeddable":true,"href":"https:\/\/www.europesays.com\/fr\/wp-json\/wp\/v2\/comments?post=144955"}],"version-history":[{"count":0,"href":"https:\/\/www.europesays.com\/fr\/wp-json\/wp\/v2\/posts\/144955\/revisions"}],"wp:featuredmedia":[{"embeddable":true,"href":"https:\/\/www.europesays.com\/fr\/wp-json\/wp\/v2\/media\/144956"}],"wp:attachment":[{"href":"https:\/\/www.europesays.com\/fr\/wp-json\/wp\/v2\/media?parent=144955"}],"wp:term":[{"taxonomy":"category","embeddable":true,"href":"https:\/\/www.europesays.com\/fr\/wp-json\/wp\/v2\/categories?post=144955"},{"taxonomy":"post_tag","embeddable":true,"href":"https:\/\/www.europesays.com\/fr\/wp-json\/wp\/v2\/tags?post=144955"}],"curies":[{"name":"wp","href":"https:\/\/api.w.org\/{rel}","templated":true}]}}