{"id":144957,"date":"2025-06-01T21:43:10","date_gmt":"2025-06-01T21:43:10","guid":{"rendered":"https:\/\/www.europesays.com\/fr\/144957\/"},"modified":"2025-06-01T21:43:10","modified_gmt":"2025-06-01T21:43:10","slug":"ce-diplomate-americain-suggere-a-la-france-de-creer-un-etat-palestinien-sur-la-cote-dazur","status":"publish","type":"post","link":"https:\/\/www.europesays.com\/fr\/144957\/","title":{"rendered":"Ce diplomate am\u00e9ricain sugg\u00e8re \u00e0 la France de cr\u00e9er un \u00ab\u00a0\u00c9tat palestinien sur la C\u00f4te d\u2019Azur\u00a0\u00bb"},"content":{"rendered":"<p>        <img decoding=\"async\" loading=\"lazy\" src=\"https:\/\/www.europesays.com\/fr\/wp-content\/uploads\/2025\/06\/5fef87f_sirius-fs-upload-1-toq71xzzstus-1748812747313-000-42qb63u.jpg\"  width=\"728\" height=\"410\" alt=\"L\u2019ambassadeur am\u00e9ricain en Isra\u00ebl, Mike Huckabee, s\u2019est emport\u00e9 dimanche 1er juin contre la campagne men\u00e9e par la France en faveur de la reconnaissance d\u2019un \u00c9tat palestinien. (Photo d\u2019illustration)\"\/>  <\/p>\n<p>GIL COHEN-MAGEN \/ AFP<\/p>\n<p>L\u2019ambassadeur am\u00e9ricain en Isra\u00ebl, Mike Huckabee, s\u2019est emport\u00e9 dimanche 1er juin contre la campagne men\u00e9e par la France en faveur de la reconnaissance d\u2019un \u00c9tat palestinien. (Photo d\u2019illustration)<\/p>\n<p class=\"asset asset-text\">INTERNATIONAL &#8211; Une charge violente contre l\u2019Hexagone. L\u2019ambassadeur <a href=\"https:\/\/www.huffingtonpost.fr\/international\/article\/guerre-a-gaza-somme-d-accepter-la-proposition-de-treve-le-hamas-repond-a-l-emissaire-americain_250744.html\" rel=\"nofollow noopener\" target=\"_blank\">am\u00e9ricain<\/a> en Isra\u00ebl, Mike Huckabee, s\u2019est emport\u00e9 ce dimanche 1er\u00a0juin contre la campagne men\u00e9e par la France en faveur de la reconnaissance d\u2019un <a href=\"https:\/\/www.huffingtonpost.fr\/politique\/article\/macron-a-beaucoup-parle-de-la-palestine-pendant-sa-tournee-en-asie-et-pose-ses-conditions_250698.html\" rel=\"nofollow noopener\" target=\"_blank\">\u00c9tat palestinien<\/a>. Au cours d\u2019un entretien \u00e0 Fox News, il a sugg\u00e9r\u00e9 \u00e0 Paris de \u00ab\u00a0d\u00e9tacher un morceau de la\u00a0C\u00f4te\u00a0d\u2019Azur\u00a0\u00bb pour en cr\u00e9er un.<\/p>\n<p class=\"asset asset-text\">La France va copr\u00e9sider du 17 au 20\u00a0juin avec l\u2019Arabie saoudite une conf\u00e9rence internationale aux Nations Unies visant \u00e0 relancer l\u2019id\u00e9e d\u2019une<a href=\"https:\/\/www.huffingtonpost.fr\/international\/article\/guerre-israel-hamas-qu-est-ce-que-la-solution-a-deux-etats-veritable-totem-du-conflit-israelo-palestinien_224228.html\" rel=\"nofollow noopener\" target=\"_blank\"> solution \u00e0 deux \u00c9tats<\/a>, \u00e0 laquelle le gouvernement du Premier ministre isra\u00e9lien Benjamin Netanyahu s\u2019oppose fermement. La France a \u00e9galement d\u00e9clar\u00e9 qu\u2019elle pourrait elle-m\u00eame reconna\u00eetre sous condition un \u00c9tat palestinien cette ann\u00e9e.<\/p>\n<p class=\"asset asset-text\">\u00ab\u00a0Si la France est vraiment si d\u00e9termin\u00e9e \u00e0 voir un \u00c9tat palestinien, j\u2019ai une suggestion \u00e0 lui faire\u00a0: d\u00e9tacher un morceau de la\u00a0C\u00f4te\u00a0d\u2019Azur\u00a0et cr\u00e9er un \u00c9tat palestinien. Ils (les Fran\u00e7ais) sont les bienvenus pour faire cela, mais ils ne sont pas les bienvenus pour imposer ce genre de pression sur une nation souveraine\u00a0\u00bb, a fustig\u00e9 Mike Huckabe, l\u2019un des candidats \u00e0 l\u2019investiture r\u00e9publicaine pour l\u2019\u00e9lection pr\u00e9sidentielle am\u00e9ricaine de 2008 puis pour celle de 2016.<\/p>\n<p class=\"asset asset-text\">Pour sa part, Donald Trump avait provoqu\u00e9 un toll\u00e9 en f\u00e9vrier dernier en proposant de faire de la bande de Gaza la<a href=\"https:\/\/www.huffingtonpost.fr\/international\/video\/trump-et-gaza-rien-ne-va-dans-la-video-partagee-par-le-president-americain-sur-l-avenir-du-territoire_246729.html\" rel=\"nofollow noopener\" target=\"_blank\"> \u00ab\u00a0C\u00f4te d\u2019Azur du Moyen-Orient\u00a0\u00bb<\/a>.<\/p>\n<p>                     Extension des colonies en Cisjordanie    <\/p>\n<p class=\"asset asset-text\">Le diplomate Mike Huckabe a aussi qualifi\u00e9 la conf\u00e9rence fran\u00e7aise \u00e0 l\u2019ONU d\u2019\u00ab\u00a0incroyablement inappropri\u00e9e quand Isra\u00ebl est en pleine guerre\u00a0\u00bb. \u00ab\u00a0Le 7-Octobre a chang\u00e9 beaucoup de choses\u00a0\u00bb, a-t-il dit, faisant r\u00e9f\u00e9rence \u00e0 l\u2019attaque sans pr\u00e9c\u00e9dent du Hamas en Isra\u00ebl en 2023 qui a d\u00e9clench\u00e9 la guerre \u00e0 Gaza.<\/p>\n<p class=\"asset asset-text\">Isra\u00ebl avait, de son c\u00f4t\u00e9, accus\u00e9 vendredi le pr\u00e9sident fran\u00e7ais Emmanuel Macron de mener une \u00ab\u00a0croisade contre l\u2019\u00c9tat juif\u00a0\u00bb, apr\u00e8s qu\u2019il eut demand\u00e9 aux pays europ\u00e9ens de durcir leur position sur Isra\u00ebl si la situation humanitaire \u00e0 Gaza ne s\u2019am\u00e9liorait pas.<\/p>\n<p class=\"asset asset-text\">La veille, Isra\u00ebl avait annonc\u00e9 la cr\u00e9ation de 22 nouvelles colonies en Cisjordanie, le ministre de la D\u00e9fense Isra\u00ebl Katz promettant de construire un \u00ab\u00a0\u00c9tat isra\u00e9lien juif\u00a0\u00bb sur ce territoire palestinien occup\u00e9 depuis 1967.<\/p>\n<p class=\"asset asset-text\">Les colonies isra\u00e9liennes implant\u00e9es en Cisjordanie sont r\u00e9guli\u00e8rement condamn\u00e9es par les Nations Unies comme ill\u00e9gales en vertu du droit international, et sont consid\u00e9r\u00e9es comme un obstacle majeur \u00e0 la solution \u00e0 deux \u00c9tats. Pour Mike Huckabee, ardent d\u00e9fenseur d\u2019Isra\u00ebl, \u00ab\u00a0il n\u2019existe pas d\u2019occupation\u00a0\u00bb des territoires palestiniens.<\/p>\n","protected":false},"excerpt":{"rendered":"GIL COHEN-MAGEN \/ AFP L\u2019ambassadeur am\u00e9ricain en Isra\u00ebl, Mike Huckabee, s\u2019est emport\u00e9 dimanche 1er juin contre la campagne&hellip;\n","protected":false},"author":2,"featured_media":144958,"comment_status":"","ping_status":"","sticky":false,"template":"","format":"standard","meta":{"footnotes":""},"categories":[4],"tags":[11,3259,1011,27,665,14,664,12,25],"class_list":{"0":"post-144957","1":"post","2":"type-post","3":"status-publish","4":"format-standard","5":"has-post-thumbnail","7":"category-france","8":"tag-actualites","9":"tag-conflit-israelo-palestinien","10":"tag-fr","11":"tag-france","12":"tag-gaza","13":"tag-international","14":"tag-israel","15":"tag-news","16":"tag-republique-francaise"},"share_on_mastodon":{"url":"https:\/\/pubeurope.com\/@fr\/114610294214168387","error":""},"_links":{"self":[{"href":"https:\/\/www.europesays.com\/fr\/wp-json\/wp\/v2\/posts\/144957","targetHints":{"allow":["GET"]}}],"collection":[{"href":"https:\/\/www.europesays.com\/fr\/wp-json\/wp\/v2\/posts"}],"about":[{"href":"https:\/\/www.europesays.com\/fr\/wp-json\/wp\/v2\/types\/post"}],"author":[{"embeddable":true,"href":"https:\/\/www.europesays.com\/fr\/wp-json\/wp\/v2\/users\/2"}],"replies":[{"embeddable":true,"href":"https:\/\/www.europesays.com\/fr\/wp-json\/wp\/v2\/comments?post=144957"}],"version-history":[{"count":0,"href":"https:\/\/www.europesays.com\/fr\/wp-json\/wp\/v2\/posts\/144957\/revisions"}],"wp:featuredmedia":[{"embeddable":true,"href":"https:\/\/www.europesays.com\/fr\/wp-json\/wp\/v2\/media\/144958"}],"wp:attachment":[{"href":"https:\/\/www.europesays.com\/fr\/wp-json\/wp\/v2\/media?parent=144957"}],"wp:term":[{"taxonomy":"category","embeddable":true,"href":"https:\/\/www.europesays.com\/fr\/wp-json\/wp\/v2\/categories?post=144957"},{"taxonomy":"post_tag","embeddable":true,"href":"https:\/\/www.europesays.com\/fr\/wp-json\/wp\/v2\/tags?post=144957"}],"curies":[{"name":"wp","href":"https:\/\/api.w.org\/{rel}","templated":true}]}}