{"id":144959,"date":"2025-06-01T21:44:11","date_gmt":"2025-06-01T21:44:11","guid":{"rendered":"https:\/\/www.europesays.com\/fr\/144959\/"},"modified":"2025-06-01T21:44:11","modified_gmt":"2025-06-01T21:44:11","slug":"montchanin-sylvia-joffre-prend-les-renes-du-restaurant-du-golf","status":"publish","type":"post","link":"https:\/\/www.europesays.com\/fr\/144959\/","title":{"rendered":"Montchanin. Sylvia Joffre prend les r\u00eanes du restaurant du golf"},"content":{"rendered":"<p>Int\u00e9gr\u00e9 au club-house, le restaurant l\u2019Albatros donne sur terrain le golf de Montchanin. Depuis le 1er \u00a0 mai, l\u2019\u00e9tablissement est dirig\u00e9 par Sylvia Joffre. En plus de sa terrasse, l\u2019\u00e9tablissement poss\u00e8de une grande salle, un coin salon et un bar. Avec sa d\u00e9coration vintage (tous les travaux ont \u00e9t\u00e9 r\u00e9alis\u00e9s par les soins de Sylvia Joffre et son mari), il offre un cadre verdoyant et permet de s\u2019attabler en pleine nature. \u00ab\u00a0Selon ceux qui le fr\u00e9quentent, mon restaurant est un lieu unique, peu d\u2019endroits ont une telle vue\u00a0\u00bb, annonce Sylvia, qui, en plus d\u2019accueillir les golfeurs pour se restaurer ou simplement boire un verre, peut leur proposer de prendre un sandwich ou une planche de charcuteries-fromages&#8230;.<\/p>\n","protected":false},"excerpt":{"rendered":"Int\u00e9gr\u00e9 au club-house, le restaurant l\u2019Albatros donne sur terrain le golf de Montchanin. Depuis le 1er \u00a0 mai,&hellip;\n","protected":false},"author":2,"featured_media":144960,"comment_status":"","ping_status":"","sticky":false,"template":"","format":"standard","meta":{"footnotes":""},"categories":[1418],"tags":[4406,33,22717,107,1011,27,1472,26634,26633,60],"class_list":{"0":"post-144959","1":"post","2":"type-post","3":"status-publish","4":"format-standard","5":"has-post-thumbnail","7":"category-golf","8":"tag-commerce-et-services","9":"tag-economie","10":"tag-edition-le-creusot","11":"tag-fil-info","12":"tag-fr","13":"tag-france","14":"tag-golf","15":"tag-le-creusot-bassin","16":"tag-montchanin","17":"tag-sports"},"share_on_mastodon":{"url":"https:\/\/pubeurope.com\/@fr\/114610298101792069","error":""},"_links":{"self":[{"href":"https:\/\/www.europesays.com\/fr\/wp-json\/wp\/v2\/posts\/144959","targetHints":{"allow":["GET"]}}],"collection":[{"href":"https:\/\/www.europesays.com\/fr\/wp-json\/wp\/v2\/posts"}],"about":[{"href":"https:\/\/www.europesays.com\/fr\/wp-json\/wp\/v2\/types\/post"}],"author":[{"embeddable":true,"href":"https:\/\/www.europesays.com\/fr\/wp-json\/wp\/v2\/users\/2"}],"replies":[{"embeddable":true,"href":"https:\/\/www.europesays.com\/fr\/wp-json\/wp\/v2\/comments?post=144959"}],"version-history":[{"count":0,"href":"https:\/\/www.europesays.com\/fr\/wp-json\/wp\/v2\/posts\/144959\/revisions"}],"wp:featuredmedia":[{"embeddable":true,"href":"https:\/\/www.europesays.com\/fr\/wp-json\/wp\/v2\/media\/144960"}],"wp:attachment":[{"href":"https:\/\/www.europesays.com\/fr\/wp-json\/wp\/v2\/media?parent=144959"}],"wp:term":[{"taxonomy":"category","embeddable":true,"href":"https:\/\/www.europesays.com\/fr\/wp-json\/wp\/v2\/categories?post=144959"},{"taxonomy":"post_tag","embeddable":true,"href":"https:\/\/www.europesays.com\/fr\/wp-json\/wp\/v2\/tags?post=144959"}],"curies":[{"name":"wp","href":"https:\/\/api.w.org\/{rel}","templated":true}]}}