{"id":14496,"date":"2025-04-10T08:26:08","date_gmt":"2025-04-10T08:26:08","guid":{"rendered":"https:\/\/www.europesays.com\/fr\/14496\/"},"modified":"2025-04-10T08:26:08","modified_gmt":"2025-04-10T08:26:08","slug":"le-cycliste-meurt-de-ses-blessures","status":"publish","type":"post","link":"https:\/\/www.europesays.com\/fr\/14496\/","title":{"rendered":"le cycliste meurt de ses blessures"},"content":{"rendered":"<p>            Par<br \/>\n        <strong><br \/>\n            <a href=\"https:\/\/actu.fr\/auteur\/theo-zuili\" title=\"Consulter tous les articles de Th\u00e9o Zuili\" rel=\"nofollow noopener\" target=\"_blank\">Th\u00e9o Zuili<\/a><br \/>\n        <\/strong><\/p>\n<p>        Publi\u00e9 le<\/p>\n<p>            10 avr. 2025 \u00e0 10h20        <\/p>\n<p>L\u2019issue est tragique. Le cycliste de 60 ans <a href=\"https:\/\/actu.fr\/auvergne-rhone-alpes\/lyon_69123\/lyon-un-accident-de-la-route-cycliste-pieton-fait-un-blesse-grave-en-urgence-absolue_62484287.html\" rel=\"nofollow noopener\" target=\"_blank\">victime d\u2019un accident de la route ce mardi 8 avril<\/a> 2025 dans le 5\u1d49 arrondissement de <a href=\"https:\/\/actu.fr\/auvergne-rhone-alpes\/lyon_69123\" rel=\"nofollow noopener\" target=\"_blank\">Lyon<\/a> est <strong>d\u00e9c\u00e9d\u00e9 des suites de ses blessures<\/strong>, rapporte <a href=\"https:\/\/www.leprogres.fr\/faits-divers-justice\/2025\/04\/09\/le-cycliste-blesse-lors-d-une-collision-avec-un-pieton-est-decede\" rel=\"nofollow noopener\" target=\"_blank\">Le Progr\u00e8s<\/a>. L\u2019information a \u00e9t\u00e9 confirm\u00e9e ce mercredi 9 avril.<\/p>\n<p class=\" wall-content\">L\u2019accident s\u2019est produit vers 15h30, dans des circonstances encore floues. Le cycliste aurait percut\u00e9 un pi\u00e9ton alors qu\u2019il circulait sur cet axe en pente.<\/p>\n<p>Une collision violente<\/p>\n<p class=\" wall-content\">Selon les pompiers, le cycliste \u00e9tait en arr\u00eat cardio-respiratoire \u00e0 leur arriv\u00e9e, rue du Commandant-Charcot. Il a \u00e9t\u00e9<strong> r\u00e9anim\u00e9 sur place<\/strong> et transport\u00e9 \u00e0 l\u2019h\u00f4pital dans un \u00e9tat critique, en urgence absolue. Il n\u2019a finalement pas surv\u00e9cu.<\/p>\n<p class=\" wall-content\">Le pi\u00e9ton, de son c\u00f4t\u00e9, n\u2019a pas \u00e9t\u00e9 gravement bless\u00e9 selon les premi\u00e8res informations.<\/p>\n<p class=\" wall-content\">Les circonstances exactes de l\u2019accident restent \u00e0 d\u00e9terminer. Une enqu\u00eate a \u00e9t\u00e9 ouverte pour \u00e9tablir les responsabilit\u00e9s. La rue du Commandant-Charcot est connue pour sa pente raide et ses travers\u00e9es pi\u00e9tonnes parfois peu visibles.<\/p>\n<p>Vid\u00e9os : en ce moment sur Actu<\/p>\n<p class=\" wall-content\">Suivez toute l\u2019actualit\u00e9 de vos villes et m\u00e9dias favoris en vous inscrivant \u00e0 <a href=\"https:\/\/moncompte.actu.fr\" title=\"D\u00e9couvez Mon Actu\" rel=\"nofollow noopener\" data-trk=\"{&quot;cta&quot;:{&quot;action&quot;:&quot;https:\\\/\\\/moncompte.actu.fr&quot;,&quot;category&quot;:&quot;mon compte&quot;,&quot;from&quot;:&quot;article footer&quot;,&quot;name&quot;:&quot;Mon actu&quot;,&quot;type&quot;:&quot;cta&quot;}}\" target=\"_blank\">Mon Actu<\/a>.<\/p>\n","protected":false},"excerpt":{"rendered":"Par Th\u00e9o Zuili Publi\u00e9 le 10 avr. 2025 \u00e0 10h20 L\u2019issue est tragique. Le cycliste de 60 ans&hellip;\n","protected":false},"author":2,"featured_media":14497,"comment_status":"","ping_status":"","sticky":false,"template":"","format":"standard","meta":{"footnotes":""},"categories":[1889],"tags":[119,1111,11,2430,1777,674,118,1011,27,2428,12,25,208],"class_list":{"0":"post-14496","1":"post","2":"type-post","3":"status-publish","4":"format-standard","5":"has-post-thumbnail","7":"category-lyon","8":"tag-accident","9":"tag-actu","10":"tag-actualites","11":"tag-auvergne-rhone-alpes","12":"tag-eu","13":"tag-europe","14":"tag-faits-divers","15":"tag-fr","16":"tag-france","17":"tag-lyon","18":"tag-news","19":"tag-republique-francaise","20":"tag-velo"},"share_on_mastodon":{"url":"https:\/\/pubeurope.com\/@fr\/114312720196467970","error":""},"_links":{"self":[{"href":"https:\/\/www.europesays.com\/fr\/wp-json\/wp\/v2\/posts\/14496","targetHints":{"allow":["GET"]}}],"collection":[{"href":"https:\/\/www.europesays.com\/fr\/wp-json\/wp\/v2\/posts"}],"about":[{"href":"https:\/\/www.europesays.com\/fr\/wp-json\/wp\/v2\/types\/post"}],"author":[{"embeddable":true,"href":"https:\/\/www.europesays.com\/fr\/wp-json\/wp\/v2\/users\/2"}],"replies":[{"embeddable":true,"href":"https:\/\/www.europesays.com\/fr\/wp-json\/wp\/v2\/comments?post=14496"}],"version-history":[{"count":0,"href":"https:\/\/www.europesays.com\/fr\/wp-json\/wp\/v2\/posts\/14496\/revisions"}],"wp:featuredmedia":[{"embeddable":true,"href":"https:\/\/www.europesays.com\/fr\/wp-json\/wp\/v2\/media\/14497"}],"wp:attachment":[{"href":"https:\/\/www.europesays.com\/fr\/wp-json\/wp\/v2\/media?parent=14496"}],"wp:term":[{"taxonomy":"category","embeddable":true,"href":"https:\/\/www.europesays.com\/fr\/wp-json\/wp\/v2\/categories?post=14496"},{"taxonomy":"post_tag","embeddable":true,"href":"https:\/\/www.europesays.com\/fr\/wp-json\/wp\/v2\/tags?post=14496"}],"curies":[{"name":"wp","href":"https:\/\/api.w.org\/{rel}","templated":true}]}}