{"id":144961,"date":"2025-06-01T21:45:09","date_gmt":"2025-06-01T21:45:09","guid":{"rendered":"https:\/\/www.europesays.com\/fr\/144961\/"},"modified":"2025-06-01T21:45:09","modified_gmt":"2025-06-01T21:45:09","slug":"les-suissesses-simposent-facilement-rts-ch","status":"publish","type":"post","link":"https:\/\/www.europesays.com\/fr\/144961\/","title":{"rendered":"Les Suissesses s&rsquo;imposent facilement &#8211; rts.ch"},"content":{"rendered":"\n<p>L&rsquo;\u00e9quipe de Suisse f\u00e9minine a d\u00e9but\u00e9 l&rsquo;European Silver League par deux solides victoires. Apr\u00e8s avoir battu le Luxembourg 3-0 samedi, l&rsquo;\u00e9quipe de la coach Lauren Bertolacci a \u00e9cras\u00e9 la Mac\u00e9doine du Nord \u00e0 Strumica.\u00a0<\/p>\n<p>Les Helv\u00e8tes se sont impos\u00e9es 25-7 25-16 25-6. Elles disputeront leurs deux prochains matchs devant leur public. Elles recevront l&rsquo;Islande vendredi prochain \u00e0 Sch\u00f6nenwerd et Isra\u00ebl deux jours plus tard. Ce format, avec un total de trois mini-tournois, sert de pr\u00e9paration aux Suissesses pour la deuxi\u00e8me partie des qualifications pour le Championnat d&rsquo;Europe (du 6 au 10 ao\u00fbt).<\/p>\n<p class=\"sources\">ats\/efas<\/p>\n<p>   Publi\u00e9  \u00e0 21:29   <\/p>\n","protected":false},"excerpt":{"rendered":"L&rsquo;\u00e9quipe de Suisse f\u00e9minine a d\u00e9but\u00e9 l&rsquo;European Silver League par deux solides victoires. Apr\u00e8s avoir battu le Luxembourg&hellip;\n","protected":false},"author":2,"featured_media":144962,"comment_status":"","ping_status":"","sticky":false,"template":"","format":"standard","meta":{"footnotes":""},"categories":[1417],"tags":[3062,1011,27,3100,15831,24705,517,60,27390,1264,1470,1632,1469],"class_list":{"0":"post-144961","1":"post","2":"type-post","3":"status-publish","4":"format-standard","5":"has-post-thumbnail","7":"category-volley","8":"tag-autres-sports","9":"tag-fr","10":"tag-france","11":"tag-lauren-bertolacci","12":"tag-luxembourg","13":"tag-macedoine-du-nord","14":"tag-sport","15":"tag-sports","16":"tag-suisses","17":"tag-victoire","18":"tag-volley","19":"tag-volley-ball","20":"tag-volleyball"},"share_on_mastodon":{"url":"https:\/\/pubeurope.com\/@fr\/114610302065467030","error":""},"_links":{"self":[{"href":"https:\/\/www.europesays.com\/fr\/wp-json\/wp\/v2\/posts\/144961","targetHints":{"allow":["GET"]}}],"collection":[{"href":"https:\/\/www.europesays.com\/fr\/wp-json\/wp\/v2\/posts"}],"about":[{"href":"https:\/\/www.europesays.com\/fr\/wp-json\/wp\/v2\/types\/post"}],"author":[{"embeddable":true,"href":"https:\/\/www.europesays.com\/fr\/wp-json\/wp\/v2\/users\/2"}],"replies":[{"embeddable":true,"href":"https:\/\/www.europesays.com\/fr\/wp-json\/wp\/v2\/comments?post=144961"}],"version-history":[{"count":0,"href":"https:\/\/www.europesays.com\/fr\/wp-json\/wp\/v2\/posts\/144961\/revisions"}],"wp:featuredmedia":[{"embeddable":true,"href":"https:\/\/www.europesays.com\/fr\/wp-json\/wp\/v2\/media\/144962"}],"wp:attachment":[{"href":"https:\/\/www.europesays.com\/fr\/wp-json\/wp\/v2\/media?parent=144961"}],"wp:term":[{"taxonomy":"category","embeddable":true,"href":"https:\/\/www.europesays.com\/fr\/wp-json\/wp\/v2\/categories?post=144961"},{"taxonomy":"post_tag","embeddable":true,"href":"https:\/\/www.europesays.com\/fr\/wp-json\/wp\/v2\/tags?post=144961"}],"curies":[{"name":"wp","href":"https:\/\/api.w.org\/{rel}","templated":true}]}}